{"id":8794,"date":"2012-11-01T16:10:18","date_gmt":"2012-11-01T16:10:18","guid":{"rendered":"http:\/\/blog.eltras.sk\/?p=318"},"modified":"2012-11-01T16:10:18","modified_gmt":"2012-11-01T16:10:18","slug":"sviatok-vsetkych-svatych","status":"publish","type":"post","link":"https:\/\/www.farakostolna.sk\/?p=8794","title":{"rendered":"Sviatok v\u0161etk\u00fdch sv\u00e4t\u00fdch"},"content":{"rendered":"<div id=\"imCellStyle_134\">\n<div id=\"imTextObject_134\">\n<p><a href=\"http:\/\/blog.eltras.sk\/wp-content\/uploads\/2013\/02\/02112012205.jpg\"><img loading=\"lazy\" decoding=\"async\" class=\"size-medium wp-image-320 alignleft\" alt=\"02112012205\" src=\"http:\/\/blog.eltras.sk\/wp-content\/uploads\/2013\/02\/02112012205-300x225.jpg\" width=\"300\" height=\"225\" \/><\/a><\/p>\n<p><b>1. novembra 2012<\/b> v predve\u010der \u201eDu\u0161i\u010diek\u201c sme op\u00e4\u0165 nav\u0161t\u00edvili na\u0161e cintor\u00edny, aby sme sa v spojen\u00ed s na\u0161ou osl\u00e1venou cirkvou v nebi modlili za du\u0161e v o\u010disci. <!--more-->Takto to vyzeralo na cintor\u00edne v Hrubom \u0160\u00fare&#8230;<\/p>\n<p><a title=\"foto:lg\" href=\"https:\/\/picasaweb.google.com\/116452041008470663687\/SviatokVsetkychSvatych\" target=\"_blank\" rel=\"noopener noreferrer\">foto:<\/a><\/p>\n<\/div>\n<\/div>\n","protected":false},"excerpt":{"rendered":"<p>1. novembra 2012 v predve\u010der \u201eDu\u0161i\u010diek\u201c sme op\u00e4\u0165 nav\u0161t\u00edvili na\u0161e cintor\u00edny, aby sme sa v spojen\u00ed s na\u0161ou osl\u00e1venou cirkvou v nebi modlili za du\u0161e v o\u010disci.<\/p>\n","protected":false},"author":1,"featured_media":797,"comment_status":"closed","ping_status":"closed","sticky":false,"template":"","format":"standard","meta":{"footnotes":""},"categories":[5],"tags":[24],"class_list":{"0":"entry","1":"post","2":"publish","3":"author-marian-jasenoveceltras-sk","4":"has-excerpt","5":"has-more-link","6":"post-8794","8":"format-standard","9":"has-post-thumbnail","10":"category-aktuality","11":"post_tag-aktuality"},"_links":{"self":[{"href":"https:\/\/www.farakostolna.sk\/index.php?rest_route=\/wp\/v2\/posts\/8794","targetHints":{"allow":["GET"]}}],"collection":[{"href":"https:\/\/www.farakostolna.sk\/index.php?rest_route=\/wp\/v2\/posts"}],"about":[{"href":"https:\/\/www.farakostolna.sk\/index.php?rest_route=\/wp\/v2\/types\/post"}],"author":[{"embeddable":true,"href":"https:\/\/www.farakostolna.sk\/index.php?rest_route=\/wp\/v2\/users\/1"}],"replies":[{"embeddable":true,"href":"https:\/\/www.farakostolna.sk\/index.php?rest_route=%2Fwp%2Fv2%2Fcomments&post=8794"}],"version-history":[{"count":0,"href":"https:\/\/www.farakostolna.sk\/index.php?rest_route=\/wp\/v2\/posts\/8794\/revisions"}],"wp:featuredmedia":[{"embeddable":true,"href":"https:\/\/www.farakostolna.sk\/index.php?rest_route=\/wp\/v2\/media\/797"}],"wp:attachment":[{"href":"https:\/\/www.farakostolna.sk\/index.php?rest_route=%2Fwp%2Fv2%2Fmedia&parent=8794"}],"wp:term":[{"taxonomy":"category","embeddable":true,"href":"https:\/\/www.farakostolna.sk\/index.php?rest_route=%2Fwp%2Fv2%2Fcategories&post=8794"},{"taxonomy":"post_tag","embeddable":true,"href":"https:\/\/www.farakostolna.sk\/index.php?rest_route=%2Fwp%2Fv2%2Ftags&post=8794"}],"curies":[{"name":"wp","href":"https:\/\/api.w.org\/{rel}","templated":true}]}}