{"id":8793,"date":"2011-06-19T08:14:10","date_gmt":"2011-06-19T08:14:10","guid":{"rendered":"http:\/\/blog.eltras.sk\/?p=778"},"modified":"2011-06-19T08:14:10","modified_gmt":"2011-06-19T08:14:10","slug":"medzugorje","status":"publish","type":"post","link":"https:\/\/www.farakostolna.sk\/?p=8793","title":{"rendered":"Med\u017eugorje"},"content":{"rendered":"<p>\t\t\t\t<a href=\"http:\/\/blog.eltras.sk\/wp-content\/uploads\/2013\/03\/IMG_0162.jpg\"><img loading=\"lazy\" decoding=\"async\" class=\"size-thumbnail wp-image-779 alignleft\" alt=\"IMG_0162\" src=\"http:\/\/blog.eltras.sk\/wp-content\/uploads\/2013\/03\/IMG_0162-150x150.jpg\" width=\"150\" height=\"150\" \/><\/a><\/p>\n<p><b>Od 12. do 18. j\u00fana 2011<\/b> sme boli na p\u00fati v Med\u017eugorji. Ani tentoraz k\u00fapanie v mori nech\u00fdbalo. No prostredie modlitby a ticha, ktor\u00e9 sme objavili v skalnom \u00fadol\u00ed Hercegoviny, bolo pre n\u00e1s t\u00fdm najlep\u0161\u00edm pookriat\u00edm pre du\u0161u i telo. <a title=\"foto:\" href=\"https:\/\/picasaweb.google.com\/116452041008470663687\/Medzugorje2011\" target=\"_blank\" rel=\"noopener noreferrer\">foto:<\/a>\t\t\t\t<\/p>\n","protected":false},"excerpt":{"rendered":"<p>Od 12. do 18. j\u00fana 2011 sme boli na p\u00fati v Med\u017eugorji. Ani tentoraz k\u00fapanie v mori nech\u00fdbalo. No prostredie modlitby a ticha, ktor\u00e9 sme objavili v skalnom \u00fadol\u00ed Hercegoviny, bolo pre n\u00e1s t\u00fdm najlep\u0161\u00edm pookriat\u00edm pre du\u0161u i telo. foto:<\/p>\n","protected":false},"author":1,"featured_media":780,"comment_status":"open","ping_status":"open","sticky":false,"template":"","format":"standard","meta":{"footnotes":""},"categories":[5],"tags":[24],"class_list":{"0":"entry","1":"post","2":"publish","3":"author-marian-jasenoveceltras-sk","4":"has-excerpt","5":"post-8793","7":"format-standard","8":"has-post-thumbnail","9":"category-aktuality","10":"post_tag-aktuality"},"_links":{"self":[{"href":"https:\/\/www.farakostolna.sk\/index.php?rest_route=\/wp\/v2\/posts\/8793","targetHints":{"allow":["GET"]}}],"collection":[{"href":"https:\/\/www.farakostolna.sk\/index.php?rest_route=\/wp\/v2\/posts"}],"about":[{"href":"https:\/\/www.farakostolna.sk\/index.php?rest_route=\/wp\/v2\/types\/post"}],"author":[{"embeddable":true,"href":"https:\/\/www.farakostolna.sk\/index.php?rest_route=\/wp\/v2\/users\/1"}],"replies":[{"embeddable":true,"href":"https:\/\/www.farakostolna.sk\/index.php?rest_route=%2Fwp%2Fv2%2Fcomments&post=8793"}],"version-history":[{"count":0,"href":"https:\/\/www.farakostolna.sk\/index.php?rest_route=\/wp\/v2\/posts\/8793\/revisions"}],"wp:featuredmedia":[{"embeddable":true,"href":"https:\/\/www.farakostolna.sk\/index.php?rest_route=\/wp\/v2\/media\/780"}],"wp:attachment":[{"href":"https:\/\/www.farakostolna.sk\/index.php?rest_route=%2Fwp%2Fv2%2Fmedia&parent=8793"}],"wp:term":[{"taxonomy":"category","embeddable":true,"href":"https:\/\/www.farakostolna.sk\/index.php?rest_route=%2Fwp%2Fv2%2Fcategories&post=8793"},{"taxonomy":"post_tag","embeddable":true,"href":"https:\/\/www.farakostolna.sk\/index.php?rest_route=%2Fwp%2Fv2%2Ftags&post=8793"}],"curies":[{"name":"wp","href":"https:\/\/api.w.org\/{rel}","templated":true}]}}