{"id":8792,"date":"2011-06-27T13:24:38","date_gmt":"2011-06-27T13:24:38","guid":{"rendered":"http:\/\/blog.eltras.sk\/?p=664"},"modified":"2011-06-27T13:24:38","modified_gmt":"2011-06-27T13:24:38","slug":"sviatok-bozieho-tela","status":"publish","type":"post","link":"https:\/\/www.farakostolna.sk\/?p=8792","title":{"rendered":"Sviatok Bo\u017eieho tela"},"content":{"rendered":"<p>\t\t\t\t<a href=\"http:\/\/blog.eltras.sk\/wp-content\/uploads\/2013\/02\/P1010086.jpg\"><img loading=\"lazy\" decoding=\"async\" class=\"size-thumbnail wp-image-665 alignleft\" alt=\"P1010086\" src=\"http:\/\/blog.eltras.sk\/wp-content\/uploads\/2013\/02\/P1010086-150x150.jpg\" width=\"150\" height=\"150\"><\/a><\/p>\n<p><b>26. j\u00fana 2011<\/b> sme aj v na\u0161ej farnosti niesli v kr\u00e1snej v\u00fdzdobe a s radostn\u00fdm spevom Eucharistick\u00e9ho Krista po uliciach farnosti. Aj tentoraz si veriaci na pr\u00edprave olt\u00e1rikov dali ve\u013emi z\u00e1le\u017ea\u0165. <a title=\"foto:\" href=\"https:\/\/picasaweb.google.com\/116452041008470663687\/SviatokBoziehoTela\" target=\"_blank\" rel=\"noopener noreferrer\">foto:<\/a>\t\t\t\t<\/p>\n","protected":false},"excerpt":{"rendered":"<p>26. j\u00fana 2011 sme aj v na\u0161ej farnosti niesli v kr\u00e1snej v\u00fdzdobe a s radostn\u00fdm spevom Eucharistick\u00e9ho Krista po uliciach farnosti. Aj tentoraz si veriaci na pr\u00edprave olt\u00e1rikov dali ve\u013emi z\u00e1le\u017ea\u0165. foto:<\/p>\n","protected":false},"author":1,"featured_media":691,"comment_status":"closed","ping_status":"closed","sticky":false,"template":"","format":"standard","meta":{"footnotes":""},"categories":[5],"tags":[24],"class_list":{"0":"entry","1":"post","2":"publish","3":"author-marian-jasenoveceltras-sk","4":"has-excerpt","5":"post-8792","7":"format-standard","8":"has-post-thumbnail","9":"category-aktuality","10":"post_tag-aktuality"},"_links":{"self":[{"href":"https:\/\/www.farakostolna.sk\/index.php?rest_route=\/wp\/v2\/posts\/8792","targetHints":{"allow":["GET"]}}],"collection":[{"href":"https:\/\/www.farakostolna.sk\/index.php?rest_route=\/wp\/v2\/posts"}],"about":[{"href":"https:\/\/www.farakostolna.sk\/index.php?rest_route=\/wp\/v2\/types\/post"}],"author":[{"embeddable":true,"href":"https:\/\/www.farakostolna.sk\/index.php?rest_route=\/wp\/v2\/users\/1"}],"replies":[{"embeddable":true,"href":"https:\/\/www.farakostolna.sk\/index.php?rest_route=%2Fwp%2Fv2%2Fcomments&post=8792"}],"version-history":[{"count":0,"href":"https:\/\/www.farakostolna.sk\/index.php?rest_route=\/wp\/v2\/posts\/8792\/revisions"}],"wp:featuredmedia":[{"embeddable":true,"href":"https:\/\/www.farakostolna.sk\/index.php?rest_route=\/wp\/v2\/media\/691"}],"wp:attachment":[{"href":"https:\/\/www.farakostolna.sk\/index.php?rest_route=%2Fwp%2Fv2%2Fmedia&parent=8792"}],"wp:term":[{"taxonomy":"category","embeddable":true,"href":"https:\/\/www.farakostolna.sk\/index.php?rest_route=%2Fwp%2Fv2%2Fcategories&post=8792"},{"taxonomy":"post_tag","embeddable":true,"href":"https:\/\/www.farakostolna.sk\/index.php?rest_route=%2Fwp%2Fv2%2Ftags&post=8792"}],"curies":[{"name":"wp","href":"https:\/\/api.w.org\/{rel}","templated":true}]}}