{"id":8791,"date":"2011-07-17T13:22:03","date_gmt":"2011-07-17T13:22:03","guid":{"rendered":"http:\/\/blog.eltras.sk\/?p=660"},"modified":"2011-07-17T13:22:03","modified_gmt":"2011-07-17T13:22:03","slug":"letny-rim","status":"publish","type":"post","link":"https:\/\/www.farakostolna.sk\/?p=8791","title":{"rendered":"Letn\u00fd R\u00edm"},"content":{"rendered":"<p>\t\t\t\t<a href=\"http:\/\/blog.eltras.sk\/wp-content\/uploads\/2013\/02\/SAM_0331.jpg\"><img loading=\"lazy\" decoding=\"async\" class=\"size-thumbnail wp-image-661 alignleft\" alt=\"SAM_0331\" src=\"http:\/\/blog.eltras.sk\/wp-content\/uploads\/2013\/02\/SAM_0331-150x150.jpg\" width=\"150\" height=\"150\" \/><\/a><\/p>\n<p><b>Od 10. do 16. j\u00fala 2011<\/b> sme op\u00e4\u0165 nav\u0161t\u00edvili najkraj\u0161ie miesta Talianska. V Assisi sme \u010derpali z duchovn\u00e9ho odkazu sv. Franti\u0161ka, v R\u00edme sme boli un\u00e1\u0161an\u00ed hrdinskou odvahou kres\u0165anov mnoh\u00fdch st\u00e1ro\u010d\u00ed a v Orviete sme zabudli zatvori\u0165 \u00fasta pri poh\u013eade na prekr\u00e1snu katedr\u00e1lu, v ktorej sa uchov\u00e1va eucharistick\u00fd z\u00e1zrak . Obr. pr\u00edloha <a title=\"foto:\" href=\"https:\/\/picasaweb.google.com\/116452041008470663687\/LetnyRim\" target=\"_blank\" rel=\"noopener noreferrer\">foto:<\/a>\t\t\t\t<\/p>\n","protected":false},"excerpt":{"rendered":"<p>Od 10. do 16. j\u00fala 2011 sme op\u00e4\u0165 nav\u0161t\u00edvili najkraj\u0161ie miesta Talianska. V Assisi sme \u010derpali z duchovn\u00e9ho odkazu sv. Franti\u0161ka, v R\u00edme sme boli un\u00e1\u0161an\u00ed hrdinskou odvahou kres\u0165anov mnoh\u00fdch st\u00e1ro\u010d\u00ed a v Orviete sme zabudli zatvori\u0165 \u00fasta pri poh\u013eade na prekr\u00e1snu katedr\u00e1lu, v ktorej sa uchov\u00e1va eucharistick\u00fd z\u00e1zrak . Obr. pr\u00edloha foto:<\/p>\n","protected":false},"author":1,"featured_media":695,"comment_status":"closed","ping_status":"closed","sticky":false,"template":"","format":"standard","meta":{"footnotes":""},"categories":[5],"tags":[24],"class_list":{"0":"entry","1":"post","2":"publish","3":"author-marian-jasenoveceltras-sk","4":"has-excerpt","5":"post-8791","7":"format-standard","8":"has-post-thumbnail","9":"category-aktuality","10":"post_tag-aktuality"},"_links":{"self":[{"href":"https:\/\/www.farakostolna.sk\/index.php?rest_route=\/wp\/v2\/posts\/8791","targetHints":{"allow":["GET"]}}],"collection":[{"href":"https:\/\/www.farakostolna.sk\/index.php?rest_route=\/wp\/v2\/posts"}],"about":[{"href":"https:\/\/www.farakostolna.sk\/index.php?rest_route=\/wp\/v2\/types\/post"}],"author":[{"embeddable":true,"href":"https:\/\/www.farakostolna.sk\/index.php?rest_route=\/wp\/v2\/users\/1"}],"replies":[{"embeddable":true,"href":"https:\/\/www.farakostolna.sk\/index.php?rest_route=%2Fwp%2Fv2%2Fcomments&post=8791"}],"version-history":[{"count":0,"href":"https:\/\/www.farakostolna.sk\/index.php?rest_route=\/wp\/v2\/posts\/8791\/revisions"}],"wp:featuredmedia":[{"embeddable":true,"href":"https:\/\/www.farakostolna.sk\/index.php?rest_route=\/wp\/v2\/media\/695"}],"wp:attachment":[{"href":"https:\/\/www.farakostolna.sk\/index.php?rest_route=%2Fwp%2Fv2%2Fmedia&parent=8791"}],"wp:term":[{"taxonomy":"category","embeddable":true,"href":"https:\/\/www.farakostolna.sk\/index.php?rest_route=%2Fwp%2Fv2%2Fcategories&post=8791"},{"taxonomy":"post_tag","embeddable":true,"href":"https:\/\/www.farakostolna.sk\/index.php?rest_route=%2Fwp%2Fv2%2Ftags&post=8791"}],"curies":[{"name":"wp","href":"https:\/\/api.w.org\/{rel}","templated":true}]}}