{"id":8789,"date":"2011-08-04T09:09:48","date_gmt":"2011-08-04T09:09:48","guid":{"rendered":"http:\/\/blog.eltras.sk\/?p=544"},"modified":"2011-08-04T09:09:48","modified_gmt":"2011-08-04T09:09:48","slug":"iv-celoslovensky-zvazovy-tabor-vo-vinici","status":"publish","type":"post","link":"https:\/\/www.farakostolna.sk\/?p=8789","title":{"rendered":"IV. celoslovensk\u00fd zv\u00e4zov\u00fd t\u00e1bor vo Vinici"},"content":{"rendered":"<p>\t\t\t\t<a href=\"http:\/\/blog.eltras.sk\/wp-content\/uploads\/2013\/02\/8.jpg\"><img loading=\"lazy\" decoding=\"async\" class=\"size-thumbnail wp-image-546 alignleft\" alt=\"8\" src=\"http:\/\/blog.eltras.sk\/wp-content\/uploads\/2013\/02\/8-150x150.jpg\" width=\"150\" height=\"150\" \/><\/a><\/p>\n<p><b>Od 25. j\u00fala do 3. augusta 2011<\/b> sa uskuto\u010dnil IV. celoslovensk\u00fd zv\u00e4zov\u00fd t\u00e1bor ma\u010farsk\u00fdch skautov vo Vinici so 600 \u00fa\u010dastn\u00edkmi, medzi ktor\u00fdmi nemohli ch\u00fdba\u0165 ani skauti z na\u0161ej farnosti. Po\u010dasie miz\u00e9ria, ale n\u00e1lada a z\u00e1\u017eitky vynikaj\u00face&#8230; <a title=\"foto:\" href=\"https:\/\/picasaweb.google.com\/116452041008470663687\/IVCeloslovenskyZvazovyTaborMadarskychSkautovVoVinici\" target=\"_blank\" rel=\"noopener noreferrer\">foto:<\/a>\t\t\t\t<\/p>\n","protected":false},"excerpt":{"rendered":"<p>Od 25. j\u00fala do 3. augusta 2011 sa uskuto\u010dnil IV. celoslovensk\u00fd zv\u00e4zov\u00fd t\u00e1bor ma\u010farsk\u00fdch skautov vo Vinici so 600 \u00fa\u010dastn\u00edkmi, medzi ktor\u00fdmi nemohli ch\u00fdba\u0165 ani skauti z na\u0161ej farnosti. Po\u010dasie miz\u00e9ria, ale n\u00e1lada a z\u00e1\u017eitky vynikaj\u00face&#8230; foto:<\/p>\n","protected":false},"author":1,"featured_media":715,"comment_status":"closed","ping_status":"closed","sticky":false,"template":"","format":"standard","meta":{"footnotes":""},"categories":[5],"tags":[24],"class_list":{"0":"entry","1":"post","2":"publish","3":"author-marian-jasenoveceltras-sk","4":"has-excerpt","5":"post-8789","7":"format-standard","8":"has-post-thumbnail","9":"category-aktuality","10":"post_tag-aktuality"},"_links":{"self":[{"href":"https:\/\/www.farakostolna.sk\/index.php?rest_route=\/wp\/v2\/posts\/8789","targetHints":{"allow":["GET"]}}],"collection":[{"href":"https:\/\/www.farakostolna.sk\/index.php?rest_route=\/wp\/v2\/posts"}],"about":[{"href":"https:\/\/www.farakostolna.sk\/index.php?rest_route=\/wp\/v2\/types\/post"}],"author":[{"embeddable":true,"href":"https:\/\/www.farakostolna.sk\/index.php?rest_route=\/wp\/v2\/users\/1"}],"replies":[{"embeddable":true,"href":"https:\/\/www.farakostolna.sk\/index.php?rest_route=%2Fwp%2Fv2%2Fcomments&post=8789"}],"version-history":[{"count":0,"href":"https:\/\/www.farakostolna.sk\/index.php?rest_route=\/wp\/v2\/posts\/8789\/revisions"}],"wp:featuredmedia":[{"embeddable":true,"href":"https:\/\/www.farakostolna.sk\/index.php?rest_route=\/wp\/v2\/media\/715"}],"wp:attachment":[{"href":"https:\/\/www.farakostolna.sk\/index.php?rest_route=%2Fwp%2Fv2%2Fmedia&parent=8789"}],"wp:term":[{"taxonomy":"category","embeddable":true,"href":"https:\/\/www.farakostolna.sk\/index.php?rest_route=%2Fwp%2Fv2%2Fcategories&post=8789"},{"taxonomy":"post_tag","embeddable":true,"href":"https:\/\/www.farakostolna.sk\/index.php?rest_route=%2Fwp%2Fv2%2Ftags&post=8789"}],"curies":[{"name":"wp","href":"https:\/\/api.w.org\/{rel}","templated":true}]}}