{"id":8788,"date":"2011-08-06T09:09:48","date_gmt":"2011-08-06T09:09:48","guid":{"rendered":"http:\/\/blog.eltras.sk\/?p=540"},"modified":"2011-08-06T09:09:48","modified_gmt":"2011-08-06T09:09:48","slug":"farsky-splav-2011","status":"publish","type":"post","link":"https:\/\/www.farakostolna.sk\/?p=8788","title":{"rendered":"Farsk\u00fd splav 2011"},"content":{"rendered":"<p>\t\t\t\t<a href=\"http:\/\/blog.eltras.sk\/wp-content\/uploads\/2013\/02\/20110806_059.jpg\"><img loading=\"lazy\" decoding=\"async\" class=\"size-thumbnail wp-image-541 alignright\" alt=\"20110806_059\" src=\"http:\/\/blog.eltras.sk\/wp-content\/uploads\/2013\/02\/20110806_059-150x150.jpg\" width=\"150\" height=\"150\" \/><\/a><\/p>\n<p><b>6. augusta 2011<\/b> sme sa vybrali splavova\u0165 Mal\u00fd Dunaj. Je to na v\u00fdnimo\u010dn\u00e9 scen\u00e9rie kr\u00e1sny a bohat\u00fd, ale miestami ve\u013emi zradn\u00fd tok rieky, ktor\u00fd lemuje na\u0161u farnos\u0165. Vekov\u00e1 kateg\u00f3ria splavuj\u00facich mala rozp\u00e4tie viac ako 60 rokov. Za\u010d\u00ednali sme pri Novej Dedinke, kotvili sme pri Vlkoch a pr\u00edstav sme na\u0161li v Jelke&#8230; <a title=\"foto:\" href=\"https:\/\/picasaweb.google.com\/116452041008470663687\/FarskySplav2011\" target=\"_blank\" rel=\"noopener noreferrer\">foto:<\/a>\t\t\t\t<\/p>\n","protected":false},"excerpt":{"rendered":"<p>6. augusta 2011 sme sa vybrali splavova\u0165 Mal\u00fd Dunaj. Je to na v\u00fdnimo\u010dn\u00e9 scen\u00e9rie kr\u00e1sny a bohat\u00fd, ale miestami ve\u013emi zradn\u00fd tok rieky, ktor\u00fd lemuje na\u0161u farnos\u0165. Vekov\u00e1 kateg\u00f3ria splavuj\u00facich mala rozp\u00e4tie viac ako 60 rokov. Za\u010d\u00ednali sme pri Novej Dedinke, kotvili sme pri Vlkoch a pr\u00edstav sme na\u0161li v Jelke&#8230; foto:<\/p>\n","protected":false},"author":1,"featured_media":713,"comment_status":"closed","ping_status":"closed","sticky":false,"template":"","format":"standard","meta":{"footnotes":""},"categories":[5],"tags":[24],"class_list":{"0":"entry","1":"post","2":"publish","3":"author-marian-jasenoveceltras-sk","4":"has-excerpt","5":"post-8788","7":"format-standard","8":"has-post-thumbnail","9":"category-aktuality","10":"post_tag-aktuality"},"_links":{"self":[{"href":"https:\/\/www.farakostolna.sk\/index.php?rest_route=\/wp\/v2\/posts\/8788","targetHints":{"allow":["GET"]}}],"collection":[{"href":"https:\/\/www.farakostolna.sk\/index.php?rest_route=\/wp\/v2\/posts"}],"about":[{"href":"https:\/\/www.farakostolna.sk\/index.php?rest_route=\/wp\/v2\/types\/post"}],"author":[{"embeddable":true,"href":"https:\/\/www.farakostolna.sk\/index.php?rest_route=\/wp\/v2\/users\/1"}],"replies":[{"embeddable":true,"href":"https:\/\/www.farakostolna.sk\/index.php?rest_route=%2Fwp%2Fv2%2Fcomments&post=8788"}],"version-history":[{"count":0,"href":"https:\/\/www.farakostolna.sk\/index.php?rest_route=\/wp\/v2\/posts\/8788\/revisions"}],"wp:featuredmedia":[{"embeddable":true,"href":"https:\/\/www.farakostolna.sk\/index.php?rest_route=\/wp\/v2\/media\/713"}],"wp:attachment":[{"href":"https:\/\/www.farakostolna.sk\/index.php?rest_route=%2Fwp%2Fv2%2Fmedia&parent=8788"}],"wp:term":[{"taxonomy":"category","embeddable":true,"href":"https:\/\/www.farakostolna.sk\/index.php?rest_route=%2Fwp%2Fv2%2Fcategories&post=8788"},{"taxonomy":"post_tag","embeddable":true,"href":"https:\/\/www.farakostolna.sk\/index.php?rest_route=%2Fwp%2Fv2%2Ftags&post=8788"}],"curies":[{"name":"wp","href":"https:\/\/api.w.org\/{rel}","templated":true}]}}