{"id":8786,"date":"2011-09-15T08:57:52","date_gmt":"2011-09-15T08:57:52","guid":{"rendered":"http:\/\/blog.eltras.sk\/?p=531"},"modified":"2011-09-15T08:57:52","modified_gmt":"2011-09-15T08:57:52","slug":"narodna-put-v-sastine","status":"publish","type":"post","link":"https:\/\/www.farakostolna.sk\/?p=8786","title":{"rendered":"N\u00e1rodn\u00e1 p\u00fa\u0165 v \u0160a\u0161t\u00edne"},"content":{"rendered":"<p>\t\t\t\t<a href=\"http:\/\/blog.eltras.sk\/wp-content\/uploads\/2013\/02\/Q2B6978.jpg\"><img loading=\"lazy\" decoding=\"async\" class=\"size-thumbnail wp-image-533 alignleft\" alt=\"_Q2B6978\" src=\"http:\/\/blog.eltras.sk\/wp-content\/uploads\/2013\/02\/Q2B6978-150x150.jpg\" width=\"150\" height=\"150\" \/><\/a><\/p>\n<p><b>15. septembra 2011<\/b> sme sa op\u00e4\u0165 po roku vybrali do \u0160a\u0161t\u00edna. N\u00e1\u0161 autobus sa tentoraz zaplnil aj s p\u00fatnikmi zo susednej farnosti Kr\u00e1\u013eov\u00e1 pri Senci. <a title=\"foto:\" href=\"https:\/\/picasaweb.google.com\/116452041008470663687\/Sastin2011\" target=\"_blank\" rel=\"noopener noreferrer\">foto:<\/a>\t\t\t\t<\/p>\n","protected":false},"excerpt":{"rendered":"<p>15. septembra 2011 sme sa op\u00e4\u0165 po roku vybrali do \u0160a\u0161t\u00edna. N\u00e1\u0161 autobus sa tentoraz zaplnil aj s p\u00fatnikmi zo susednej farnosti Kr\u00e1\u013eov\u00e1 pri Senci. foto:<\/p>\n","protected":false},"author":1,"featured_media":764,"comment_status":"closed","ping_status":"closed","sticky":false,"template":"","format":"standard","meta":{"footnotes":""},"categories":[5],"tags":[24],"class_list":{"0":"entry","1":"post","2":"publish","3":"author-marian-jasenoveceltras-sk","4":"has-excerpt","5":"post-8786","7":"format-standard","8":"has-post-thumbnail","9":"category-aktuality","10":"post_tag-aktuality"},"_links":{"self":[{"href":"https:\/\/www.farakostolna.sk\/index.php?rest_route=\/wp\/v2\/posts\/8786","targetHints":{"allow":["GET"]}}],"collection":[{"href":"https:\/\/www.farakostolna.sk\/index.php?rest_route=\/wp\/v2\/posts"}],"about":[{"href":"https:\/\/www.farakostolna.sk\/index.php?rest_route=\/wp\/v2\/types\/post"}],"author":[{"embeddable":true,"href":"https:\/\/www.farakostolna.sk\/index.php?rest_route=\/wp\/v2\/users\/1"}],"replies":[{"embeddable":true,"href":"https:\/\/www.farakostolna.sk\/index.php?rest_route=%2Fwp%2Fv2%2Fcomments&post=8786"}],"version-history":[{"count":0,"href":"https:\/\/www.farakostolna.sk\/index.php?rest_route=\/wp\/v2\/posts\/8786\/revisions"}],"wp:featuredmedia":[{"embeddable":true,"href":"https:\/\/www.farakostolna.sk\/index.php?rest_route=\/wp\/v2\/media\/764"}],"wp:attachment":[{"href":"https:\/\/www.farakostolna.sk\/index.php?rest_route=%2Fwp%2Fv2%2Fmedia&parent=8786"}],"wp:term":[{"taxonomy":"category","embeddable":true,"href":"https:\/\/www.farakostolna.sk\/index.php?rest_route=%2Fwp%2Fv2%2Fcategories&post=8786"},{"taxonomy":"post_tag","embeddable":true,"href":"https:\/\/www.farakostolna.sk\/index.php?rest_route=%2Fwp%2Fv2%2Ftags&post=8786"}],"curies":[{"name":"wp","href":"https:\/\/api.w.org\/{rel}","templated":true}]}}