{"id":8785,"date":"2011-10-01T09:09:48","date_gmt":"2011-10-01T09:09:48","guid":{"rendered":"http:\/\/blog.eltras.sk\/?p=528"},"modified":"2011-10-01T09:09:48","modified_gmt":"2011-10-01T09:09:48","slug":"vyhlasujeme-sutaz","status":"publish","type":"post","link":"https:\/\/www.farakostolna.sk\/?p=8785","title":{"rendered":"Vyhlasujeme s\u00fa\u0165a\u017e"},"content":{"rendered":"<p>\t\t\t\t<a href=\"http:\/\/blog.eltras.sk\/wp-content\/uploads\/2013\/02\/strecha-kostola.jpg\"><img loading=\"lazy\" decoding=\"async\" class=\"size-full wp-image-529 alignleft\" alt=\"strecha-kostola\" src=\"http:\/\/blog.eltras.sk\/wp-content\/uploads\/2013\/02\/strecha-kostola.jpg\" width=\"88\" height=\"71\" \/><\/a><\/p>\n<p><b>1. okt\u00f3bra 2011 <\/b>R\u00edmskokatol\u00edcky farsk\u00fd \u00farad Kostoln\u00e1 pri Dunaji vyhlasuje obchodn\u00fa verejn\u00fa s\u00fa\u0165a\u017e \u00a0na zhotovenie diela &#8211;<wbr \/> opravy strechy farsk\u00e9ho kostola v Kostolnej pri Dunaji. Viac inform\u00e1cii. <a title=\"poster:\" href=\"http:\/\/kostolna.fara.sk\/files\/sutaz.pdf\" target=\"_blank\" rel=\"noopener noreferrer\">poster:<\/a>\t\t\t\t<\/p>\n","protected":false},"excerpt":{"rendered":"<p>1. okt\u00f3bra 2011 R\u00edmskokatol\u00edcky farsk\u00fd \u00farad Kostoln\u00e1 pri Dunaji vyhlasuje obchodn\u00fa verejn\u00fa s\u00fa\u0165a\u017e \u00a0na zhotovenie diela &#8211; opravy strechy farsk\u00e9ho kostola v Kostolnej pri Dunaji. Viac inform\u00e1cii. poster:<\/p>\n","protected":false},"author":1,"featured_media":774,"comment_status":"closed","ping_status":"closed","sticky":false,"template":"","format":"link","meta":{"footnotes":""},"categories":[5],"tags":[24],"class_list":{"0":"entry","1":"post","2":"publish","3":"author-marian-jasenoveceltras-sk","4":"has-excerpt","5":"post-8785","7":"format-link","8":"has-post-thumbnail","9":"category-aktuality","10":"post_tag-aktuality","11":"post_format-post-format-link"},"_links":{"self":[{"href":"https:\/\/www.farakostolna.sk\/index.php?rest_route=\/wp\/v2\/posts\/8785","targetHints":{"allow":["GET"]}}],"collection":[{"href":"https:\/\/www.farakostolna.sk\/index.php?rest_route=\/wp\/v2\/posts"}],"about":[{"href":"https:\/\/www.farakostolna.sk\/index.php?rest_route=\/wp\/v2\/types\/post"}],"author":[{"embeddable":true,"href":"https:\/\/www.farakostolna.sk\/index.php?rest_route=\/wp\/v2\/users\/1"}],"replies":[{"embeddable":true,"href":"https:\/\/www.farakostolna.sk\/index.php?rest_route=%2Fwp%2Fv2%2Fcomments&post=8785"}],"version-history":[{"count":0,"href":"https:\/\/www.farakostolna.sk\/index.php?rest_route=\/wp\/v2\/posts\/8785\/revisions"}],"wp:featuredmedia":[{"embeddable":true,"href":"https:\/\/www.farakostolna.sk\/index.php?rest_route=\/wp\/v2\/media\/774"}],"wp:attachment":[{"href":"https:\/\/www.farakostolna.sk\/index.php?rest_route=%2Fwp%2Fv2%2Fmedia&parent=8785"}],"wp:term":[{"taxonomy":"category","embeddable":true,"href":"https:\/\/www.farakostolna.sk\/index.php?rest_route=%2Fwp%2Fv2%2Fcategories&post=8785"},{"taxonomy":"post_tag","embeddable":true,"href":"https:\/\/www.farakostolna.sk\/index.php?rest_route=%2Fwp%2Fv2%2Ftags&post=8785"}],"curies":[{"name":"wp","href":"https:\/\/api.w.org\/{rel}","templated":true}]}}