{"id":8782,"date":"2011-11-01T09:09:48","date_gmt":"2011-11-01T09:09:48","guid":{"rendered":"http:\/\/blog.eltras.sk\/?p=516"},"modified":"2011-11-01T09:09:48","modified_gmt":"2011-11-01T09:09:48","slug":"sviatok-vsetkych-svatych-2","status":"publish","type":"post","link":"https:\/\/www.farakostolna.sk\/?p=8782","title":{"rendered":"Sviatok v\u0161etk\u00fdch sv\u00e4t\u00fdch"},"content":{"rendered":"<p>\t\t\t\t<a href=\"http:\/\/blog.eltras.sk\/wp-content\/uploads\/2013\/02\/P1030081.jpg\"><img loading=\"lazy\" decoding=\"async\" class=\"size-thumbnail wp-image-517 alignleft\" alt=\"P1030081\" src=\"http:\/\/blog.eltras.sk\/wp-content\/uploads\/2013\/02\/P1030081-150x150.jpg\" width=\"150\" height=\"150\" \/><\/a><\/p>\n<p><b>1. novembra 2011<\/b> v predve\u010der Spomienky na vern\u00fdch zosnul\u00fdch, \u013eudovo aj \u201eDu\u0161i\u010diek\u201c sme sa stretli v na\u0161ich \u0161tyroch cintor\u00ednoch, ktor\u00e9 m\u00e1me vo farnosti, aby sme sa duchovne spojili s osl\u00e1venou a trpiacou cirkvou (s t\u00fdmi \u010do s\u00fa u\u017e v nebi alebo e\u0161te v o\u010disci). Na fili\u00e1lke v Hrubom \u0160\u00fari to vyzeralo takto. <a title=\"foto:\" href=\"https:\/\/picasaweb.google.com\/116452041008470663687\/NaCintorine\" target=\"_blank\" rel=\"noopener noreferrer\">foto:<\/a>\t\t\t\t<\/p>\n","protected":false},"excerpt":{"rendered":"<p>1. novembra 2011 v predve\u010der Spomienky na vern\u00fdch zosnul\u00fdch, \u013eudovo aj \u201eDu\u0161i\u010diek\u201c sme sa stretli v na\u0161ich \u0161tyroch cintor\u00ednoch, ktor\u00e9 m\u00e1me vo farnosti, aby sme sa duchovne spojili s osl\u00e1venou a trpiacou cirkvou (s t\u00fdmi \u010do s\u00fa u\u017e v nebi alebo e\u0161te v o\u010disci). Na fili\u00e1lke v Hrubom \u0160\u00fari to vyzeralo takto. foto:<\/p>\n","protected":false},"author":1,"featured_media":703,"comment_status":"closed","ping_status":"closed","sticky":false,"template":"","format":"standard","meta":{"footnotes":""},"categories":[5],"tags":[24],"class_list":{"0":"entry","1":"post","2":"publish","3":"author-marian-jasenoveceltras-sk","4":"has-excerpt","5":"post-8782","7":"format-standard","8":"has-post-thumbnail","9":"category-aktuality","10":"post_tag-aktuality"},"_links":{"self":[{"href":"https:\/\/www.farakostolna.sk\/index.php?rest_route=\/wp\/v2\/posts\/8782","targetHints":{"allow":["GET"]}}],"collection":[{"href":"https:\/\/www.farakostolna.sk\/index.php?rest_route=\/wp\/v2\/posts"}],"about":[{"href":"https:\/\/www.farakostolna.sk\/index.php?rest_route=\/wp\/v2\/types\/post"}],"author":[{"embeddable":true,"href":"https:\/\/www.farakostolna.sk\/index.php?rest_route=\/wp\/v2\/users\/1"}],"replies":[{"embeddable":true,"href":"https:\/\/www.farakostolna.sk\/index.php?rest_route=%2Fwp%2Fv2%2Fcomments&post=8782"}],"version-history":[{"count":0,"href":"https:\/\/www.farakostolna.sk\/index.php?rest_route=\/wp\/v2\/posts\/8782\/revisions"}],"wp:featuredmedia":[{"embeddable":true,"href":"https:\/\/www.farakostolna.sk\/index.php?rest_route=\/wp\/v2\/media\/703"}],"wp:attachment":[{"href":"https:\/\/www.farakostolna.sk\/index.php?rest_route=%2Fwp%2Fv2%2Fmedia&parent=8782"}],"wp:term":[{"taxonomy":"category","embeddable":true,"href":"https:\/\/www.farakostolna.sk\/index.php?rest_route=%2Fwp%2Fv2%2Fcategories&post=8782"},{"taxonomy":"post_tag","embeddable":true,"href":"https:\/\/www.farakostolna.sk\/index.php?rest_route=%2Fwp%2Fv2%2Ftags&post=8782"}],"curies":[{"name":"wp","href":"https:\/\/api.w.org\/{rel}","templated":true}]}}