{"id":8781,"date":"2011-11-16T09:09:49","date_gmt":"2011-11-16T09:09:49","guid":{"rendered":"http:\/\/blog.eltras.sk\/?p=511"},"modified":"2011-11-16T09:09:49","modified_gmt":"2011-11-16T09:09:49","slug":"farska-put-do-svatej-zeme","status":"publish","type":"post","link":"https:\/\/www.farakostolna.sk\/?p=8781","title":{"rendered":"Farsk\u00e1 p\u00fa\u0165 do Sv\u00e4tej zeme"},"content":{"rendered":"<p>\t\t\t\t<a href=\"http:\/\/blog.eltras.sk\/wp-content\/uploads\/2013\/02\/PB080172.jpg\"><img loading=\"lazy\" decoding=\"async\" class=\"size-thumbnail wp-image-512 alignleft\" alt=\"PB080172\" src=\"http:\/\/blog.eltras.sk\/wp-content\/uploads\/2013\/02\/PB080172-150x150.jpg\" width=\"150\" height=\"150\" \/><\/a><\/p>\n<p><b>Od 8. do 15. novembra 2011<\/b> viacer\u00ed z na\u0161ej farnosti vybrali na \u00fazemia biblick\u00fdch dej\u00edn. Betlehem, Jeruzalem, vrch T\u00e1bor, Nazaret, Galilejsk\u00e9 more, M\u0155tve more, hora Sinaj v Egypte&#8230; to v\u0161etko za nieko\u013eko dn\u00ed&#8230; n\u00e1ro\u010dn\u00e9, nam\u00e1hav\u00e9 ale i nezabudnute\u013en\u00e9 chv\u00edle na cel\u00fd \u017eivot. <a title=\"foto:\" href=\"https:\/\/picasaweb.google.com\/116452041008470663687\/Izrael_valogatott\" target=\"_blank\" rel=\"noopener noreferrer\">foto:<\/a>\t\t\t\t<\/p>\n","protected":false},"excerpt":{"rendered":"<p>Od 8. do 15. novembra 2011 viacer\u00ed z na\u0161ej farnosti vybrali na \u00fazemia biblick\u00fdch dej\u00edn. Betlehem, Jeruzalem, vrch T\u00e1bor, Nazaret, Galilejsk\u00e9 more, M\u0155tve more, hora Sinaj v Egypte&#8230; to v\u0161etko za nieko\u013eko dn\u00ed&#8230; n\u00e1ro\u010dn\u00e9, nam\u00e1hav\u00e9 ale i nezabudnute\u013en\u00e9 chv\u00edle na cel\u00fd \u017eivot. foto:<\/p>\n","protected":false},"author":1,"featured_media":701,"comment_status":"closed","ping_status":"closed","sticky":false,"template":"","format":"standard","meta":{"footnotes":""},"categories":[5],"tags":[24],"class_list":{"0":"entry","1":"post","2":"publish","3":"author-marian-jasenoveceltras-sk","4":"has-excerpt","5":"post-8781","7":"format-standard","8":"has-post-thumbnail","9":"category-aktuality","10":"post_tag-aktuality"},"_links":{"self":[{"href":"https:\/\/www.farakostolna.sk\/index.php?rest_route=\/wp\/v2\/posts\/8781","targetHints":{"allow":["GET"]}}],"collection":[{"href":"https:\/\/www.farakostolna.sk\/index.php?rest_route=\/wp\/v2\/posts"}],"about":[{"href":"https:\/\/www.farakostolna.sk\/index.php?rest_route=\/wp\/v2\/types\/post"}],"author":[{"embeddable":true,"href":"https:\/\/www.farakostolna.sk\/index.php?rest_route=\/wp\/v2\/users\/1"}],"replies":[{"embeddable":true,"href":"https:\/\/www.farakostolna.sk\/index.php?rest_route=%2Fwp%2Fv2%2Fcomments&post=8781"}],"version-history":[{"count":0,"href":"https:\/\/www.farakostolna.sk\/index.php?rest_route=\/wp\/v2\/posts\/8781\/revisions"}],"wp:featuredmedia":[{"embeddable":true,"href":"https:\/\/www.farakostolna.sk\/index.php?rest_route=\/wp\/v2\/media\/701"}],"wp:attachment":[{"href":"https:\/\/www.farakostolna.sk\/index.php?rest_route=%2Fwp%2Fv2%2Fmedia&parent=8781"}],"wp:term":[{"taxonomy":"category","embeddable":true,"href":"https:\/\/www.farakostolna.sk\/index.php?rest_route=%2Fwp%2Fv2%2Fcategories&post=8781"},{"taxonomy":"post_tag","embeddable":true,"href":"https:\/\/www.farakostolna.sk\/index.php?rest_route=%2Fwp%2Fv2%2Ftags&post=8781"}],"curies":[{"name":"wp","href":"https:\/\/api.w.org\/{rel}","templated":true}]}}