{"id":8771,"date":"2010-04-02T09:58:34","date_gmt":"2010-04-02T09:58:34","guid":{"rendered":"http:\/\/blog.eltras.sk\/?p=853"},"modified":"2010-04-02T09:58:34","modified_gmt":"2010-04-02T09:58:34","slug":"krizova-cesta-2","status":"publish","type":"post","link":"https:\/\/www.farakostolna.sk\/?p=8771","title":{"rendered":"Kr\u00ed\u017eov\u00e1 cesta"},"content":{"rendered":"<div>\n<div id=\"imCell_7\">\n<div id=\"imCellStyle_7\"><img loading=\"lazy\" decoding=\"async\" class=\"alignleft\" id=\"imObjectImage_7\" title=\"\" alt=\"\" src=\"http:\/\/kostolna.fara.sk\/images\/6584.jpg\" width=\"88\" height=\"71\" \/><\/div>\n<\/div>\n<\/div>\n<p><b>2. apr\u00edla 2010 o 20:00<\/b> (na Ve\u013ek\u00fd piatok) v Senci si vy\u0161e tis\u00edc veriacich pripomenulo kalv\u00e1rsku dr\u00e1mu ulicami mesta Senec. Na tejto ve\u013ekej kr\u00ed\u017eovej ceste sa z\u00fa\u010dastnili aj mnoh\u00ed veriaci z na\u0161ej farnosti. <a title=\"foto:\" href=\"http:\/\/picasaweb.google.sk\/116452041008470663687\/KrizovaCesta#\" target=\"_blank\" rel=\"noopener noreferrer\">foto:<\/a>\t\t\t\t<\/p>\n","protected":false},"excerpt":{"rendered":"<p>2. apr\u00edla 2010 o 20:00 (na Ve\u013ek\u00fd piatok) v Senci si vy\u0161e tis\u00edc veriacich pripomenulo kalv\u00e1rsku dr\u00e1mu ulicami mesta Senec. Na tejto ve\u013ekej kr\u00ed\u017eovej ceste sa z\u00fa\u010dastnili aj mnoh\u00ed veriaci z na\u0161ej farnosti. foto:<\/p>\n","protected":false},"author":1,"featured_media":854,"comment_status":"open","ping_status":"open","sticky":false,"template":"","format":"standard","meta":{"footnotes":""},"categories":[5],"tags":[24],"class_list":{"0":"entry","1":"post","2":"publish","3":"author-marian-jasenoveceltras-sk","4":"has-excerpt","5":"post-8771","7":"format-standard","8":"has-post-thumbnail","9":"category-aktuality","10":"post_tag-aktuality"},"_links":{"self":[{"href":"https:\/\/www.farakostolna.sk\/index.php?rest_route=\/wp\/v2\/posts\/8771","targetHints":{"allow":["GET"]}}],"collection":[{"href":"https:\/\/www.farakostolna.sk\/index.php?rest_route=\/wp\/v2\/posts"}],"about":[{"href":"https:\/\/www.farakostolna.sk\/index.php?rest_route=\/wp\/v2\/types\/post"}],"author":[{"embeddable":true,"href":"https:\/\/www.farakostolna.sk\/index.php?rest_route=\/wp\/v2\/users\/1"}],"replies":[{"embeddable":true,"href":"https:\/\/www.farakostolna.sk\/index.php?rest_route=%2Fwp%2Fv2%2Fcomments&post=8771"}],"version-history":[{"count":0,"href":"https:\/\/www.farakostolna.sk\/index.php?rest_route=\/wp\/v2\/posts\/8771\/revisions"}],"wp:featuredmedia":[{"embeddable":true,"href":"https:\/\/www.farakostolna.sk\/index.php?rest_route=\/wp\/v2\/media\/854"}],"wp:attachment":[{"href":"https:\/\/www.farakostolna.sk\/index.php?rest_route=%2Fwp%2Fv2%2Fmedia&parent=8771"}],"wp:term":[{"taxonomy":"category","embeddable":true,"href":"https:\/\/www.farakostolna.sk\/index.php?rest_route=%2Fwp%2Fv2%2Fcategories&post=8771"},{"taxonomy":"post_tag","embeddable":true,"href":"https:\/\/www.farakostolna.sk\/index.php?rest_route=%2Fwp%2Fv2%2Ftags&post=8771"}],"curies":[{"name":"wp","href":"https:\/\/api.w.org\/{rel}","templated":true}]}}