{"id":8768,"date":"2010-06-20T09:40:44","date_gmt":"2010-06-20T09:40:44","guid":{"rendered":"http:\/\/blog.eltras.sk\/?p=839"},"modified":"2010-06-20T09:40:44","modified_gmt":"2010-06-20T09:40:44","slug":"mennydorges-iii","status":"publish","type":"post","link":"https:\/\/www.farakostolna.sk\/?p=8768","title":{"rendered":"Mennyd\u00f4rg\u00e9s III."},"content":{"rendered":"<p>\t\t\t\t<a href=\"http:\/\/blog.eltras.sk\/wp-content\/uploads\/2013\/03\/mennydorges.jpg\"><img loading=\"lazy\" decoding=\"async\" class=\"size-full wp-image-841 alignleft\" alt=\"mennydorges\" src=\"http:\/\/blog.eltras.sk\/wp-content\/uploads\/2013\/03\/mennydorges.jpg\" width=\"88\" height=\"124\" \/><\/a><\/p>\n<p><b>20. j\u00fana 2010<\/b> sa op\u00e4\u0165 po roku uskuto\u010dnl u\u017e tret\u00ed ro\u010dn\u00edk stretnutia ml\u00e1de\u017ee pod n\u00e1zvom Mennyd\u00f4rg\u00e9s ( Hromobitie ). Okrem vyst\u00fapenia zn\u00e1mych hudobn\u00fdch skup\u00edn ako Rados\u0165, Kri\u017eiaci, G\u00e1vel testv\u00e9rek ste tu mohli n\u00e1js\u0165 aj ve\u013ea z\u00e1bavy &#8211;<wbr \/> \u010dlnkovanie, jazda na koni, stre\u013eba do ter\u010da, &#8230; S rados\u013eou sa na v\u00e1s te\u0161ia aj o rok organiz\u00e1tori podujatia d.p.far\u00e1r Palo Gajdo\u0161, Kres\u0165ansk\u00fd ml\u00e1de\u017en\u00edcky zbor POKOJ, ob\u010dianske zdru\u017eenie. <a title=\"foto:\" href=\"http:\/\/ekg.cruxegyuttes.sk\/files\/index.html\" target=\"_blank\" rel=\"noopener noreferrer\">foto:<\/a>\t\t\t\t<\/p>\n","protected":false},"excerpt":{"rendered":"<p>20. j\u00fana 2010 sa op\u00e4\u0165 po roku uskuto\u010dnl u\u017e tret\u00ed ro\u010dn\u00edk stretnutia ml\u00e1de\u017ee pod n\u00e1zvom Mennyd\u00f4rg\u00e9s ( Hromobitie ). Okrem vyst\u00fapenia zn\u00e1mych hudobn\u00fdch skup\u00edn ako Rados\u0165, Kri\u017eiaci, G\u00e1vel testv\u00e9rek ste tu mohli n\u00e1js\u0165 aj ve\u013ea z\u00e1bavy &#8211; \u010dlnkovanie, jazda na koni, stre\u013eba do ter\u010da, &#8230; S rados\u013eou sa na v\u00e1s te\u0161ia aj o rok organiz\u00e1tori &#8230; <span class=\"more\"><a class=\"more-link\" href=\"https:\/\/www.farakostolna.sk\/?p=8768\">[\u010c\u00edta\u0165 \u010falej&#8230;]<\/a><\/span><\/p>\n","protected":false},"author":1,"featured_media":842,"comment_status":"open","ping_status":"open","sticky":false,"template":"","format":"standard","meta":{"footnotes":""},"categories":[5],"tags":[24],"class_list":{"0":"entry","1":"post","2":"publish","3":"author-marian-jasenoveceltras-sk","4":"has-excerpt","5":"post-8768","7":"format-standard","8":"has-post-thumbnail","9":"category-aktuality","10":"post_tag-aktuality"},"_links":{"self":[{"href":"https:\/\/www.farakostolna.sk\/index.php?rest_route=\/wp\/v2\/posts\/8768","targetHints":{"allow":["GET"]}}],"collection":[{"href":"https:\/\/www.farakostolna.sk\/index.php?rest_route=\/wp\/v2\/posts"}],"about":[{"href":"https:\/\/www.farakostolna.sk\/index.php?rest_route=\/wp\/v2\/types\/post"}],"author":[{"embeddable":true,"href":"https:\/\/www.farakostolna.sk\/index.php?rest_route=\/wp\/v2\/users\/1"}],"replies":[{"embeddable":true,"href":"https:\/\/www.farakostolna.sk\/index.php?rest_route=%2Fwp%2Fv2%2Fcomments&post=8768"}],"version-history":[{"count":0,"href":"https:\/\/www.farakostolna.sk\/index.php?rest_route=\/wp\/v2\/posts\/8768\/revisions"}],"wp:featuredmedia":[{"embeddable":true,"href":"https:\/\/www.farakostolna.sk\/index.php?rest_route=\/wp\/v2\/media\/842"}],"wp:attachment":[{"href":"https:\/\/www.farakostolna.sk\/index.php?rest_route=%2Fwp%2Fv2%2Fmedia&parent=8768"}],"wp:term":[{"taxonomy":"category","embeddable":true,"href":"https:\/\/www.farakostolna.sk\/index.php?rest_route=%2Fwp%2Fv2%2Fcategories&post=8768"},{"taxonomy":"post_tag","embeddable":true,"href":"https:\/\/www.farakostolna.sk\/index.php?rest_route=%2Fwp%2Fv2%2Ftags&post=8768"}],"curies":[{"name":"wp","href":"https:\/\/api.w.org\/{rel}","templated":true}]}}