{"id":8767,"date":"2010-06-26T09:18:46","date_gmt":"2010-06-26T09:18:46","guid":{"rendered":"http:\/\/blog.eltras.sk\/?p=829"},"modified":"2010-06-26T09:18:46","modified_gmt":"2010-06-26T09:18:46","slug":"matraverebely","status":"publish","type":"post","link":"https:\/\/www.farakostolna.sk\/?p=8767","title":{"rendered":"M\u00e1travereb\u00e9ly"},"content":{"rendered":"<div>\n<div id=\"imCell_35\">\n<div id=\"imCellStyle_35\"><img loading=\"lazy\" decoding=\"async\" class=\"alignleft\" id=\"imObjectImage_35\" title=\"\" alt=\"\" src=\"http:\/\/kostolna.fara.sk\/images\/matraverebely.jpg\" width=\"88\" height=\"134\" \/><\/div>\n<\/div>\n<\/div>\n<div>\n<div id=\"imCell_34\">\n<div id=\"imCellStyle_34\">\n<div id=\"imTextObject_34\">\n<p>&nbsp;<\/p>\n<p><b>26. j\u00fana 2010<\/b> sme boli autobusom v Ma\u010farsku na p\u00fatnickom mieste M\u00e1travereb\u00e9ly \u2013 Szentk\u00fat, ktor\u00e9 sa nach\u00e1dza na slovensko-<wbr \/>ma\u010farskom pohrani\u010d\u00ed, ob\u00fdvanom viacer\u00fdmi n\u00e1rodmi. Sv. om\u0161u spolo\u010dne koncelebrovali viacer\u00ed biskupi zo Slovenska i Ma\u010farska. Na konci p\u00fate n\u00e1s organiz\u00e1rori v\u0161etk\u00fdch pohostili prav\u00fdm ma\u010farsk\u00fdm gul\u00e1\u0161om.<\/p>\n<\/div>\n<\/div>\n<\/div>\n<\/div>\n","protected":false},"excerpt":{"rendered":"<p>&nbsp; 26. j\u00fana 2010 sme boli autobusom v Ma\u010farsku na p\u00fatnickom mieste M\u00e1travereb\u00e9ly \u2013 Szentk\u00fat, ktor\u00e9 sa nach\u00e1dza na slovensko-ma\u010farskom pohrani\u010d\u00ed, ob\u00fdvanom viacer\u00fdmi n\u00e1rodmi. Sv. om\u0161u spolo\u010dne koncelebrovali viacer\u00ed biskupi zo Slovenska i Ma\u010farska. Na konci p\u00fate n\u00e1s organiz\u00e1rori v\u0161etk\u00fdch pohostili prav\u00fdm ma\u010farsk\u00fdm gul\u00e1\u0161om.<\/p>\n","protected":false},"author":1,"featured_media":837,"comment_status":"open","ping_status":"open","sticky":false,"template":"","format":"standard","meta":{"footnotes":""},"categories":[5],"tags":[24],"class_list":{"0":"entry","1":"post","2":"publish","3":"author-marian-jasenoveceltras-sk","4":"has-excerpt","5":"post-8767","7":"format-standard","8":"has-post-thumbnail","9":"category-aktuality","10":"post_tag-aktuality"},"_links":{"self":[{"href":"https:\/\/www.farakostolna.sk\/index.php?rest_route=\/wp\/v2\/posts\/8767","targetHints":{"allow":["GET"]}}],"collection":[{"href":"https:\/\/www.farakostolna.sk\/index.php?rest_route=\/wp\/v2\/posts"}],"about":[{"href":"https:\/\/www.farakostolna.sk\/index.php?rest_route=\/wp\/v2\/types\/post"}],"author":[{"embeddable":true,"href":"https:\/\/www.farakostolna.sk\/index.php?rest_route=\/wp\/v2\/users\/1"}],"replies":[{"embeddable":true,"href":"https:\/\/www.farakostolna.sk\/index.php?rest_route=%2Fwp%2Fv2%2Fcomments&post=8767"}],"version-history":[{"count":0,"href":"https:\/\/www.farakostolna.sk\/index.php?rest_route=\/wp\/v2\/posts\/8767\/revisions"}],"wp:featuredmedia":[{"embeddable":true,"href":"https:\/\/www.farakostolna.sk\/index.php?rest_route=\/wp\/v2\/media\/837"}],"wp:attachment":[{"href":"https:\/\/www.farakostolna.sk\/index.php?rest_route=%2Fwp%2Fv2%2Fmedia&parent=8767"}],"wp:term":[{"taxonomy":"category","embeddable":true,"href":"https:\/\/www.farakostolna.sk\/index.php?rest_route=%2Fwp%2Fv2%2Fcategories&post=8767"},{"taxonomy":"post_tag","embeddable":true,"href":"https:\/\/www.farakostolna.sk\/index.php?rest_route=%2Fwp%2Fv2%2Ftags&post=8767"}],"curies":[{"name":"wp","href":"https:\/\/api.w.org\/{rel}","templated":true}]}}