{"id":8764,"date":"2010-12-25T08:51:24","date_gmt":"2010-12-25T08:51:24","guid":{"rendered":"http:\/\/blog.eltras.sk\/?p=815"},"modified":"2010-12-25T08:51:24","modified_gmt":"2010-12-25T08:51:24","slug":"betlehem","status":"publish","type":"post","link":"https:\/\/www.farakostolna.sk\/?p=8764","title":{"rendered":"Betlehem"},"content":{"rendered":"<div id=\"imCellStyle_46\">\n<div id=\"imTextObject_46\">\n<p><a href=\"http:\/\/blog.eltras.sk\/wp-content\/uploads\/2013\/03\/betlehem.jpg\"><img loading=\"lazy\" decoding=\"async\" class=\"size-full wp-image-816 alignleft\" alt=\"betlehem\" src=\"http:\/\/blog.eltras.sk\/wp-content\/uploads\/2013\/03\/betlehem.jpg\" width=\"88\" height=\"93\" \/><\/a><\/p>\n<p><b>Od 25. decembra 2010 do 9. janu\u00e1ra 2011<\/b> sa v na\u0161om farskom kostole po ka\u017edej sv\u00e4tej om\u0161i dal vidie\u0165 pohybliv\u00fd \u201ebetlehem\u201c. Po viacer\u00fdch rokoch sa dali do pohybu kr\u00e1li i pastieri, aby sa poklonili Je\u017ei\u0161kovi&#8230;<\/p>\n<\/div>\n<\/div>\n","protected":false},"excerpt":{"rendered":"<p>Od 25. decembra 2010 do 9. janu\u00e1ra 2011 sa v na\u0161om farskom kostole po ka\u017edej sv\u00e4tej om\u0161i dal vidie\u0165 pohybliv\u00fd \u201ebetlehem\u201c. Po viacer\u00fdch rokoch sa dali do pohybu kr\u00e1li i pastieri, aby sa poklonili Je\u017ei\u0161kovi&#8230;<\/p>\n","protected":false},"author":1,"featured_media":817,"comment_status":"open","ping_status":"open","sticky":false,"template":"","format":"standard","meta":{"footnotes":""},"categories":[5],"tags":[24],"class_list":{"0":"entry","1":"post","2":"publish","3":"author-marian-jasenoveceltras-sk","4":"has-excerpt","5":"post-8764","7":"format-standard","8":"has-post-thumbnail","9":"category-aktuality","10":"post_tag-aktuality"},"_links":{"self":[{"href":"https:\/\/www.farakostolna.sk\/index.php?rest_route=\/wp\/v2\/posts\/8764","targetHints":{"allow":["GET"]}}],"collection":[{"href":"https:\/\/www.farakostolna.sk\/index.php?rest_route=\/wp\/v2\/posts"}],"about":[{"href":"https:\/\/www.farakostolna.sk\/index.php?rest_route=\/wp\/v2\/types\/post"}],"author":[{"embeddable":true,"href":"https:\/\/www.farakostolna.sk\/index.php?rest_route=\/wp\/v2\/users\/1"}],"replies":[{"embeddable":true,"href":"https:\/\/www.farakostolna.sk\/index.php?rest_route=%2Fwp%2Fv2%2Fcomments&post=8764"}],"version-history":[{"count":0,"href":"https:\/\/www.farakostolna.sk\/index.php?rest_route=\/wp\/v2\/posts\/8764\/revisions"}],"wp:featuredmedia":[{"embeddable":true,"href":"https:\/\/www.farakostolna.sk\/index.php?rest_route=\/wp\/v2\/media\/817"}],"wp:attachment":[{"href":"https:\/\/www.farakostolna.sk\/index.php?rest_route=%2Fwp%2Fv2%2Fmedia&parent=8764"}],"wp:term":[{"taxonomy":"category","embeddable":true,"href":"https:\/\/www.farakostolna.sk\/index.php?rest_route=%2Fwp%2Fv2%2Fcategories&post=8764"},{"taxonomy":"post_tag","embeddable":true,"href":"https:\/\/www.farakostolna.sk\/index.php?rest_route=%2Fwp%2Fv2%2Ftags&post=8764"}],"curies":[{"name":"wp","href":"https:\/\/api.w.org\/{rel}","templated":true}]}}