{"id":8762,"date":"2011-02-12T08:43:47","date_gmt":"2011-02-12T08:43:47","guid":{"rendered":"http:\/\/blog.eltras.sk\/?p=807"},"modified":"2011-02-12T08:43:47","modified_gmt":"2011-02-12T08:43:47","slug":"relikvia-sv-cyrila-v-nasej-farnosti","status":"publish","type":"post","link":"https:\/\/www.farakostolna.sk\/?p=8762","title":{"rendered":"Relikvia sv. Cyrila v na\u0161ej farnosti"},"content":{"rendered":"<p>\t\t\t\t<a href=\"http:\/\/blog.eltras.sk\/wp-content\/uploads\/2013\/03\/IMG_0030.jpg\"><img loading=\"lazy\" decoding=\"async\" class=\"size-thumbnail wp-image-808 alignleft\" alt=\"IMG_0030\" src=\"http:\/\/blog.eltras.sk\/wp-content\/uploads\/2013\/03\/IMG_0030-150x150.jpg\" width=\"150\" height=\"150\" \/><\/a><\/p>\n<p><b>12. febru\u00e1ra 2011<\/b> sme sa i v na\u0161ej farnosti mohli te\u0161i\u0165 z relikvie sv. Cyrila, apo\u0161tola Slovanov, ktor\u00e1 postupne putuje cel\u00fdm Slovenskom v r\u00e1mci pr\u00edprav na rok 2013, kedy bude 1 150. v\u00fdro\u010die pr\u00edchodu Cyrila a Metoda na na\u0161e \u00fazemie.\t\t\t\t<\/p>\n","protected":false},"excerpt":{"rendered":"<p>12. febru\u00e1ra 2011 sme sa i v na\u0161ej farnosti mohli te\u0161i\u0165 z relikvie sv. Cyrila, apo\u0161tola Slovanov, ktor\u00e1 postupne putuje cel\u00fdm Slovenskom v r\u00e1mci pr\u00edprav na rok 2013, kedy bude 1 150. v\u00fdro\u010die pr\u00edchodu Cyrila a Metoda na na\u0161e \u00fazemie.<\/p>\n","protected":false},"author":1,"featured_media":809,"comment_status":"open","ping_status":"open","sticky":false,"template":"","format":"standard","meta":{"footnotes":""},"categories":[5],"tags":[24],"class_list":{"0":"entry","1":"post","2":"publish","3":"author-marian-jasenoveceltras-sk","4":"has-excerpt","5":"post-8762","7":"format-standard","8":"has-post-thumbnail","9":"category-aktuality","10":"post_tag-aktuality"},"_links":{"self":[{"href":"https:\/\/www.farakostolna.sk\/index.php?rest_route=\/wp\/v2\/posts\/8762","targetHints":{"allow":["GET"]}}],"collection":[{"href":"https:\/\/www.farakostolna.sk\/index.php?rest_route=\/wp\/v2\/posts"}],"about":[{"href":"https:\/\/www.farakostolna.sk\/index.php?rest_route=\/wp\/v2\/types\/post"}],"author":[{"embeddable":true,"href":"https:\/\/www.farakostolna.sk\/index.php?rest_route=\/wp\/v2\/users\/1"}],"replies":[{"embeddable":true,"href":"https:\/\/www.farakostolna.sk\/index.php?rest_route=%2Fwp%2Fv2%2Fcomments&post=8762"}],"version-history":[{"count":0,"href":"https:\/\/www.farakostolna.sk\/index.php?rest_route=\/wp\/v2\/posts\/8762\/revisions"}],"wp:featuredmedia":[{"embeddable":true,"href":"https:\/\/www.farakostolna.sk\/index.php?rest_route=\/wp\/v2\/media\/809"}],"wp:attachment":[{"href":"https:\/\/www.farakostolna.sk\/index.php?rest_route=%2Fwp%2Fv2%2Fmedia&parent=8762"}],"wp:term":[{"taxonomy":"category","embeddable":true,"href":"https:\/\/www.farakostolna.sk\/index.php?rest_route=%2Fwp%2Fv2%2Fcategories&post=8762"},{"taxonomy":"post_tag","embeddable":true,"href":"https:\/\/www.farakostolna.sk\/index.php?rest_route=%2Fwp%2Fv2%2Ftags&post=8762"}],"curies":[{"name":"wp","href":"https:\/\/api.w.org\/{rel}","templated":true}]}}