{"id":8760,"date":"2011-03-12T08:38:01","date_gmt":"2011-03-12T08:38:01","guid":{"rendered":"http:\/\/blog.eltras.sk\/?p=799"},"modified":"2011-03-12T08:38:01","modified_gmt":"2011-03-12T08:38:01","slug":"vzacny-host","status":"publish","type":"post","link":"https:\/\/www.farakostolna.sk\/?p=8760","title":{"rendered":"Vz\u00e1cny hos\u0165"},"content":{"rendered":"<p>\t\t\t\t<b><a href=\"http:\/\/blog.eltras.sk\/wp-content\/uploads\/2013\/03\/Jozef-Ha-ko.jpg\"><img loading=\"lazy\" decoding=\"async\" class=\"size-full wp-image-800 alignleft\" alt=\"Jozef-Ha-ko\" src=\"http:\/\/blog.eltras.sk\/wp-content\/uploads\/2013\/03\/Jozef-Ha-ko.jpg\" width=\"88\" height=\"94\" \/><\/a><\/b><\/p>\n<p><b>12. marca 2011<\/b> na pozvanie n\u00e1\u0161ho p\u00e1na far\u00e1ra nav\u0161t\u00edvil na\u0161u farnos\u0165 Mons. Doc. ThDr. Jozef Ha\u013eko, PhD., hovorca n\u00e1\u0161ho arcibiskupa-<wbr \/>metropolitu. Pri ve\u010dernej sv. om\u0161i n\u00e1s v\u0161etk\u00fdch povzbudil do p\u00f4stn\u00fdch dn\u00ed k horlivej\u0161ej a osobnej\u0161ej modlitbe s Bohom&#8230; <a title=\"foto:\" href=\"https:\/\/picasaweb.google.com\/116452041008470663687\/NavstevaMonsHalka#\" target=\"_blank\" rel=\"noopener noreferrer\">foto:<\/a>\t\t\t\t<\/p>\n","protected":false},"excerpt":{"rendered":"<p>12. marca 2011 na pozvanie n\u00e1\u0161ho p\u00e1na far\u00e1ra nav\u0161t\u00edvil na\u0161u farnos\u0165 Mons. Doc. ThDr. Jozef Ha\u013eko, PhD., hovorca n\u00e1\u0161ho arcibiskupa-metropolitu. Pri ve\u010dernej sv. om\u0161i n\u00e1s v\u0161etk\u00fdch povzbudil do p\u00f4stn\u00fdch dn\u00ed k horlivej\u0161ej a osobnej\u0161ej modlitbe s Bohom&#8230; foto:<\/p>\n","protected":false},"author":1,"featured_media":801,"comment_status":"open","ping_status":"open","sticky":false,"template":"","format":"standard","meta":{"footnotes":""},"categories":[5],"tags":[24],"class_list":{"0":"entry","1":"post","2":"publish","3":"author-marian-jasenoveceltras-sk","4":"has-excerpt","5":"post-8760","7":"format-standard","8":"has-post-thumbnail","9":"category-aktuality","10":"post_tag-aktuality"},"_links":{"self":[{"href":"https:\/\/www.farakostolna.sk\/index.php?rest_route=\/wp\/v2\/posts\/8760","targetHints":{"allow":["GET"]}}],"collection":[{"href":"https:\/\/www.farakostolna.sk\/index.php?rest_route=\/wp\/v2\/posts"}],"about":[{"href":"https:\/\/www.farakostolna.sk\/index.php?rest_route=\/wp\/v2\/types\/post"}],"author":[{"embeddable":true,"href":"https:\/\/www.farakostolna.sk\/index.php?rest_route=\/wp\/v2\/users\/1"}],"replies":[{"embeddable":true,"href":"https:\/\/www.farakostolna.sk\/index.php?rest_route=%2Fwp%2Fv2%2Fcomments&post=8760"}],"version-history":[{"count":0,"href":"https:\/\/www.farakostolna.sk\/index.php?rest_route=\/wp\/v2\/posts\/8760\/revisions"}],"wp:featuredmedia":[{"embeddable":true,"href":"https:\/\/www.farakostolna.sk\/index.php?rest_route=\/wp\/v2\/media\/801"}],"wp:attachment":[{"href":"https:\/\/www.farakostolna.sk\/index.php?rest_route=%2Fwp%2Fv2%2Fmedia&parent=8760"}],"wp:term":[{"taxonomy":"category","embeddable":true,"href":"https:\/\/www.farakostolna.sk\/index.php?rest_route=%2Fwp%2Fv2%2Fcategories&post=8760"},{"taxonomy":"post_tag","embeddable":true,"href":"https:\/\/www.farakostolna.sk\/index.php?rest_route=%2Fwp%2Fv2%2Ftags&post=8760"}],"curies":[{"name":"wp","href":"https:\/\/api.w.org\/{rel}","templated":true}]}}