{"id":8758,"date":"2011-04-22T08:29:47","date_gmt":"2011-04-22T08:29:47","guid":{"rendered":"http:\/\/blog.eltras.sk\/?p=791"},"modified":"2011-04-22T08:29:47","modified_gmt":"2011-04-22T08:29:47","slug":"krizova-cesta","status":"publish","type":"post","link":"https:\/\/www.farakostolna.sk\/?p=8758","title":{"rendered":"Kr\u00ed\u017eov\u00e1 cesta"},"content":{"rendered":"<p>\t\t\t\t<b><a href=\"http:\/\/blog.eltras.sk\/wp-content\/uploads\/2013\/03\/krizova_cesta-v-senci.jpg\"><img loading=\"lazy\" decoding=\"async\" class=\"size-full wp-image-792 alignleft\" alt=\"krizova_cesta-v-senci\" src=\"http:\/\/blog.eltras.sk\/wp-content\/uploads\/2013\/03\/krizova_cesta-v-senci.jpg\" width=\"88\" height=\"101\" \/><\/a><\/b><\/p>\n<p><b>22. apr\u00edla 2011<\/b> (na Ve\u013ek\u00fd piatok) sa op\u00e4\u0165 uskuto\u010dnila ve\u013ek\u00e1 kr\u00ed\u017eov\u00e1 cesta ulicami mesta Senec, na ktorej sa podie\u013eali veriaci aj z na\u0161ej farnosti. Hoci trasa bola o \u010dosi dlh\u0161ia ako po minul\u00e9 roky, duchovn\u00fd z\u00e1\u017eitok bol obrovsk\u00fd. <a title=\"foto:\" href=\"https:\/\/picasaweb.google.com\/116452041008470663687\/KrizovaCestaVSenci#\" target=\"_blank\" rel=\"noopener noreferrer\">foto:<\/a>\t\t\t\t<\/p>\n","protected":false},"excerpt":{"rendered":"<p>22. apr\u00edla 2011 (na Ve\u013ek\u00fd piatok) sa op\u00e4\u0165 uskuto\u010dnila ve\u013ek\u00e1 kr\u00ed\u017eov\u00e1 cesta ulicami mesta Senec, na ktorej sa podie\u013eali veriaci aj z na\u0161ej farnosti. Hoci trasa bola o \u010dosi dlh\u0161ia ako po minul\u00e9 roky, duchovn\u00fd z\u00e1\u017eitok bol obrovsk\u00fd. foto:<\/p>\n","protected":false},"author":1,"featured_media":793,"comment_status":"open","ping_status":"open","sticky":false,"template":"","format":"standard","meta":{"footnotes":""},"categories":[5],"tags":[24],"class_list":{"0":"entry","1":"post","2":"publish","3":"author-marian-jasenoveceltras-sk","4":"has-excerpt","5":"post-8758","7":"format-standard","8":"has-post-thumbnail","9":"category-aktuality","10":"post_tag-aktuality"},"_links":{"self":[{"href":"https:\/\/www.farakostolna.sk\/index.php?rest_route=\/wp\/v2\/posts\/8758","targetHints":{"allow":["GET"]}}],"collection":[{"href":"https:\/\/www.farakostolna.sk\/index.php?rest_route=\/wp\/v2\/posts"}],"about":[{"href":"https:\/\/www.farakostolna.sk\/index.php?rest_route=\/wp\/v2\/types\/post"}],"author":[{"embeddable":true,"href":"https:\/\/www.farakostolna.sk\/index.php?rest_route=\/wp\/v2\/users\/1"}],"replies":[{"embeddable":true,"href":"https:\/\/www.farakostolna.sk\/index.php?rest_route=%2Fwp%2Fv2%2Fcomments&post=8758"}],"version-history":[{"count":0,"href":"https:\/\/www.farakostolna.sk\/index.php?rest_route=\/wp\/v2\/posts\/8758\/revisions"}],"wp:featuredmedia":[{"embeddable":true,"href":"https:\/\/www.farakostolna.sk\/index.php?rest_route=\/wp\/v2\/media\/793"}],"wp:attachment":[{"href":"https:\/\/www.farakostolna.sk\/index.php?rest_route=%2Fwp%2Fv2%2Fmedia&parent=8758"}],"wp:term":[{"taxonomy":"category","embeddable":true,"href":"https:\/\/www.farakostolna.sk\/index.php?rest_route=%2Fwp%2Fv2%2Fcategories&post=8758"},{"taxonomy":"post_tag","embeddable":true,"href":"https:\/\/www.farakostolna.sk\/index.php?rest_route=%2Fwp%2Fv2%2Ftags&post=8758"}],"curies":[{"name":"wp","href":"https:\/\/api.w.org\/{rel}","templated":true}]}}