{"id":8756,"date":"2011-05-30T08:16:47","date_gmt":"2011-05-30T08:16:47","guid":{"rendered":"http:\/\/blog.eltras.sk\/?p=783"},"modified":"2011-05-30T08:16:47","modified_gmt":"2011-05-30T08:16:47","slug":"modlitby-za-urodu-2","status":"publish","type":"post","link":"https:\/\/www.farakostolna.sk\/?p=8756","title":{"rendered":"Modlitby za \u00farodu"},"content":{"rendered":"<p>\t\t\t\t<b><a href=\"http:\/\/blog.eltras.sk\/wp-content\/uploads\/2013\/03\/SAM_0152.jpg\"><img loading=\"lazy\" decoding=\"async\" class=\"size-thumbnail wp-image-785 alignleft\" alt=\"SAM_0152\" src=\"http:\/\/blog.eltras.sk\/wp-content\/uploads\/2013\/03\/SAM_0152-150x150.jpg\" width=\"150\" height=\"150\" \/><\/a><\/b><\/p>\n<p><b>30. m\u00e1ja 2011<\/b> sme si vy\u0161li po roku op\u00e4\u0165 do p\u0161eni\u010dn\u00e9ho po\u013ea, aby sme sa modlili za \u00farodu. Tento zvyk, pre mnoh\u00fdch zn\u00e1my len z filmov, je v na\u0161ej farnosti st\u00e1le \u017eiv\u00fd. Je pouk\u00e1zan\u00edm na vedomie, \u017ee jedlo, n\u00e1poj, d\u00e1\u017e\u010f, slnko ost\u00e1vaj\u00fa pre n\u00e1s v\u017edy Bo\u017e\u00edm darom a po\u017eehnan\u00edm&#8230; <a title=\"foto:\" href=\"https:\/\/picasaweb.google.com\/116452041008470663687\/ModlitbyZaUrodu#\" target=\"_blank\" rel=\"noopener noreferrer\">foto:<\/a>\t\t\t\t<\/p>\n","protected":false},"excerpt":{"rendered":"<p>30. m\u00e1ja 2011 sme si vy\u0161li po roku op\u00e4\u0165 do p\u0161eni\u010dn\u00e9ho po\u013ea, aby sme sa modlili za \u00farodu. Tento zvyk, pre mnoh\u00fdch zn\u00e1my len z filmov, je v na\u0161ej farnosti st\u00e1le \u017eiv\u00fd. Je pouk\u00e1zan\u00edm na vedomie, \u017ee jedlo, n\u00e1poj, d\u00e1\u017e\u010f, slnko ost\u00e1vaj\u00fa pre n\u00e1s v\u017edy Bo\u017e\u00edm darom a po\u017eehnan\u00edm&#8230; foto:<\/p>\n","protected":false},"author":1,"featured_media":784,"comment_status":"open","ping_status":"open","sticky":false,"template":"","format":"standard","meta":{"footnotes":""},"categories":[5],"tags":[24],"class_list":{"0":"entry","1":"post","2":"publish","3":"author-marian-jasenoveceltras-sk","4":"has-excerpt","5":"post-8756","7":"format-standard","8":"has-post-thumbnail","9":"category-aktuality","10":"post_tag-aktuality"},"_links":{"self":[{"href":"https:\/\/www.farakostolna.sk\/index.php?rest_route=\/wp\/v2\/posts\/8756","targetHints":{"allow":["GET"]}}],"collection":[{"href":"https:\/\/www.farakostolna.sk\/index.php?rest_route=\/wp\/v2\/posts"}],"about":[{"href":"https:\/\/www.farakostolna.sk\/index.php?rest_route=\/wp\/v2\/types\/post"}],"author":[{"embeddable":true,"href":"https:\/\/www.farakostolna.sk\/index.php?rest_route=\/wp\/v2\/users\/1"}],"replies":[{"embeddable":true,"href":"https:\/\/www.farakostolna.sk\/index.php?rest_route=%2Fwp%2Fv2%2Fcomments&post=8756"}],"version-history":[{"count":0,"href":"https:\/\/www.farakostolna.sk\/index.php?rest_route=\/wp\/v2\/posts\/8756\/revisions"}],"wp:featuredmedia":[{"embeddable":true,"href":"https:\/\/www.farakostolna.sk\/index.php?rest_route=\/wp\/v2\/media\/784"}],"wp:attachment":[{"href":"https:\/\/www.farakostolna.sk\/index.php?rest_route=%2Fwp%2Fv2%2Fmedia&parent=8756"}],"wp:term":[{"taxonomy":"category","embeddable":true,"href":"https:\/\/www.farakostolna.sk\/index.php?rest_route=%2Fwp%2Fv2%2Fcategories&post=8756"},{"taxonomy":"post_tag","embeddable":true,"href":"https:\/\/www.farakostolna.sk\/index.php?rest_route=%2Fwp%2Fv2%2Ftags&post=8756"}],"curies":[{"name":"wp","href":"https:\/\/api.w.org\/{rel}","templated":true}]}}