{"id":8741,"date":"2023-12-15T21:25:11","date_gmt":"2023-12-15T21:25:11","guid":{"rendered":"https:\/\/www.farakostolna.sk\/?p=8741"},"modified":"2024-01-15T12:17:15","modified_gmt":"2024-01-15T12:17:15","slug":"farske-oznamy-a-zamyslenie-15-12-2023","status":"publish","type":"post","link":"https:\/\/www.farakostolna.sk\/?p=8741","title":{"rendered":"Farsk\u00e9 oznamy a zamyslenie (17.12.2023)"},"content":{"rendered":"<div class=\"wp-block-image\">\n<figure class=\"aligncenter size-full\"><img loading=\"lazy\" decoding=\"async\" width=\"700\" height=\"368\" src=\"https:\/\/www.farakostolna.sk\/wp-content\/uploads\/2024\/01\/WhatsApp-Image-2023-12-15-at-22.40.43_7f97e238.jpg\" alt=\"\" class=\"wp-image-1430\" srcset=\"https:\/\/www.farakostolna.sk\/wp-content\/uploads\/2024\/01\/WhatsApp-Image-2023-12-15-at-22.40.43_7f97e238.jpg 700w, https:\/\/www.farakostolna.sk\/wp-content\/uploads\/2024\/01\/WhatsApp-Image-2023-12-15-at-22.40.43_7f97e238-300x158.jpg 300w\" sizes=\"auto, (max-width: 700px) 100vw, 700px\" \/><\/figure>\n<\/div>\n\n\n<p>\u010co je Bo\u017eia v\u00f4\u013ea? To je asi naj\u0165a\u017e\u0161ia ot\u00e1zka ak\u00e1 n\u00e1s prenasleduje. Prichysta\u0165 cestu P\u00e1novi. Nielen cestu k in\u00fdm &#8211; neveriacim, ako by sme sa mohli nazd\u00e1va\u0165, ale predov\u0161etk\u00fdm k n\u00e1m. \u00c1no, prichysta\u0165 cestu, otvori\u0165 dvere P\u00e1novi, aby mohol ku mne vst\u00fapi\u0165. Potom u\u017e \u013eah\u0161ie pr\u00edde aj k &#8220;in\u00fdm&#8221;.<\/p>\n\n\n\n<p><strong>Sv\u00e4t\u00e9 om\u0161e u n\u00e1s:<\/strong><\/p>\n\n\n\n<p><strong>sobota \u2013 16. decembra (s nede\u013enou platnos\u0165ou)<\/strong><\/p>\n\n\n\n<ul class=\"wp-block-list\">\n<li><strong>17:00 \u2013 Hrub\u00e1 Bor\u0161a (slov.\/ma\u010f.)<\/strong><\/li>\n\n\n\n<li><strong>18:00 \u2013 Kostoln\u00e1 (slov.)<\/strong><\/li>\n<\/ul>\n\n\n\n<p><strong>nede\u013ea \u2013 17. decembra<\/strong><\/p>\n\n\n\n<ul class=\"wp-block-list\">\n<li><strong>8:00 \u2013 Hrub\u00fd \u0160\u00far (ma\u010f.)<\/strong><\/li>\n\n\n\n<li><strong>9:30 \u2013 Kostoln\u00e1 (ma\u010f.)<\/strong><\/li>\n\n\n\n<li><strong>11:00 \u2013 Kostoln\u00e1 (slov.)<\/strong><\/li>\n<\/ul>\n\n\n\n<p>Tento t\u00fd\u017ede\u0148 budem spoveda\u0165 v Kostolnej e\u0161te v stredu a piatok na farskom dvore pod pr\u00edstre\u0161kom od 16:00 do 17:00. V tom \u010dase bude v kostole ador\u00e1cia.<\/p>\n\n\n\n<p>V t\u00fato nede\u013eu (17.12.) spoved\u00e1me viacer\u00ed k\u0148azi v Novej Dedinke od 14:30 do 17:00 a vo Ve\u013ekom Bieli od 15:00 do 17:00.<\/p>\n\n\n\n<p>Viacer\u00fdch chor\u00fdch som u\u017e v uplynul\u00fdch d\u0148och nav\u0161t\u00edvil. Ke\u010f e\u0161te niekto potrebuje pred sviatkami vyspoveda\u0165 doma, ozvite sa mi, pros\u00edm, telefonicky (0902 359 859).<\/p>\n\n\n\n<p>Sme pozvan\u00ed na\u010falej v\u0161etci pripravova\u0165 spolo\u010dne dar\u010dek pre n\u00e1\u0161ho viano\u010dn\u00e9ho osl\u00e1venca Je\u017ei\u0161ka. Do dar\u010dekovej krabice m\u00f4\u017eeme vlo\u017ei\u0165 ka\u017ed\u00fd de\u0148 po sv\u00e4tej om\u0161i anjelika, ke\u010f mu sp\u00f4sob\u00edme rados\u0165 a to konkr\u00e9tne oddnes po 4. adventn\u00fa nede\u013eu, v\u017edy ke\u010f sa budeme cvi\u010di\u0165 v p\u00f4ste, v zriekan\u00ed sa aspo\u0148 nie\u010doho mali\u010dk\u00e9ho, preto\u017ee Ho m\u00e1me radi.<\/p>\n\n\n\n<p>E\u0161te aj tento t\u00fd\u017ede\u0148 bud\u00fa ror\u00e1tne sv\u00e4t\u00e9 om\u0161e: v stredu v Kostolnej v slovenskom, vo \u0161tvrtok v Kostolnej v ma\u010farskom a v piatok v Hrubom \u0160\u00fare v ma\u010farskom jazyku v\u017edy o 6:00 r\u00e1no. V sobotu bude spolo\u010dn\u00e1 ror\u00e1tna sv\u00e4t\u00e1 om\u0161a v Kostolnej pre v\u0161etky deti o 6:30, po nej bud\u00fa v pastora\u010dnom centre pod farou pripraven\u00e9 spolo\u010dn\u00e9 ra\u0148ajky. Sv\u00e4t\u00e9 om\u0161e s\u00fa sl\u00e1ven\u00e9 v \u00faplnej tme a ka\u017ed\u00fd preto dostane pri vstupe svie\u010dku.<\/p>\n\n\n\n<p>Vo \u0161tvrtok od r\u00e1na staviame v Kostolnej v kostole ve\u013ek\u00fd viano\u010dn\u00fd strom. Poz\u00fdvam chlapov na pomoc.<\/p>\n\n\n\n<p>V uplynul\u00fdch d\u0148och ste si mohli n\u00e1js\u0165 vo svojich po\u0161tov\u00fdch schr\u00e1nkach na\u0161e najnov\u0161ie vydanie <a href=\"https:\/\/drive.google.com\/file\/d\/1nPoAqQsb_7mOIRlWea2RkFtNedjDMn5o\/view\">Farsk\u00fdch nov\u00edn.<\/a> T\u00fdmto \u00faprimne \u010fakujem v\u0161etk\u00fdm za pomoc pri jeho tvorbe a roznosen\u00ed. Svoj dobrovo\u013en\u00fd pr\u00edspevok m\u00f4\u017eete kedyko\u013evek vlo\u017ei\u0165 do pokladni\u010dky na noviny. Vopred \u010fakujem.<\/p>\n\n\n\n<p>Symbol posolstva Bo\u017eej l\u00e1sky a pokoja betlehemsk\u00e9 svetlo bude tento rok sl\u00e1vnostne odovzdan\u00e9 na\u0161imi skautmi v r\u00e1mci sv\u00e4t\u00fdch om\u0161\u00ed v sobotu a nede\u013eu, po ktor\u00fdch si ho m\u00f4\u017eete vzia\u0165 do svojich domovov. V Hrubom \u0160\u00fare po sv\u00e4tej om\u0161i ho bud\u00fa skauti rozn\u00e1\u0161a\u0165 aj tradi\u010dn\u00fdm sp\u00f4sobom. V Hrubej Bor\u0161i si ho m\u00f4\u017eete vzia\u0165 domov tradi\u010dne aj v nede\u013eu od 12.00 do 13.00. Pros\u00edme V\u00e1s, aby ste na zmenu upozornili aj ostatn\u00fdch a na sv\u00e4t\u00e9 om\u0161e si nezabudnite prinies\u0165 lamp\u00e1\u0161 so svie\u010dkou.<\/p>\n\n\n\n<p>S \u00factou, <br>Pavol Gajdo\u0161,&nbsp;v\u00e1\u0161&nbsp;far\u00e1r<\/p>\n","protected":false},"excerpt":{"rendered":"<p>\u010co je Bo\u017eia v\u00f4\u013ea? To je asi naj\u0165a\u017e\u0161ia ot\u00e1zka ak\u00e1 n\u00e1s prenasleduje. Prichysta\u0165 cestu P\u00e1novi. Nielen cestu k in\u00fdm &#8211; neveriacim, ako by sme sa mohli nazd\u00e1va\u0165, ale predov\u0161etk\u00fdm k n\u00e1m. \u00c1no, prichysta\u0165 cestu, otvori\u0165 dvere P\u00e1novi, aby mohol ku mne vst\u00fapi\u0165. Potom u\u017e \u013eah\u0161ie pr\u00edde aj k &#8220;in\u00fdm&#8221;. Sv\u00e4t\u00e9 om\u0161e u n\u00e1s: sobota \u2013 &#8230; <span class=\"more\"><a class=\"more-link\" href=\"https:\/\/www.farakostolna.sk\/?p=8741\">[\u010c\u00edta\u0165 \u010falej&#8230;]<\/a><\/span><\/p>\n","protected":false},"author":7,"featured_media":1430,"comment_status":"closed","ping_status":"closed","sticky":false,"template":"","format":"standard","meta":{"footnotes":""},"categories":[13],"tags":[],"class_list":{"0":"entry","1":"post","2":"publish","3":"author-slado89gmail-com","4":"post-8741","6":"format-standard","7":"has-post-thumbnail","8":"category-oznamy"},"_links":{"self":[{"href":"https:\/\/www.farakostolna.sk\/index.php?rest_route=\/wp\/v2\/posts\/8741","targetHints":{"allow":["GET"]}}],"collection":[{"href":"https:\/\/www.farakostolna.sk\/index.php?rest_route=\/wp\/v2\/posts"}],"about":[{"href":"https:\/\/www.farakostolna.sk\/index.php?rest_route=\/wp\/v2\/types\/post"}],"author":[{"embeddable":true,"href":"https:\/\/www.farakostolna.sk\/index.php?rest_route=\/wp\/v2\/users\/7"}],"replies":[{"embeddable":true,"href":"https:\/\/www.farakostolna.sk\/index.php?rest_route=%2Fwp%2Fv2%2Fcomments&post=8741"}],"version-history":[{"count":1,"href":"https:\/\/www.farakostolna.sk\/index.php?rest_route=\/wp\/v2\/posts\/8741\/revisions"}],"predecessor-version":[{"id":8873,"href":"https:\/\/www.farakostolna.sk\/index.php?rest_route=\/wp\/v2\/posts\/8741\/revisions\/8873"}],"wp:featuredmedia":[{"embeddable":true,"href":"https:\/\/www.farakostolna.sk\/index.php?rest_route=\/wp\/v2\/media\/1430"}],"wp:attachment":[{"href":"https:\/\/www.farakostolna.sk\/index.php?rest_route=%2Fwp%2Fv2%2Fmedia&parent=8741"}],"wp:term":[{"taxonomy":"category","embeddable":true,"href":"https:\/\/www.farakostolna.sk\/index.php?rest_route=%2Fwp%2Fv2%2Fcategories&post=8741"},{"taxonomy":"post_tag","embeddable":true,"href":"https:\/\/www.farakostolna.sk\/index.php?rest_route=%2Fwp%2Fv2%2Ftags&post=8741"}],"curies":[{"name":"wp","href":"https:\/\/api.w.org\/{rel}","templated":true}]}}