{"id":8723,"date":"2023-12-09T07:16:20","date_gmt":"2023-12-09T07:16:20","guid":{"rendered":"https:\/\/www.farakostolna.sk\/?p=8723"},"modified":"2024-01-15T12:18:35","modified_gmt":"2024-01-15T12:18:35","slug":"farske-oznamy-a-zamyslenie-10-12-2023","status":"publish","type":"post","link":"https:\/\/www.farakostolna.sk\/?p=8723","title":{"rendered":"Farsk\u00e9 oznamy a zamyslenie (10.12.2023)"},"content":{"rendered":"<div class=\"wp-block-image\">\n<figure class=\"aligncenter size-full\"><img loading=\"lazy\" decoding=\"async\" width=\"612\" height=\"408\" src=\"https:\/\/www.farakostolna.sk\/wp-content\/uploads\/2024\/01\/WhatsApp-Image-2023-12-08-at-22.12.58_383a4594.jpg\" alt=\"\" class=\"wp-image-1424\" srcset=\"https:\/\/www.farakostolna.sk\/wp-content\/uploads\/2024\/01\/WhatsApp-Image-2023-12-08-at-22.12.58_383a4594.jpg 612w, https:\/\/www.farakostolna.sk\/wp-content\/uploads\/2024\/01\/WhatsApp-Image-2023-12-08-at-22.12.58_383a4594-300x200.jpg 300w\" sizes=\"auto, (max-width: 612px) 100vw, 612px\" \/><\/figure>\n<\/div>\n\n\n<p>Poupratujte, pr\u00edde n\u00e1v\u0161teva! Ale, \u010do ke\u010f pr\u00edde neohl\u00e1sene? Vtedy zist\u00edme, \u017ee je lep\u0161ie ma\u0165 &#8220;upratan\u00e9&#8221; v\u017edy. M\u00e1me pripraven\u00fa cestu P\u00e1novi v\u017edy alebo len na sviatky?<\/p>\n\n\n\n<p><strong>Sv\u00e4t\u00e9 om\u0161e u n\u00e1s:<\/strong><\/p>\n\n\n\n<p><strong>sobota \u2013 9. decembra (s nede\u013enou platnos\u0165ou)<\/strong><\/p>\n\n\n\n<ul class=\"wp-block-list\">\n<li><strong>17:00 \u2013 Hrub\u00e1 Bor\u0161a (slov.\/ma\u010f.)<\/strong><\/li>\n\n\n\n<li><strong>18:00 \u2013 Kostoln\u00e1 (slov.)<\/strong><\/li>\n<\/ul>\n\n\n\n<p><strong>nede\u013ea \u2013 10. decembra<\/strong><\/p>\n\n\n\n<ul class=\"wp-block-list\">\n<li><strong>8:00 \u2013 Hrub\u00fd \u0160\u00far (ma\u010f.)<\/strong><\/li>\n\n\n\n<li><strong>9:30 \u2013 Kostoln\u00e1 (ma\u010f.)<\/strong><\/li>\n\n\n\n<li><strong>11:00 \u2013 Kostoln\u00e1 (slov.)<\/strong><\/li>\n<\/ul>\n\n\n\n<p>Tento t\u00fd\u017ede\u0148 budem spoveda\u0165 v Kostolnej len v piatok na farskom dvore pod pr\u00edstre\u0161kom od 16:00 do 17:00. V tom \u010dase bude v kostole ador\u00e1cia. V stredu spoved\u00e1me v Turni od 16:00 do 18:00 a vo \u0161tvrtok v Tom\u00e1\u0161ove od 16:00 do 18:00.<\/p>\n\n\n\n<p>Niektor\u00fdch chor\u00fdch som u\u017e v uplynul\u00fdch d\u0148och nav\u0161t\u00edvil. Ke\u010f e\u0161te niekto potrebuje pred sviatkami vyspoveda\u0165 doma, ozvite sa mi, pros\u00edm, telefonicky (0902 359 859).<\/p>\n\n\n\n<p><strong>O t\u00fd\u017ede\u0148 v sobotu (16.12.) budeme viacer\u00ed k\u0148azi spoveda\u0165 v Senci od 9:00 do 12:00 a od 15:00 do 17:00. Vyu\u017eite t\u00fato mo\u017enos\u0165, nenechajte si spove\u010f na posledn\u00fd t\u00fd\u017ede\u0148!<\/strong><\/p>\n\n\n\n<p>Sme pozvan\u00ed na\u010falej v\u0161etci pripravova\u0165 spolo\u010dne dar\u010dek pre n\u00e1\u0161ho viano\u010dn\u00e9ho osl\u00e1venca Je\u017ei\u0161ka. Do dar\u010dekovej krabice m\u00f4\u017eeme vlo\u017ei\u0165 ka\u017ed\u00fd de\u0148 po sv\u00e4tej om\u0161i ak\u00fdko\u013evek vyroben\u00fd zvon\u010dek, ke\u010f mu sp\u00f4sob\u00edme rados\u0165 a to konkr\u00e9tne oddnes po 3. adventn\u00fa nede\u013eu by sme \u010d\u00edtali Sv\u00e4t\u00e9 P\u00edsmo, lebo je o \u0147om.<\/p>\n\n\n\n<p>Aj tento t\u00fd\u017ede\u0148 bud\u00fa ror\u00e1tne sv\u00e4t\u00e9 om\u0161e a to nasledovne: v stredu v Kostolnej v ma\u010farskom, vo \u0161tvrtok v Kostolnej v slovenskom a v piatok v Hrubom \u0160\u00fare v ma\u010farskom jazyku v\u017edy o 6:00 r\u00e1no. Sv\u00e4t\u00e9 om\u0161e s\u00fa sl\u00e1ven\u00e9 v \u00faplnej tme a ka\u017ed\u00fd preto dostane pri vstupe svie\u010dku.<\/p>\n\n\n\n<p>Minulot\u00fd\u017ed\u0148ov\u00e1 jesenn\u00e1 zbierka na charitu vyniesla v na\u0161ej farnosti spolu 725,45 \u20ac, z toho v Kostolnej 492,25 \u20ac, v Hrubom \u0160\u00fare 152 \u20ac a v Hrubej Bor\u0161i 81,20 \u20ac. Peniaze som u\u017e preposlal na dan\u00fd \u00fa\u010det.<\/p>\n\n\n\n<p>S \u00factou, <br>Pavol Gajdo\u0161,&nbsp;v\u00e1\u0161&nbsp;far\u00e1r<\/p>\n","protected":false},"excerpt":{"rendered":"<p>Poupratujte, pr\u00edde n\u00e1v\u0161teva! Ale, \u010do ke\u010f pr\u00edde neohl\u00e1sene? Vtedy zist\u00edme, \u017ee je lep\u0161ie ma\u0165 &#8220;upratan\u00e9&#8221; v\u017edy. M\u00e1me pripraven\u00fa cestu P\u00e1novi v\u017edy alebo len na sviatky? Sv\u00e4t\u00e9 om\u0161e u n\u00e1s: sobota \u2013 9. decembra (s nede\u013enou platnos\u0165ou) nede\u013ea \u2013 10. decembra Tento t\u00fd\u017ede\u0148 budem spoveda\u0165 v Kostolnej len v piatok na farskom dvore pod pr\u00edstre\u0161kom od &#8230; <span class=\"more\"><a class=\"more-link\" href=\"https:\/\/www.farakostolna.sk\/?p=8723\">[\u010c\u00edta\u0165 \u010falej&#8230;]<\/a><\/span><\/p>\n","protected":false},"author":7,"featured_media":1424,"comment_status":"closed","ping_status":"closed","sticky":false,"template":"","format":"standard","meta":{"footnotes":""},"categories":[13],"tags":[],"class_list":{"0":"entry","1":"post","2":"publish","3":"author-slado89gmail-com","4":"post-8723","6":"format-standard","7":"has-post-thumbnail","8":"category-oznamy"},"_links":{"self":[{"href":"https:\/\/www.farakostolna.sk\/index.php?rest_route=\/wp\/v2\/posts\/8723","targetHints":{"allow":["GET"]}}],"collection":[{"href":"https:\/\/www.farakostolna.sk\/index.php?rest_route=\/wp\/v2\/posts"}],"about":[{"href":"https:\/\/www.farakostolna.sk\/index.php?rest_route=\/wp\/v2\/types\/post"}],"author":[{"embeddable":true,"href":"https:\/\/www.farakostolna.sk\/index.php?rest_route=\/wp\/v2\/users\/7"}],"replies":[{"embeddable":true,"href":"https:\/\/www.farakostolna.sk\/index.php?rest_route=%2Fwp%2Fv2%2Fcomments&post=8723"}],"version-history":[{"count":1,"href":"https:\/\/www.farakostolna.sk\/index.php?rest_route=\/wp\/v2\/posts\/8723\/revisions"}],"predecessor-version":[{"id":8875,"href":"https:\/\/www.farakostolna.sk\/index.php?rest_route=\/wp\/v2\/posts\/8723\/revisions\/8875"}],"wp:featuredmedia":[{"embeddable":true,"href":"https:\/\/www.farakostolna.sk\/index.php?rest_route=\/wp\/v2\/media\/1424"}],"wp:attachment":[{"href":"https:\/\/www.farakostolna.sk\/index.php?rest_route=%2Fwp%2Fv2%2Fmedia&parent=8723"}],"wp:term":[{"taxonomy":"category","embeddable":true,"href":"https:\/\/www.farakostolna.sk\/index.php?rest_route=%2Fwp%2Fv2%2Fcategories&post=8723"},{"taxonomy":"post_tag","embeddable":true,"href":"https:\/\/www.farakostolna.sk\/index.php?rest_route=%2Fwp%2Fv2%2Ftags&post=8723"}],"curies":[{"name":"wp","href":"https:\/\/api.w.org\/{rel}","templated":true}]}}