{"id":8715,"date":"2023-12-03T20:50:42","date_gmt":"2023-12-03T20:50:42","guid":{"rendered":"https:\/\/www.farakostolna.sk\/?p=8715"},"modified":"2024-01-15T12:19:14","modified_gmt":"2024-01-15T12:19:14","slug":"navsteva-svateho-mikulasa-a-pozehnanie-vencov","status":"publish","type":"post","link":"https:\/\/www.farakostolna.sk\/?p=8715","title":{"rendered":"N\u00e1v\u0161teva sv\u00e4t\u00e9ho Mikul\u00e1\u0161a a po\u017eehnanie vencov"},"content":{"rendered":"<div class=\"wp-block-image\">\n<figure class=\"aligncenter size-large\"><img loading=\"lazy\" decoding=\"async\" width=\"1024\" height=\"512\" src=\"https:\/\/www.farakostolna.sk\/wp-content\/uploads\/2024\/01\/IMG_20231203_121854-scaled-1-1024x512.jpg\" alt=\"\" class=\"wp-image-1423\" srcset=\"https:\/\/www.farakostolna.sk\/wp-content\/uploads\/2024\/01\/IMG_20231203_121854-scaled-1-1024x512.jpg 1024w, https:\/\/www.farakostolna.sk\/wp-content\/uploads\/2024\/01\/IMG_20231203_121854-scaled-1-300x150.jpg 300w, https:\/\/www.farakostolna.sk\/wp-content\/uploads\/2024\/01\/IMG_20231203_121854-scaled-1-768x384.jpg 768w, https:\/\/www.farakostolna.sk\/wp-content\/uploads\/2024\/01\/IMG_20231203_121854-scaled-1-1536x768.jpg 1536w, https:\/\/www.farakostolna.sk\/wp-content\/uploads\/2024\/01\/IMG_20231203_121854-scaled-1-2048x1024.jpg 2048w\" sizes=\"auto, (max-width: 1024px) 100vw, 1024px\" \/><\/figure>\n<\/div>\n\n\n<p>Pri prvej adventnej nedeli bolo u\u017e tradi\u010dn\u00e9 po\u017eehnanie vencov. Na tento de\u0148 pripadla aj rodinn\u00e1 sv\u00e4t\u00e1 om\u0161a, na ktorej n\u00e1s nav\u0161t\u00edvil sv\u00e4t\u00fd Mikul\u00e1\u0161, ktor\u00fd rozdal 200 bohat\u00fdch bal\u00ed\u010dkov, ktor\u00e9 mu pomohli prichysta\u0165 \u0161tedr\u00ed a obetav\u00ed rodi\u010dia. Okrem individu\u00e1lnych darcov Mikul\u00e1\u0161ovi pomohlo Ob\u010dianske zdru\u017eenie Ad puerum.&nbsp;<em>(red.)<\/em><\/p>\n\n\n\n<p>Fotografie zo sv. om\u0161e s\u00fa dostupn\u00e9 <strong><a href=\"https:\/\/drive.google.com\/drive\/folders\/1-897HUzL-xsXwAchUjr3RuM_UJrbTsCs?usp=sharing\">na tomto odkaze<\/a>. <\/strong><\/p>\n","protected":false},"excerpt":{"rendered":"<p>Pri prvej adventnej nedeli bolo u\u017e tradi\u010dn\u00e9 po\u017eehnanie vencov. Na tento de\u0148 pripadla aj rodinn\u00e1 sv\u00e4t\u00e1 om\u0161a, na ktorej n\u00e1s nav\u0161t\u00edvil sv\u00e4t\u00fd Mikul\u00e1\u0161, ktor\u00fd rozdal 200 bohat\u00fdch bal\u00ed\u010dkov, ktor\u00e9 mu pomohli prichysta\u0165 \u0161tedr\u00ed a obetav\u00ed rodi\u010dia. Okrem individu\u00e1lnych darcov Mikul\u00e1\u0161ovi pomohlo Ob\u010dianske zdru\u017eenie Ad puerum.&nbsp;(red.) Fotografie zo sv. om\u0161e s\u00fa dostupn\u00e9 na tomto odkaze.<\/p>\n","protected":false},"author":7,"featured_media":1423,"comment_status":"closed","ping_status":"closed","sticky":false,"template":"","format":"standard","meta":{"footnotes":""},"categories":[17],"tags":[],"class_list":{"0":"entry","1":"post","2":"publish","3":"author-slado89gmail-com","4":"post-8715","6":"format-standard","7":"has-post-thumbnail","8":"category-sv-omsa"},"_links":{"self":[{"href":"https:\/\/www.farakostolna.sk\/index.php?rest_route=\/wp\/v2\/posts\/8715","targetHints":{"allow":["GET"]}}],"collection":[{"href":"https:\/\/www.farakostolna.sk\/index.php?rest_route=\/wp\/v2\/posts"}],"about":[{"href":"https:\/\/www.farakostolna.sk\/index.php?rest_route=\/wp\/v2\/types\/post"}],"author":[{"embeddable":true,"href":"https:\/\/www.farakostolna.sk\/index.php?rest_route=\/wp\/v2\/users\/7"}],"replies":[{"embeddable":true,"href":"https:\/\/www.farakostolna.sk\/index.php?rest_route=%2Fwp%2Fv2%2Fcomments&post=8715"}],"version-history":[{"count":1,"href":"https:\/\/www.farakostolna.sk\/index.php?rest_route=\/wp\/v2\/posts\/8715\/revisions"}],"predecessor-version":[{"id":8876,"href":"https:\/\/www.farakostolna.sk\/index.php?rest_route=\/wp\/v2\/posts\/8715\/revisions\/8876"}],"wp:featuredmedia":[{"embeddable":true,"href":"https:\/\/www.farakostolna.sk\/index.php?rest_route=\/wp\/v2\/media\/1423"}],"wp:attachment":[{"href":"https:\/\/www.farakostolna.sk\/index.php?rest_route=%2Fwp%2Fv2%2Fmedia&parent=8715"}],"wp:term":[{"taxonomy":"category","embeddable":true,"href":"https:\/\/www.farakostolna.sk\/index.php?rest_route=%2Fwp%2Fv2%2Fcategories&post=8715"},{"taxonomy":"post_tag","embeddable":true,"href":"https:\/\/www.farakostolna.sk\/index.php?rest_route=%2Fwp%2Fv2%2Ftags&post=8715"}],"curies":[{"name":"wp","href":"https:\/\/api.w.org\/{rel}","templated":true}]}}