{"id":8708,"date":"2023-12-01T22:28:05","date_gmt":"2023-12-01T22:28:05","guid":{"rendered":"https:\/\/www.farakostolna.sk\/?p=8708"},"modified":"2024-01-15T12:21:24","modified_gmt":"2024-01-15T12:21:24","slug":"farske-oznamy-a-zamyslenie-03-12-2023","status":"publish","type":"post","link":"https:\/\/www.farakostolna.sk\/?p=8708","title":{"rendered":"Farsk\u00e9 oznamy a zamyslenie (03.12.2023)"},"content":{"rendered":"<div class=\"wp-block-image\">\n<figure class=\"aligncenter size-large\"><img loading=\"lazy\" decoding=\"async\" width=\"1024\" height=\"341\" src=\"https:\/\/www.farakostolna.sk\/wp-content\/uploads\/2024\/01\/ezgif.com-webp-to-jpg-1024x341.jpg\" alt=\"\" class=\"wp-image-1422\" srcset=\"https:\/\/www.farakostolna.sk\/wp-content\/uploads\/2024\/01\/ezgif.com-webp-to-jpg-1024x341.jpg 1024w, https:\/\/www.farakostolna.sk\/wp-content\/uploads\/2024\/01\/ezgif.com-webp-to-jpg-300x100.jpg 300w, https:\/\/www.farakostolna.sk\/wp-content\/uploads\/2024\/01\/ezgif.com-webp-to-jpg-768x256.jpg 768w, https:\/\/www.farakostolna.sk\/wp-content\/uploads\/2024\/01\/ezgif.com-webp-to-jpg.jpg 1200w\" sizes=\"auto, (max-width: 1024px) 100vw, 1024px\" \/><\/figure>\n<\/div>\n\n\n<p><\/p>\n\n\n\n<p>\u017dijeme dobu, ke\u010f neraz prebdieme \u010das, ktor\u00fd m\u00e1me na odpo\u010dinok. Je\u017ei\u0161 od n\u00e1s ale vy\u017eaduje in\u00fa bdelos\u0165. Tak\u00fa, ktor\u00e1 n\u00e1s privedie do Bo\u017eieho kr\u00e1\u013eovstva. Ako vyu\u017e\u00edvame n\u00e1\u0161 vz\u00e1cny \u010das?<\/p>\n\n\n\n<p><strong>Sv\u00e4t\u00e9 om\u0161e u n\u00e1s:<\/strong><\/p>\n\n\n\n<p><strong>sobota \u2013 2. decembra (s nede\u013enou platnos\u0165ou)<\/strong><\/p>\n\n\n\n<ul class=\"wp-block-list\">\n<li><strong>17:00 \u2013 Hrub\u00e1 Bor\u0161a (slov.\/ma\u010f.)<\/strong><\/li>\n\n\n\n<li><strong>18:00 \u2013 Kostoln\u00e1 (slov.)<\/strong><\/li>\n<\/ul>\n\n\n\n<p><strong>nede\u013ea \u2013 3. decembra<\/strong><\/p>\n\n\n\n<ul class=\"wp-block-list\">\n<li><strong>8:00 \u2013 Hrub\u00fd \u0160\u00far (ma\u010f.)<\/strong><\/li>\n\n\n\n<li><strong>9:30 \u2013 Kostoln\u00e1 (ma\u010f.)<\/strong><\/li>\n\n\n\n<li><strong>11:00 \u2013 Kostoln\u00e1 (slov.)<\/strong><\/li>\n<\/ul>\n\n\n\n<p>V t\u00fato nede\u013eu o 11:00 je tzv. \u201crodinn\u00e1\u201d sv\u00e4t\u00e1 om\u0161a, poz\u00fdvame osobitne deti spolu s rodi\u010dmi.<\/p>\n\n\n\n<p>Tento t\u00fd\u017ede\u0148 budem spoveda\u0165 v Kostolnej v stredu a piatok na farskom dvore pod pr\u00edstre\u0161kom od 16:00 do 17:00. V tom \u010dase bude v kostole ador\u00e1cia.<strong><span style=\"color:red\"> V sobotu od 9:00 do 11:00 bud\u00fa viacer\u00ed k\u0148azi vysluhova\u0165 sviatos\u0165 zmierenia v na\u0161ich troch kostoloch. Vyu\u017eite t\u00fato mo\u017enos\u0165.<\/span><\/strong><\/p>\n\n\n\n<p>Sme pozvan\u00ed na\u010falej pripravova\u0165 spolo\u010dne dar\u010dek pre n\u00e1\u0161ho viano\u010dn\u00e9ho osl\u00e1venca Je\u017ei\u0161ka. Do dar\u010dekovej krabice m\u00f4\u017eeme vlo\u017ei\u0165 ka\u017ed\u00fd de\u0148 po sv\u00e4tej om\u0161i ak\u00fako\u013evek vyroben\u00fa hviezdu, ke\u010f mu sp\u00f4sob\u00edme rados\u0165 a to konkr\u00e9tne oddnes po 2. adventn\u00fa nede\u013eu. \u00dalohou na tento t\u00fd\u017ede\u0148 bude sna\u017ei\u0165 sa by\u0165 s Je\u017ei\u0161kom na sv\u00e4tej om\u0161i, lebo ho m\u00e1me radi.<\/p>\n\n\n\n<p>Tento t\u00fd\u017ede\u0148 bud\u00fa aj ror\u00e1tne sv\u00e4t\u00e9 om\u0161e. V stredu v Kostolnej v slovenskom, vo \u0161tvrtok v Kostolnej v ma\u010farskom a v piatok v Hrubom \u0160\u00fare v ma\u010farskom jazyku v\u017edy o 6:00 r\u00e1no. Sv\u00e4t\u00e9 om\u0161e s\u00fa sl\u00e1ven\u00e9 v \u00faplnej tme a ka\u017ed\u00fd preto dostane pri vstupe svie\u010dku.<\/p>\n\n\n\n<p><strong>V piatok m\u00e1me cirkevne prik\u00e1zan\u00fd sviatok \u201cNepo\u0161kvrnen\u00e9ho po\u010datia Panny M\u00e1rie\u201d. Sv\u00e4t\u00e9 om\u0161e bud\u00fa nasledovne:<\/strong><\/p>\n\n\n\n<p><strong>v predve\u010der, \u0161tvrtok &#8211; 7.decembra:<\/strong><\/p>\n\n\n\n<ul class=\"wp-block-list\">\n<li><strong>17:00 \u2013 Hrub\u00e1 Bor\u0161a (slov.\/ma\u010f.)<\/strong><\/li>\n\n\n\n<li><strong>18:00 \u2013 Kostoln\u00e1 (slov.)<\/strong><\/li>\n<\/ul>\n\n\n\n<p><strong>v piatok \u2013 8. decembra<\/strong><\/p>\n\n\n\n<ul class=\"wp-block-list\">\n<li><strong>6:00 \u2013 Hrub\u00fd \u0160\u00far (ma\u010f.)<\/strong><\/li>\n\n\n\n<li><strong>17:00 \u2013 Kostoln\u00e1 (ma\u010f.)<\/strong><\/li>\n\n\n\n<li><strong>18:00 \u2013 Kostoln\u00e1 (slov.)<\/strong><\/li>\n<\/ul>\n\n\n\n<p>Tento v\u00edkend m\u00e1me na celom Slovensku jesenn\u00fa zbierku na charitu.<\/p>\n\n\n\n<p>U\u017e je mo\u017en\u00e9 si nahlasova\u0165 \u00famysly sv\u00e4t\u00fdch om\u0161\u00ed aj na bud\u00faci kalend\u00e1rny rok.<\/p>\n\n\n\n<p>S \u00factou, <br>Pavol Gajdo\u0161,&nbsp;v\u00e1\u0161&nbsp;far\u00e1r<\/p>\n","protected":false},"excerpt":{"rendered":"<p>\u017dijeme dobu, ke\u010f neraz prebdieme \u010das, ktor\u00fd m\u00e1me na odpo\u010dinok. Je\u017ei\u0161 od n\u00e1s ale vy\u017eaduje in\u00fa bdelos\u0165. Tak\u00fa, ktor\u00e1 n\u00e1s privedie do Bo\u017eieho kr\u00e1\u013eovstva. Ako vyu\u017e\u00edvame n\u00e1\u0161 vz\u00e1cny \u010das? Sv\u00e4t\u00e9 om\u0161e u n\u00e1s: sobota \u2013 2. decembra (s nede\u013enou platnos\u0165ou) nede\u013ea \u2013 3. decembra V t\u00fato nede\u013eu o 11:00 je tzv. \u201crodinn\u00e1\u201d sv\u00e4t\u00e1 om\u0161a, poz\u00fdvame &#8230; <span class=\"more\"><a class=\"more-link\" href=\"https:\/\/www.farakostolna.sk\/?p=8708\">[\u010c\u00edta\u0165 \u010falej&#8230;]<\/a><\/span><\/p>\n","protected":false},"author":7,"featured_media":1422,"comment_status":"closed","ping_status":"closed","sticky":false,"template":"","format":"standard","meta":{"footnotes":""},"categories":[13],"tags":[],"class_list":{"0":"entry","1":"post","2":"publish","3":"author-slado89gmail-com","4":"post-8708","6":"format-standard","7":"has-post-thumbnail","8":"category-oznamy"},"_links":{"self":[{"href":"https:\/\/www.farakostolna.sk\/index.php?rest_route=\/wp\/v2\/posts\/8708","targetHints":{"allow":["GET"]}}],"collection":[{"href":"https:\/\/www.farakostolna.sk\/index.php?rest_route=\/wp\/v2\/posts"}],"about":[{"href":"https:\/\/www.farakostolna.sk\/index.php?rest_route=\/wp\/v2\/types\/post"}],"author":[{"embeddable":true,"href":"https:\/\/www.farakostolna.sk\/index.php?rest_route=\/wp\/v2\/users\/7"}],"replies":[{"embeddable":true,"href":"https:\/\/www.farakostolna.sk\/index.php?rest_route=%2Fwp%2Fv2%2Fcomments&post=8708"}],"version-history":[{"count":1,"href":"https:\/\/www.farakostolna.sk\/index.php?rest_route=\/wp\/v2\/posts\/8708\/revisions"}],"predecessor-version":[{"id":8877,"href":"https:\/\/www.farakostolna.sk\/index.php?rest_route=\/wp\/v2\/posts\/8708\/revisions\/8877"}],"wp:featuredmedia":[{"embeddable":true,"href":"https:\/\/www.farakostolna.sk\/index.php?rest_route=\/wp\/v2\/media\/1422"}],"wp:attachment":[{"href":"https:\/\/www.farakostolna.sk\/index.php?rest_route=%2Fwp%2Fv2%2Fmedia&parent=8708"}],"wp:term":[{"taxonomy":"category","embeddable":true,"href":"https:\/\/www.farakostolna.sk\/index.php?rest_route=%2Fwp%2Fv2%2Fcategories&post=8708"},{"taxonomy":"post_tag","embeddable":true,"href":"https:\/\/www.farakostolna.sk\/index.php?rest_route=%2Fwp%2Fv2%2Ftags&post=8708"}],"curies":[{"name":"wp","href":"https:\/\/api.w.org\/{rel}","templated":true}]}}