{"id":8697,"date":"2023-11-24T22:48:35","date_gmt":"2023-11-24T22:48:35","guid":{"rendered":"https:\/\/www.farakostolna.sk\/?p=8697"},"modified":"2024-01-15T12:22:47","modified_gmt":"2024-01-15T12:22:47","slug":"farske-oznamy-a-zamyslenie-26-11-2023","status":"publish","type":"post","link":"https:\/\/www.farakostolna.sk\/?p=8697","title":{"rendered":"Farsk\u00e9 oznamy a zamyslenie (26.11.2023)"},"content":{"rendered":"<div class=\"wp-block-image\">\n<figure class=\"aligncenter size-full is-resized\"><img loading=\"lazy\" decoding=\"async\" width=\"274\" height=\"184\" src=\"https:\/\/www.farakostolna.sk\/wp-content\/uploads\/2024\/01\/WhatsApp-Image-2023-11-24-at-21.56.29_7a0c5db1.jpg\" alt=\"\" class=\"wp-image-1421\" style=\"width:424px;height:auto\"\/><\/figure>\n<\/div>\n\n\n<p><\/p>\n\n\n\n<p>\u201ePane, a kedy sme \u0165a videli\u2026\u201c &#8211; spolo\u010dn\u00e9 \u010dudovanie sa spasen\u00fdch aj zatraten\u00fdch. Nesta\u010d\u00ed len nerobi\u0165 zlo, ale treba kona\u0165 dobro a proti zlu sa akt\u00edvne postavi\u0165. Rozpoznanie dobra a zla v\u0161ak nie je tak\u00e9 jednoduch\u00e9. Zl\u00fd m\u00f4\u017ee by\u0165 skryt\u00fd aj v \u201epriate\u013eovi\u201c a Kristus aj v nepriate\u013eovi. Vieme rozl\u00ed\u0161i\u0165, kto je kto?<\/p>\n\n\n\n<p><strong>Sv\u00e4t\u00e9 om\u0161e u n\u00e1s:<\/strong><\/p>\n\n\n\n<p><strong>sobota \u2013 25. novembra (s nede\u013enou platnos\u0165ou)<\/strong><\/p>\n\n\n\n<ul class=\"wp-block-list\">\n<li><strong>17:00 \u2013 Hrub\u00e1 Bor\u0161a (slov.\/ma\u010f.)<\/strong><\/li>\n\n\n\n<li><strong>18:00 \u2013 Kostoln\u00e1 (slov.)<\/strong><\/li>\n<\/ul>\n\n\n\n<p><strong>nede\u013ea \u2013 26. novembra<\/strong><\/p>\n\n\n\n<ul class=\"wp-block-list\">\n<li><strong>8:00 \u2013 Hrub\u00fd \u0160\u00far (ma\u010f.)<\/strong><\/li>\n\n\n\n<li><strong>9:30 \u2013 Kostoln\u00e1 (ma\u010f.)<\/strong><\/li>\n\n\n\n<li><strong>11:00 \u2013 Kostoln\u00e1 (slov.)<\/strong><\/li>\n<\/ul>\n\n\n\n<p>Tento t\u00fd\u017ede\u0148 budem spoveda\u0165 v Kostolnej v utorok, stredu, \u0161tvrtok a piatok na farskom dvore pod pr\u00edstre\u0161kom od 16:00 do 17:00. V tom \u010dase bude v kostole ador\u00e1cia.<\/p>\n\n\n\n<p><strong>O t\u00fd\u017ede\u0148 n\u00e1m za\u010d\u00edna advent. Na v\u0161etk\u00fdch sv\u00e4t\u00fdch om\u0161iach budem o t\u00fd\u017ede\u0148 po\u017eehn\u00e1va\u0165 adventn\u00e9 vence.<\/strong><\/p>\n\n\n\n<p><strong>Ke\u010f\u017ee tento rok m\u00e1me najkrat\u0161\u00ed advent, u\u017e od dnes poz\u00fdvame v\u0161etk\u00fdch do adventnej aktivity &#8211; pripravova\u0165 spolo\u010dne dar\u010dek pre n\u00e1\u0161ho viano\u010dn\u00e9ho osl\u00e1venca &#8211; Je\u017ei\u0161ka. Do dar\u010dekovej krabice m\u00f4\u017eeme vlo\u017ei\u0165 ka\u017ed\u00fd de\u0148 po sv\u00e4tej om\u0161i ak\u00e9ko\u013evek vyroben\u00e9 srdce, ke\u010f mu sp\u00f4sob\u00edme rados\u0165 a to konkr\u00e9tne od dnes po 1. adventn\u00fa nede\u013eu by sme sa sna\u017eili by\u0165 s Je\u017ei\u0161kom spojen\u00ed v modlitbe, lebo ho m\u00e1me radi.<\/strong><\/p>\n\n\n\n<p>Minulot\u00fd\u017ed\u0148ov\u00e1 pravideln\u00e1 mesa\u010dn\u00e1 zbierka na opravu farsk\u00e9ho kostola a prev\u00e1dzkov\u00e9 n\u00e1klady farnosti vyniesla v Kostolnej 833,30 \u20ac, v Hrubej Bor\u0161i 78,30 \u20ac a v Hrubom \u0160\u00fare na prev\u00e1dzkov\u00e9 n\u00e1klady farnosti a potreby \u0161\u00farskej kaplnky 148,80 \u20ac. \u00daprimne \u010fakujem.<\/p>\n\n\n\n<p>Na bud\u00faci v\u00edkend m\u00e1me na celom Slovensku jesenn\u00fa zbierku na charitu.<\/p>\n\n\n\n<p><strong>U\u017e je mo\u017en\u00e9 si nahlasova\u0165 \u00famysly sv\u00e4t\u00fdch om\u0161\u00ed aj na bud\u00faci kalend\u00e1rny rok.<\/strong><\/p>\n\n\n\n<p>S \u00factou, <br>Pavol Gajdo\u0161,&nbsp;v\u00e1\u0161&nbsp;far\u00e1r<\/p>\n","protected":false},"excerpt":{"rendered":"<p>\u201ePane, a kedy sme \u0165a videli\u2026\u201c &#8211; spolo\u010dn\u00e9 \u010dudovanie sa spasen\u00fdch aj zatraten\u00fdch. Nesta\u010d\u00ed len nerobi\u0165 zlo, ale treba kona\u0165 dobro a proti zlu sa akt\u00edvne postavi\u0165. Rozpoznanie dobra a zla v\u0161ak nie je tak\u00e9 jednoduch\u00e9. Zl\u00fd m\u00f4\u017ee by\u0165 skryt\u00fd aj v \u201epriate\u013eovi\u201c a Kristus aj v nepriate\u013eovi. Vieme rozl\u00ed\u0161i\u0165, kto je kto? Sv\u00e4t\u00e9 om\u0161e &#8230; <span class=\"more\"><a class=\"more-link\" href=\"https:\/\/www.farakostolna.sk\/?p=8697\">[\u010c\u00edta\u0165 \u010falej&#8230;]<\/a><\/span><\/p>\n","protected":false},"author":7,"featured_media":1421,"comment_status":"closed","ping_status":"closed","sticky":false,"template":"","format":"standard","meta":{"footnotes":""},"categories":[13],"tags":[],"class_list":{"0":"entry","1":"post","2":"publish","3":"author-slado89gmail-com","4":"post-8697","6":"format-standard","7":"has-post-thumbnail","8":"category-oznamy"},"_links":{"self":[{"href":"https:\/\/www.farakostolna.sk\/index.php?rest_route=\/wp\/v2\/posts\/8697","targetHints":{"allow":["GET"]}}],"collection":[{"href":"https:\/\/www.farakostolna.sk\/index.php?rest_route=\/wp\/v2\/posts"}],"about":[{"href":"https:\/\/www.farakostolna.sk\/index.php?rest_route=\/wp\/v2\/types\/post"}],"author":[{"embeddable":true,"href":"https:\/\/www.farakostolna.sk\/index.php?rest_route=\/wp\/v2\/users\/7"}],"replies":[{"embeddable":true,"href":"https:\/\/www.farakostolna.sk\/index.php?rest_route=%2Fwp%2Fv2%2Fcomments&post=8697"}],"version-history":[{"count":2,"href":"https:\/\/www.farakostolna.sk\/index.php?rest_route=\/wp\/v2\/posts\/8697\/revisions"}],"predecessor-version":[{"id":8879,"href":"https:\/\/www.farakostolna.sk\/index.php?rest_route=\/wp\/v2\/posts\/8697\/revisions\/8879"}],"wp:featuredmedia":[{"embeddable":true,"href":"https:\/\/www.farakostolna.sk\/index.php?rest_route=\/wp\/v2\/media\/1421"}],"wp:attachment":[{"href":"https:\/\/www.farakostolna.sk\/index.php?rest_route=%2Fwp%2Fv2%2Fmedia&parent=8697"}],"wp:term":[{"taxonomy":"category","embeddable":true,"href":"https:\/\/www.farakostolna.sk\/index.php?rest_route=%2Fwp%2Fv2%2Fcategories&post=8697"},{"taxonomy":"post_tag","embeddable":true,"href":"https:\/\/www.farakostolna.sk\/index.php?rest_route=%2Fwp%2Fv2%2Ftags&post=8697"}],"curies":[{"name":"wp","href":"https:\/\/api.w.org\/{rel}","templated":true}]}}