{"id":8605,"date":"2023-11-05T19:38:36","date_gmt":"2023-11-05T19:38:36","guid":{"rendered":"https:\/\/www.farakostolna.sk\/?p=8605"},"modified":"2023-11-05T19:38:36","modified_gmt":"2023-11-05T19:38:36","slug":"tanzania-2023-aktualizovane-5-11-2023","status":"publish","type":"post","link":"https:\/\/www.farakostolna.sk\/?p=8605","title":{"rendered":"Tanz\u00e1nia 2023 (aktualizovan\u00e9 12.11.2023)"},"content":{"rendered":"\n<figure class=\"wp-block-image size-full\"><img decoding=\"async\" src=\"https:\/\/www.farakostolna.sk\/wp-content\/uploads\/2023\/11\/WhatsApp-Image-2023-11-12-at-22.39.44_5fdf1cd8.jpg\" alt=\"\" class=\"wp-image-8669\"\/><\/figure>\n\n\n\n<p class=\"has-text-align-center has-medium-font-size\"><a href=\"https:\/\/photos.app.goo.gl\/ZPPNZdWAPw37s6eb8\" target=\"_blank\" rel=\"noreferrer noopener\"><strong>Zop\u00e1r fotiek z Afriky<\/strong><\/a><\/p>\n\n\n\n<p><strong><strong>Cesta na misiu b\u00fdva ob\u010das zar\u00faban\u00e1<\/strong><\/strong><\/p>\n\n\n\n<!--more-->\n\n\n\n<p><strong>De\u0148 prv\u00fd.<\/strong><\/p>\n\n\n\n<p>\u010clenovia misijnej v\u00fdpravy do Tanz\u00e1nie sa stretli na viedenskom letisku. Dvan\u00e1s\u0165 \u013eud\u00ed a dve do prasknutia napchat\u00e9 dod\u00e1vky.<\/p>\n\n\n\n<p>Vy\u0161e dvadsa\u0165 kufrov bato\u017einy s misijn\u00fdm materi\u00e1lom od slovensk\u00fdch dobrodincov a podporovate\u013eov misi\u00ed bolo vo vestibule letiskovej haly doslova senz\u00e1ciou.<\/p>\n\n\n\n<p>Kr\u00ed\u017eov\u00e1 cesta pre katedr\u00e1lu, oma\u013eov\u00e1nky pre deti, cukr\u00edky, zdravotn\u00edcky materi\u00e1l a mnoho in\u00e9ho, \u010do na\u0161im kres\u0165ansk\u00fdm bratom a sestr\u00e1m v Tanz\u00e1nii dobre posl\u00fa\u017ei.<\/p>\n\n\n\n<p>\u010clovek si veci napl\u00e1nuje, no Boh si kon\u00e1 po svojom. Tak aj na\u0161a misijn\u00e1 v\u00fdprava namiesto do Istanbulu musela kv\u00f4li zl\u00e9mu po\u010dasiu nad \u010ciernym morom n\u00fadzovo prist\u00e1\u0165 v Rumunsku.<\/p>\n\n\n\n<p>Po nieko\u013ek\u00fdch hodin\u00e1ch, ke\u010f nikto z cestuj\u00facich nemohol opusti\u0165 palubu lietadla sme znova vzlietli.<\/p>\n\n\n\n<p>Op\u00e4\u0165 do b\u00farky, op\u00e4\u0165 do turbulenci\u00ed, ale nakoniec sme s nieko\u013ekohodinov\u00fdm ome\u0161kan\u00edm neskoro v noci prist\u00e1li v Istanbule.<\/p>\n\n\n\n<p>Na palube lietadla sme stretli a \u017eivo debatovali so Slov\u00e1kmi, ktor\u00ed smerovali na misie do Ugandy.<\/p>\n\n\n\n<p>Je kr\u00e1sne vidie\u0165 ako v mene Je\u017ei\u0161a \u013eudia putuj\u00fa po svete, aby ohlasovali jeho radostn\u00fa zves\u0165.<br>A to nie len slovom, ale aj slu\u017ebou a materi\u00e1lnou pomocou.<\/p>\n\n\n\n<p>Na\u0161e lietadlo do Tanz\u00e1nie v\u0161ak u\u017e d\u00e1vno odletelo a my sme vyvrhnut\u00ed na jednom z najv\u00e4\u010d\u0161\u00edch let\u00edsk sveta h\u013eadali n\u00e1hradn\u00fd let.<\/p>\n\n\n\n<p>V\u0161etky tieto snahy trvali do bieleho r\u00e1na. Ako kompenz\u00e1ciu za vzniknut\u00e9 probl\u00e9my n\u00e1m leteck\u00e1 spolo\u010dnost zabezpe\u010dila ubytovanie.<\/p>\n\n\n\n<p>Mali sme byt u\u017e v Afrike, no e\u0161te st\u00e1le \u010dak\u00e1me v Turecku.<\/p>\n\n\n\n<p>Aj trasu letu m\u00e1me zmenen\u00fa. Z Turecka do Kataru a odia\u013e, ak Boh d\u00e1, tak kone\u010dne do Tanz\u00e1nie.<\/p>\n\n\n\n<p>Amen<\/p>\n\n\n\n<hr class=\"wp-block-separator has-alpha-channel-opacity\"\/>\n\n\n\n<p><strong>\u010co bude s kr\u00ed\u017eovou cestou?<\/strong><\/p>\n\n\n\n<p><strong>De\u0148 druh\u00fd a tret\u00ed.<\/strong><\/p>\n\n\n\n<p>M\u00e1me za sebou tis\u00edce kilometrov. A tretiu noc bez sp\u00e1nku.<\/p>\n\n\n\n<p>Cez Katar sme sa nakoniec \u0161\u0165astne dostali do Tanz\u00e1nie. Let trval dlh\u00fdch sedem hod\u00edn.<\/p>\n\n\n\n<p>Tak\u00e1to cesta pln\u00e1 komplik\u00e1ci\u00ed \u010dloveka tr\u00e9nuje jednak v trpezlivosti, ale tie\u017e v zhovievavosti k in\u00fdm \u013eu\u010fom, ale aj k sebe sam\u00e9mu.<\/p>\n\n\n\n<p>Tanz\u00e1nia n\u00e1s priv\u00edtala hust\u00fdm da\u017e\u010fom. Prist\u00e1li sme na letisku Kilimand\u017e\u00e1ro. Toto letisko le\u017e\u00ed v bl\u00edzkosti najvy\u0161\u0161ieho pohoria Afriky. Je to n\u00e1dhera. Je tu \u00faplne in\u00e9 svetlo ako u n\u00e1s doma na Slovensku.<\/p>\n\n\n\n<p>Hne\u010f sme si zaspom\u00ednali na Ernesta Hemingwaya a jeho legend\u00e1rnu knihu Zelen\u00e9 pahorky africk\u00e9, v ktorej opisuje pr\u00e1ve t\u00fato kr\u00e1snu \u010das\u0165 v\u00fdchodnej Afriky. Nav\u0161t\u00edvil ju aj s man\u017eelkou v roku 1935.<\/p>\n\n\n\n<p>Afrika m\u00e1 svoje tempo, od Hemingwayovej n\u00e1v\u0161tevy sa tu toho a\u017e tak ve\u013ea nezmenilo\u2026 Ka\u017ed\u00fd m\u00e1 \u010das a dobr\u00fa n\u00e1ladu. Stres je tu nezn\u00e1my pojem.<\/p>\n\n\n\n<p>Mision\u00e1r m\u00e1 v\u0161ak svoje poslanie, nemo\u017eno sa dlho kocha\u0165 v\u00fdh\u013eadmi, treba za\u010da\u0165 pracova\u0165 na pln\u00e9 obr\u00e1tky. A to hne\u010f.<\/p>\n\n\n\n<p>To sme v\u0161ak e\u0161te netu\u0161ili ak\u00e9 \u010fal\u0161ie peripetie n\u00e1m Prozrete\u013enos\u0165 pripravila.<\/p>\n\n\n\n<p>Sedemn\u00e1s\u0165 kufrov s misijn\u00fdm materi\u00e1lom do Tanz\u00e1nie nedorazilo.<\/p>\n\n\n\n<p>Zastavenia n\u00e1dherne vyrez\u00e1vanej kr\u00ed\u017eovej cesty lietaj\u00fa niekde nad kontinentmi a ani za ten svet n\u00e1m nikto nevie poveda\u0165, kde sa nach\u00e1dzaj\u00fa, kde sa stala chyba a \u010di na\u0161u bato\u017einu so \u201csv\u00e4t\u00fdmi vecami\u201d e\u0161te niekedy uvid\u00edme.<\/p>\n\n\n\n<p>Nepom\u00e1ha n\u00e1m ani hnev, ani sm\u00fatok, zase raz mus\u00edme v\u0161etko s d\u00f4verou vlo\u017ei\u0165 do Bo\u017e\u00edch r\u00fak.<\/p>\n\n\n\n<p>Dobr\u00e9 znamenie je, \u017ee Bohost\u00e1nok dorazil v poriadku a tie\u017e dve zastavenia kr\u00ed\u017eovej cesty.<\/p>\n\n\n\n<p>M\u00e1me v\u00fdjav, ke\u010f Je\u017ei\u0161 pad\u00e1 prv\u00fdkr\u00e1t pod kr\u00ed\u017eom a zastavenie, ke\u010f sa Je\u017ei\u0161 stret\u00e1 so svojou matkou.<\/p>\n\n\n\n<p><strong>Ak\u00e9 siln\u00e9 veci s\u00fa to!<\/strong><\/p>\n\n\n\n<p>Pomodl\u00edme sa \u201cPod tvoju ochranu\u2026\u201d, aby sme mali mocn\u00fa z\u00e1\u0161titu a vrhneme sa do nieko\u013eko hodinov\u00e9ho vybavovania formal\u00edt, kv\u00f4li stratenej bato\u017eine.<\/p>\n\n\n\n<p>Pred letiskom n\u00e1s \u010dakaj\u00fa na\u0161i tanz\u00e1nski bratia s mikrobusom. Odvez\u00fa n\u00e1s do mesta Kahama, kde sme p\u00f4vodne mali zakotvi\u0165 u\u017e v nede\u013eu ve\u010der.<\/p>\n\n\n\n<p>M\u00e1me pred sebou 700 kilometrov po k\u013eukat\u00fdch cest\u00e1ch Tanz\u00e1nie, \u010do re\u00e1lne znamen\u00e1 azda aj dvan\u00e1s\u0165 hodinov\u00e9 trm\u00e1cania sa.<\/p>\n\n\n\n<p>Modl\u00edme sa ru\u017eenec, zdie\u013eame sa so svojimi pocitmi, pl\u00e1nujeme misijn\u00e9 stretnutia \u010fal\u0161\u00edch dn\u00ed.<\/p>\n\n\n\n<p>\u010eakujeme za va\u0161u podporu a hlavne za modlitby.<\/p>\n\n\n\n<p>Bez modlitby \u017eiaden mision\u00e1r neobstoj\u00ed.<\/p>\n\n\n\n<p><strong>No a na z\u00e1ver:<\/strong> Sv\u00e4t\u00fd Anton, patr\u00f3n straten\u00fdch vec\u00ed, nech sa postar\u00e1 o na\u0161e straten\u00e9 kufre s kr\u00ed\u017eovou cestou a misijn\u00fdm materi\u00e1lom.<\/p>\n\n\n\n<p>Amen<\/p>\n\n\n\n<hr class=\"wp-block-separator has-alpha-channel-opacity\"\/>\n\n\n\n<p><strong>Dobr\u00e9 spr\u00e1vy a kone\u010dne na misii<\/strong><\/p>\n\n\n\n<p><strong>De\u0148 \u0161tvrt\u00fd.<\/strong><\/p>\n\n\n\n<p>Cesta z letiska Kilimand\u017e\u00e1ro do Kahamy sa zdala nekone\u010dn\u00e1. Nakoniec sme do cie\u013ea zdarne dorazili hodinu po polnoci.<\/p>\n\n\n\n<p>Aj v tejto neskorej no\u010dnej hodine sa n\u00e1m dostalo srde\u010dn\u00e9ho prijatia. \u010cakal n\u00e1s samotn\u00fd p\u00e1n biskup, ktor\u00fd kv\u00f4li n\u00e1m pozmenil cel\u00fd svoj pl\u00e1novan\u00fd program.<\/p>\n\n\n\n<p>Spolu s otcom Salvatorem, talianskym mision\u00e1rom, ktor\u00fd v Tanzanii p\u00f4sob\u00ed u\u017e vy\u0161e dvadsa\u0165 rokov, n\u00e1m prichystali skvel\u00e9 ob\u010derstvenie. Dokonca aj pe\u010den\u00fd z\u00e1kusok s cukrovou polevou, \u010do je v tejto krajine absol\u00fatny z\u00e1zrak.<\/p>\n\n\n\n<p>O \u010do vz\u00e1cnej\u0161ie bolo zistenie, \u017ee ani oni na znak solidarity s na\u0161ou utrm\u00e1canou cestou nejedli a \u010dakali a\u017e na n\u00e1\u0161 pr\u00edchod. Tak\u00fdto pr\u00edstup \u010dlovek ocen\u00ed &#8211; radova\u0165 sa s raduj\u00facimi, plaka\u0165 s pla\u010d\u00facimi\u2026<\/p>\n\n\n\n<p>Potom sme sa odobrali na l\u00f4\u017eka. Po prebden\u00fdch nociach sme to u\u017e potrebovali ako so\u013e.<\/p>\n\n\n\n<p>R\u00e1no n\u00e1s priv\u00edtalo pozit\u00edvnou spr\u00e1vou. Volali z letiska, \u017ee v\u00e4\u010d\u0161ina z na\u0161ich straten\u00fdch kufrov sa na\u0161la. S\u00fa s\u00edce teraz na druhej strane Tanz\u00e1nie, 700 kilometrov od n\u00e1s, ale s\u00fa tu!!!<\/p>\n\n\n\n<p>V\u010faka Bohu, v\u010faka aj v\u00e1m priatelia za va\u0161e modlitby, v\u010faka sv. Antonovi patr\u00f3novi straten\u00fdch vec\u00ed.<\/p>\n\n\n\n<p>S tak\u00fdmito skvel\u00fdmi spr\u00e1vami sa \u013eah\u0161ie za\u010d\u00edna mision\u00e1rska slu\u017eba.<\/p>\n\n\n\n<p>Nasadli sme do \u00e1ut a po hrbo\u013eat\u00fdch cest\u00e1ch necest\u00e1ch sme sa vydali do Bulige. Je to farnos\u0165, ktor\u00fa spravuje otec Salvatore.<\/p>\n\n\n\n<p>Aj v\u010faka Slovensk\u00fdm dobrodincom tu dnes stoj\u00ed \u0161kola, je tu funk\u010dn\u00e1 stud\u0148a a buduje sa fara.<\/p>\n\n\n\n<p>Miestni n\u00e1s v\u010fa\u010dne prijali. Vedeli, \u017ee nie s\u00fa pre n\u00e1s len atrakciou, nie s\u00fa len \u201ct\u00fdmi nezn\u00e1mymi chudobn\u00fdmi \u013eudmi\u201d z Tanz\u00e1nie.<\/p>\n\n\n\n<p>Otec Salvatore pozn\u00e1 svojich farn\u00edkov po mene.<\/p>\n\n\n\n<p>Afrika je kontinentom det\u00ed a rod\u00edn, Tanz\u00e1nia nie je v\u00fdnimkou.<\/p>\n\n\n\n<p>Deti sa n\u00e1s radostne vrhli. Bielych \u013eud\u00ed v t\u00fdchto kon\u010din\u00e1ch nevidie\u0165.<\/p>\n\n\n\n<p>N\u00e1\u0161 t\u00edm v prvom rade odovzdal pozdravy, ale aj finan\u010dn\u00e9 dary od Slovensk\u00fdch dobrodincov.<\/p>\n\n\n\n<p>Potom pri\u0161iel na rad projekt Slovenskej katol\u00edckej charity &#8211; adopcie na dia\u013eku.<\/p>\n\n\n\n<p>Touto jednoduchou formou budeme m\u00f4c\u0165 podpori\u0165 tieto radostn\u00e9 deck\u00e1, aby r\u00e1stli v m\u00fadrosti, vo viere a aby raz v bud\u00facnosti zve\u013ea\u010fovali svoju krajinu.<\/p>\n\n\n\n<p>Je to a\u017e z\u00e1zrak ako ve\u013ea sa d\u00e1 vykona\u0165 s m\u00e1lom. Pripom\u00edna to my\u0161lienku sv. Franti\u0161ka z Assisi o tom, ako sa d\u00e1 vykona\u0165 z\u00e1zrak.<\/p>\n\n\n\n<p>Odpove\u010f je jednoduch\u00e1: robi\u0165 \u010do je potrebn\u00e9, urobi\u0165 \u010do je mo\u017en\u00e9 a zrazu vid\u00edte, \u017ee ste urobili nemo\u017en\u00e9.<\/p>\n\n\n\n<p>Do Bulige sa chyst\u00e1me aj zajtra. M\u00e1me v pl\u00e1ne pracova\u0165 na projekte Adopcie na dia\u013eku.<\/p>\n\n\n\n<p>S pomocou p\u00e1na u\u010dite\u013ea, ale aj miestnych \u013eud\u00ed, vyberieme deti, ktor\u00e9 to maj\u00fa \u0165a\u017ek\u00e9 a ktor\u00fdm by podpora zo Slovenska zmenila \u017eivoty.<\/p>\n\n\n\n<p>Boh po\u017eehnaj toto dielo.<\/p>\n\n\n\n<p>\u010eakujeme za va\u0161u podporu.<\/p>\n\n\n\n<hr class=\"wp-block-separator has-alpha-channel-opacity\"\/>\n\n\n\n<p><strong>Misia, rados\u0165 a spolo\u010denstvo<\/strong><\/p>\n\n\n\n<p><strong>Piaty de\u0148.<\/strong><\/p>\n\n\n\n<p>Dnes sme vyrazili op\u00e4\u0165 do ter\u00e9nu. Vr\u00e1tili sme sa do Bulige, kde sme boli v\u010dera nav\u0161t\u00edvi\u0165 \u013eud\u00ed, deti, miestnu \u0161kolu a tie\u017e obzrie\u0165 ako postupuj\u00fa stavebn\u00e9 pr\u00e1ce na fare.<\/p>\n\n\n\n<p>Pl\u00e1n bol jasn\u00fd. Nav\u0161t\u00edvi\u0165 deti z naj\u0165a\u017e\u0161\u00edch pomerov, zmapova\u0165 ich rodinn\u00e9 z\u00e1zemie a pripravi\u0165 podklady pre projekt Adopcie na dia\u013eku.<\/p>\n\n\n\n<p>Ako to u\u017e v \u017eivote a hlavne v Afrike b\u00fdva, \u010dlovek si nie\u010do napl\u00e1nuje, ale realita ho zasko\u010d\u00ed do takej miery, \u017ee sa ani nesta\u010d\u00ed \u010dudova\u0165.<\/p>\n\n\n\n<p>Optimistick\u00fd pl\u00e1n, ktor\u00ed sme si na\u010drtli, bolo \u0165a\u017ek\u00e9 naplni\u0165.<\/p>\n\n\n\n<p>\u0160tyridsa\u0165 stup\u0148ov\u00e1 hor\u00fa\u010dava a ve\u013ek\u00e9 vzdialenosti jednotliv\u00fdch obydl\u00ed na\u0161ich mal\u00fdch zverencov n\u00e1m dali zabra\u0165. Ale mnoh\u00e9 sa podarilo.<\/p>\n\n\n\n<p>Po obydliach n\u00e1s sprev\u00e1dzal u\u010dite\u013e Chrisant John Masaga, ktor\u00fd deti a ich rodinn\u00e9 pomery pozn\u00e1 do detailov a skvele ovl\u00e1da angli\u010dtinu, \u010di\u017ee bol spojkou medzi dom\u00e1cimi a nami.<\/p>\n\n\n\n<p>On s\u00e1m \u017eije skromne v jednoduchej izbi\u010dke, ktor\u00e1 je s\u00fa\u010das\u0165ou \u0161koly. Jeho odhodlanie sl\u00fa\u017ei\u0165 de\u0165om pripom\u00edna pr\u00edbehy v\u0161etk\u00fdch t\u00fdch stato\u010dn\u00fdch u\u010dite\u013eov, ke\u010f sa aj na\u0161a krajina dost\u00e1vala von z podru\u010dia analfabetizmu a biedy. Ve\u013emi v tom Chrisantovi dr\u017e\u00edme palce a budeme sa sna\u017ei\u0165 zo v\u0161etk\u00fdch s\u00edl ho podporova\u0165. Aj v\u010faka jeho intervenci\u00e1m a charizme sa n\u00e1m v\u0161ade dostalo srde\u010dn\u00e9ho prijatia. T\u00ed \u013eudia by v\u00e1m dali v\u0161etko. Paradoxom je, \u017ee z materi\u00e1lnych vec\u00ed nemaj\u00fa takmer ni\u010d. Maj\u00fa v\u0161ak in\u00e9 bohatstvo. Vz\u0165ahy, rodinu, priate\u013estv\u00e1, \u00fasmevy a otvoren\u00e9 dvere a srdce pre ka\u017ed\u00e9ho \u010dloveka dobrej v\u00f4le.<\/p>\n\n\n\n<p>Tamto zomrel otec, hentam \u017eij\u00fa piati v jednej hlinenej biednej chatr\u010di, tam je \u017eena, ktor\u00e1 sa star\u00e1 o tri deti a svoju matku, nem\u00e1 nikoho, kto by im pomohol z biedy, pre\u017e\u00edvaj\u00fa zo d\u0148a na de\u0148\u2026 Tak\u00fdchto osudov s\u00fa tu tis\u00edce. T\u00ed \u013eudia tu potrebuj\u00fa pomoc a vo v\u0161etk\u00fdch t\u00fdch okat\u00fdch de\u0165och je neuverite\u013en\u00fd potenci\u00e1l.<\/p>\n\n\n\n<p>Je tam hlad po vzdelan\u00ed a aj to m\u00e1lo, \u010do sa im dost\u00e1va, vedia ston\u00e1sobne z\u00faro\u010di\u0165.<\/p>\n\n\n\n<p>Ako to evanjeliov\u00e9 zrno, \u010do padlo do \u00farodnej p\u00f4dy a prinieslo ston\u00e1sobn\u00fa \u00farodu. A na\u0161ou neskromnou \u00falohou a povinnos\u0165ou je, aby to zrno nevydzobali \u201cvt\u00e1ci chudoby a ignorancie\u201d, aby sa z tej \u00farodnej p\u00f4dy nestala planina.<\/p>\n\n\n\n<p>Na z\u00e1ver dostali deti hmotn\u00e9 pozdravy od dobrodincov zo Slovenska. Futbalov\u00e9 lopty, oma\u013eov\u00e1nky, farebn\u00e9 ceruzky, a drobn\u00e9 hra\u010dky.<\/p>\n\n\n\n<p>To bolo radosti! To\u013eko v\u010faky, objat\u00ed a \u00fasmevov\u2026 Ke\u010f raz bud\u00fa \u0161tudova\u0165 na univerzit\u00e1ch a zve\u013ea\u010fova\u0165 svoju krajinu, mo\u017eno si spomen\u00fa, \u017ee na za\u010diatku ich cesty bolo p\u00e1r drobnost\u00ed z akejsi malej krajiny v srdci Eur\u00f3py. \u017de tam boli ako sa hovor\u00ed \u201cBohuzn\u00e1m\u00ed\u201d podporovatelia ich \u0161koly, ich studne, ich fary.<\/p>\n\n\n\n<p>Po t\u00fdchto siln\u00fdch z\u00e1\u017eitkoch sme sa vracali do n\u00e1\u0161ho misijn\u00e9ho centra v Kahame.<\/p>\n\n\n\n<p>Otec Salvatore n\u00e1m po\u010das cesty rozpr\u00e1val z\u00e1\u017eitky zo svojho mision\u00e1rskeho \u017eivota. Rozpr\u00e1val o tom, \u010do v\u0161etko sa u\u017e s Bo\u017eou pomocou a v\u010faka horliv\u00fdm podporovate\u013eom misi\u00ed podarilo vybudova\u0165, \u010do v\u0161etko by sa e\u0161te mohlo a malo urobi\u0165 a tie\u017e n\u00e1m vravel, o tom, ako miestni \u013eudia s absol\u00fatnou d\u00f4verou \u017eij\u00fa evanjelium.<\/p>\n\n\n\n<p>Po pr\u00edchode do Kahamy n\u00e1s \u010dakala sv\u00e4t\u00e1 om\u0161a v katedr\u00e1le. Dnes bola \u0161peci\u00e1lna. Boli na nej aj katech\u00e9ti a po om\u0161i sa po\u017eehn\u00e1vali ich bicykle.<\/p>\n\n\n\n<p>A to nie oby\u010dajne! Bicykle, ktor\u00e9 Tanz\u00e1nskym ohlasovate\u013eom radostnej zvesti zabezpe\u010dili Slov\u00e1ci cez organiz\u00e1ciu MIVA Slovensko.<\/p>\n\n\n\n<p>Miva pom\u00e1ha s mobilitou na misi\u00e1ch. Kde treba k\u00fapi sa auto, inde autobus, motorky, bicykle, lode a niekedy aj lietadlo\u2026.<\/p>\n\n\n\n<p>Katech\u00e9ti v bielych r\u00fachach po po\u017eehnan\u00ed sadli na svoje evanjeliza\u010dn\u00e9 t\u00e1to\u0161e a urobili okruh okolo katedr\u00e1ly. Bolo to p\u00f4sobiv\u00e9. U\u017e nech s\u00fa v ter\u00e9ne.<\/p>\n\n\n\n<p>E\u0161te je v\u0161ak treba vr\u00e1ti\u0165 sa k sv\u00e4tej om\u0161i. Bola vo swahil\u010dine a hlavn\u00fdm celebrantom bol otec Salvatore.<\/p>\n\n\n\n<p>Koncelebrobali s n\u00edm na\u0161i slovensk\u00ed k\u0148azi otec Benjam\u00edn a otec Pavol.<\/p>\n\n\n\n<p>V Eur\u00f3pe \u010dasto po\u010du\u0165 o tom, ak\u00e9 p\u00f4sobiv\u00e9 s\u00fa sv\u00e4t\u00e9 om\u0161e v Afrike. Ale realita je op\u00e4\u0165 in\u00e1.<\/p>\n\n\n\n<p>Hoci to bola om\u0161a \u201ccez t\u00fd\u017ede\u0148\u201d m\u00e1lokedy m\u00e1te mo\u017enos\u0165 za\u017ei\u0165 sl\u00e1vnostnej\u0161iu atmosf\u00e9ru.<\/p>\n\n\n\n<p>Kostol sa zaplnil n\u00e1dhern\u00fdm \u0161tvorhlasn\u00fdm zborov\u00fdm spevom, rytmami bubnov a \u201cuj\u00fakan\u00edm\u201d, ktor\u00e9 je symbolom radosti.<\/p>\n\n\n\n<p>Na z\u00e1ver sme \u013eu\u010fom odovzdali \u201cstraten\u00fa a n\u00e1jden\u00fa\u201d vyrez\u00e1van\u00fa kr\u00ed\u017eov\u00fa cestu zo Slovenska.<\/p>\n\n\n\n<p>Zatia\u013e len dve zastavenia, no po\u010das om\u0161e pri\u0161iel na faru posol s na\u0161imi straten\u00fdmi kuframi a priniesol \u010fal\u0161ie zastavenia.<\/p>\n\n\n\n<p>Po ve\u010deri sme ich vybalili. Ch\u00fdbaj\u00fa e\u0161te dve. Prv\u00e9 a druh\u00e9 zastavenie.<\/p>\n\n\n\n<p>Ver\u00edme v\u0161ak, \u017ee pr\u00eddu.<\/p>\n\n\n\n<p>A \u010do bolo najsilnej\u0161ie z cel\u00e9ho d\u0148a? Ten moment, ke\u010f sme v\u0161etci spolu v katedr\u00e1le pod kr\u00ed\u017eom chv\u00e1lili Boha.<\/p>\n\n\n\n<p>Star\u00ed, mlad\u00ed, deti, \u013eudia z Tanz\u00e1nie i my, Slov\u00e1ci, ale aj miliarda katol\u00edkov na celom svete.<\/p>\n\n\n\n<p>Zjednoten\u00ed pod kr\u00eddlami univerz\u00e1lnej Cirkvi sme sl\u00e1vili sv\u00e4t\u00fa om\u0161u, ten ve\u013ek\u00fd poklad katolicizmu.<\/p>\n\n\n\n<p>A potom sme i\u0161li na sv\u00e4t\u00e9 prij\u00edmanie a pok\u013eakli sme pred majest\u00e1tom Boha, ktor\u00fd sa n\u00e1m vo svojej l\u00e1ske a \u0161tedrosti daroval \u00faplne cel\u00fd!<\/p>\n\n\n\n<p>No povedzte, kto m\u00e1 tak\u00e9ho dobr\u00e9ho Boha?<\/p>\n\n\n\n<p>\u010eakujeme za va\u0161u podporu a modlitby. Ve\u013emi n\u00e1m pom\u00e1haj\u00fa. Pros\u00edme v\u00e1s, nepo\u013eavujte.<\/p>\n\n\n\n<hr class=\"wp-block-separator has-alpha-channel-opacity\"\/>\n\n\n\n<p><strong>Za novou misiou do in\u00e9ho k\u00fata Tanz\u00e1nie<\/strong><\/p>\n\n\n\n<p><strong>\u0160iesty de\u0148<\/strong><\/p>\n\n\n\n<p>Dne\u0161n\u00fd de\u0148 je transportn\u00fd. Pres\u00favame sa na \u010fal\u0161ie misijn\u00e9 miesto. Tento raz do Sukamahela.<\/p>\n\n\n\n<p>Na tomto nehostinonom mieste Tanz\u00e1nie vyr\u00e1stlo \u00fa\u017easn\u00e9 dielo. O tom v\u0161ak nesk\u00f4r.<\/p>\n\n\n\n<p>R\u00e1no n\u00e1s \u010dakalo balenie vec\u00ed a kontrola a prerozde\u013eovanie materi\u00e1lov, ktor\u00e9 mus\u00edme doru\u010di\u0165 na \u010fal\u0161ie miesta.<\/p>\n\n\n\n<p>Hne\u010f potom nasledovala sv\u00e4t\u00e1 om\u0161a v \u0161kole sv. Antona Padu\u00e1nskeho. Celebroval ju v angli\u010dtine n\u00e1\u0161 otec Benjam\u00edn.<\/p>\n\n\n\n<p>V hale bola zhroma\u017eden\u00e1 cel\u00e1 \u0161kola. Stovky det\u00ed, ktor\u00e9 sa na stretnutie so slovensk\u00fdm misijn\u00fdm t\u00edmom u\u017e nieko\u013eko dn\u00ed te\u0161ili a pripravovali.<\/p>\n\n\n\n<p>Otca Benjam\u00edna si deti pam\u00e4taj\u00fa. Maj\u00fa ho rady, je to ich dobr\u00fd \u201cfather Ben\u201d, ktor\u00fd sem u\u017e roky prich\u00e1dza so svojimi mision\u00e1rmi a pom\u00e1ha \u0161kole, aby sa rozv\u00edjala.<\/p>\n\n\n\n<p>Ve\u010der predt\u00fdm sme za\u017eili sv\u00e4t\u00fa om\u0161u v katedr\u00e1le. Spom\u00ednate si, ke\u010f sme odovzd\u00e1vali kr\u00ed\u017eov\u00fa cestu. Bol to siln\u00fd z\u00e1\u017eitok.<\/p>\n\n\n\n<p>To, \u010do sme za\u017eili na tejto rannej om\u0161i bolo v e\u0161te silnej\u0161ie.<\/p>\n\n\n\n<p>Stovky det\u00ed spievali piesne na oslavu Je\u017ei\u0161a a panny M\u00e1rie. Bola v tom tak\u00e1 nefal\u0161ovan\u00e1 rados\u0165 a spont\u00e1nnos\u0165, \u017ee sa n\u00e1m zachvievalo srdce.<\/p>\n\n\n\n<p>Ke\u010f otec Benjam\u00edn v pr\u00edhovore hovoril o Je\u017eisovi, ktor\u00fd sa rodi\u010dom stratil v chr\u00e1me ke\u010f mal dvan\u00e1s\u0165 rokov a ako Panna M\u00e1ria a Jozef museli prejs\u0165 cestu, ktor\u00e1 trvala tri dni, aby ho op\u00e4\u0165 na\u0161li, ka\u017ed\u00e9 z det\u00ed ve\u013emi dobre vedelo, \u010do znamen\u00e1 chodi\u0165 pe\u0161o cel\u00e9 kilometre v n\u00e1ro\u010dn\u00fdch podmienkach, aby sa dostali k \u201cabecede a poznaniu\u201d.<\/p>\n\n\n\n<p>Po z\u00e1vere\u010dnom po\u017eehnan\u00ed sme odovzdali \u0161kole dary od slovensk\u00fdch dobrodincov. Od farebn\u00fdch papierov, cez \u0161kolsk\u00e9 potreby a\u017e po peniaze.<\/p>\n\n\n\n<p>No najv\u00e4\u010d\u0161iu rados\u0165 mali deti, a hlavne chlapci, z futbalov\u00fdch l\u00f4pt.<\/p>\n\n\n\n<p>Poviete si, \u010do tam po tom nejak\u00e1 lopta. Len\u017ee lopta tu stoj\u00ed tridsa\u0165 dol\u00e1rov, to je pre niektor\u00fdch \u013eud\u00ed mesa\u010dn\u00e1 mzda. No a futbal miluj\u00fa v\u0161etci chlapci.<\/p>\n\n\n\n<p>Na na\u0161ich cest\u00e1ch sme videli ako chlapci hrali futbal s doma vyroben\u00fdmi loptami, niekedy to boli len zviazan\u00e9 plastov\u00e9 obaly.<\/p>\n\n\n\n<p>Potom sme u\u017e museli zdvihn\u00fa\u0165 kotvy.<\/p>\n\n\n\n<p>Rozl\u00fa\u010dili sme sa s p\u00e1trom Salvatorem, ktor\u00fd pre tunaj\u0161iu cirkev urobil to\u013eko dobr\u00e9ho, a ktor\u00fd nikdy nezabudne pr\u00edzvukova\u0165, \u017ee jeho misia sa poriadne rozbehla ke\u010f pred rokmi spoznal reverenda Bena, \u010di\u017ee n\u00e1\u0161ho Benjam\u00edna, ktor\u00fd mobilizuje dobrodincov na rodnej hrude.<\/p>\n\n\n\n<p>Cesta bola dlh\u00e1, nepohodln\u00e1 a k\u013eukat\u00e1. Ako v\u0161etky cesty Tanz\u00e1nie\u2026<\/p>\n\n\n\n<p>Po nieko\u013ek\u00fdch hodin\u00e1ch sme dorazili k biskupovi Edwardovi Mapundovi, ktor\u00fd spravuje diec\u00e9zu Singida.<\/p>\n\n\n\n<p>Prijal n\u00e1s v\u010fa\u010dne. Slov\u00e1kov si v\u00e1\u017ei, vie, \u010do v\u0161etko v jeho diec\u00e9ze podporili.<\/p>\n\n\n\n<p>Po\u010das n\u00e1v\u0161tevy n\u00e1m kuri\u00e9r priniesol \u010fal\u0161ie straten\u00e9 kufre.<\/p>\n\n\n\n<p>Nakoniec niekde v oblakoch lietaj\u00fa e\u0161te dva. Tie\u017e u\u017e keby dorazili aj po na\u0161om odchode domov, nevad\u00ed.<\/p>\n\n\n\n<p>V ka\u017edom z\u00e1pase sa r\u00e1ta aj so stratami.<\/p>\n\n\n\n<p>Od biskupa Edwarda Mapundu smerujeme za na\u0161ou slovenskou spojkou &#8211; mision\u00e1rom Petrom Majern\u00edkom.<\/p>\n\n\n\n<p>Po ceste dostame defekt, na\u0161\u0165astie sme v poriadku, auto tie\u017e. Prerazen\u00fa pneumatiku vymie\u0148ame a pokra\u010dujeme v ceste.<\/p>\n\n\n\n<p>Otec Peter je v Tanz\u00e1nii u\u017e skoro desa\u0165 rokov. To, \u010do sa mu tu podarilo vybudova\u0165, nie je iba obdivuhodn\u00e9\u2026 Je to z\u00e1zra\u010dn\u00e9.<\/p>\n\n\n\n<p>Postavil tu kr\u00e1snu ve\u013ek\u00fa faru, vykopal stud\u0148u, vystaval kr\u00ed\u017eov\u00fa cestu, vzt\u00fd\u010dil kr\u00ed\u017e a na najvy\u0161\u0161om vrchu osadil ve\u013ekolep\u00fa nieko\u013ekometrov\u00fa sochu Panny M\u00e1rie.<\/p>\n\n\n\n<p>No to najhlavnej\u0161ie na z\u00e1ver. Otec Peter tu vybudoval obrovsk\u00fd chr\u00e1m, majest\u00e1tny Bo\u017e\u00ed dom, ktor\u00fd sa bude posviaca\u0165 v sobotu.<\/p>\n\n\n\n<p>Toto miesto je geografick\u00fdm stredom Tanz\u00e1nie. Tanz\u00e1nia je zasv\u00e4ten\u00e1 Panne M\u00e1rii. Pr\u00e1ve Bo\u017eej matke pripisuj\u00fa z\u00e1sluhy za to, \u017ee Tanz\u00e1nia ako jedin\u00e1 krajina Afriky vznikla bez vojny.<\/p>\n\n\n\n<p>Otec Peter Majern\u00edk na po\u010des\u0165 Bo\u017eej matky vybudoval n\u00e1dhern\u00e9 p\u00fatnick\u00e9 miesto.<\/p>\n\n\n\n<p>Toto v\u0161etko vzniklo s Bo\u017e\u00edm po\u017eehnan\u00edm, s Petrov\u00fdm odhodlan\u00edm a ochotou sl\u00fa\u017ei\u0165 a hlavne z milodarov slovensk\u00fdch podporovate\u013eov misi\u00ed.<\/p>\n\n\n\n<p>Je noc. Otec Peter n\u00e1s v\u00edta, te\u0161\u00edme sa zo spolo\u010dn\u00e9ho stretnutia.<\/p>\n\n\n\n<p>Po ve\u010deri vych\u00e1dzame von. Tam, do bu\u0161e, kde na najvy\u0161\u0161ej skale svieti Bohorodi\u010dka Panna M\u00e1ria.<\/p>\n\n\n\n<p>Ideme k nej po zastaveniach kr\u00ed\u017eovej cesty. Nad nami s\u00fa hviezdy, vid\u00edme aj \u017eiariaci Saturn.<\/p>\n\n\n\n<p>Tak n\u00e1m v hlave znej\u00fa slov\u00e1 \u017ealmu: Ak\u00e9 mnohorak\u00e9 s\u00fa tvoje diela Pane. V\u0161etko si m\u00fadro utvoril\u2026<\/p>\n\n\n\n<p>\u010eakujeme priatelia za va\u0161e modlitby a podporu.<\/p>\n\n\n\n<hr class=\"wp-block-separator has-alpha-channel-opacity\"\/>\n\n\n\n<p><strong>\u0160kola v bu\u0161i, om\u0161a v strede ni\u010doho a \u013eudia, ktor\u00ed d\u00f4veruj\u00fa Bohu<\/strong><\/p>\n\n\n\n<p><strong>Siedmy de\u0148<\/strong><\/p>\n\n\n\n<p>Dne\u0161n\u00fd de\u0148 bol jedn\u00fdm z najak\u010dnej\u0161\u00edch z celej misijnej cesty.<\/p>\n\n\n\n<p>Nenaspali sme toho ve\u013ea. Skoro r\u00e1no sme nalo\u017eili misijn\u00e9 veci od slovensk\u00fdch dobrodincov a zhroma\u017edili sme sa pred farou otca Petra Majern\u00edka.<\/p>\n\n\n\n<p>Ako bola noc na tomto mieste \u010darovn\u00e1, r\u00e1no bolo e\u0161te kraj\u0161ie. Na vrcholkoch okolit\u00fdch sk\u00e1l sa t\u00fd\u010dia kr\u00ed\u017ee, sochu Panny M\u00e1rie je vidie\u0165 na kilometre, kr\u00ed\u017eov\u00e1 cesta a park s\u00fa v kontexte Tanz\u00e1nie absol\u00fatnou raritou.<\/p>\n\n\n\n<p>Kon\u010d\u00ed sa obdobie sucha, no slnko pripa\u013euje od skor\u00e9ho r\u00e1na. V prv\u00fdch d\u0148och sa viacer\u00ed \u00fa\u010dastn\u00edci v\u00fdpravy sp\u00e1lili, dnes nenech\u00e1me ni\u010d na n\u00e1hodu, kr\u00e9mujeme sa pr\u00edpravkami s najvy\u0161\u0161\u00edm ochrann\u00fdm faktorom, podaktor\u00ed zvolia \u0161t\u00fdl dom\u00e1cich &#8211; to znamen\u00e1 dlh\u00e9 nohavice a dlh\u00e9 ruk\u00e1vy a tie\u017e pokr\u00fdvka hlavy. U\u017e n\u00e1s ni\u010d neprekvap\u00ed.<\/p>\n\n\n\n<p>Zauj\u00edmali sme sa, ako sa dostaneme na miesto dne\u0161nej misie. Toto miesto, hoci v geografickom strede Tanz\u00e1nie, predsa je len trochu od\u013eahl\u00e9.<\/p>\n\n\n\n<p>Otec Majern\u00edk s nami \u017eartuje, nech po\u010dk\u00e1me na odvoz ak\u00fd sme e\u0161te neza\u017eili. Pochopili sme, \u010do t\u00fdm myslel, ke\u010f sa spoza kopca vyrojil h\u00faf motoriek.<\/p>\n\n\n\n<p>Nepredstavujte si \u017eiadne ter\u00e9nne ma\u0161iny. Tie by tu boli namieste.<\/p>\n\n\n\n<p>Desiatka chalanov prifr\u010dala na \u010d\u00ednskych motork\u00e1ch s mal\u00fdm obsahom motora a nalo\u017eili si n\u00e1s za chrb\u00e1t po dvoch mision\u00e1roch.<\/p>\n\n\n\n<p>Na motork\u00e1ch sme sa teda viezli po troch, br\u00e1zdili sme nespevnen\u00e9 cesty s hlbok\u00fdmi v\u00fdmo\u013emi. Ob\u010das sme sa zab\u00e1rali do piesku, v z\u00e1krut\u00e1ch n\u00e1m uch\u00e1dzali zadn\u00e9 koles\u00e1, ale na\u0161i motork\u00e1rski taxik\u00e1ri zvl\u00e1dli v\u0161etko bez zav\u00e1hania. Boli to mlad\u00ed chalani s obrovsk\u00fdmi sk\u00fasenos\u0165ami.<\/p>\n\n\n\n<p>Uprostred bu\u0161e sa znenazdajky zjavila \u0161kola. Stovky mal\u00fdch \u0161kol\u00e1\u010dikov placho vyk\u00fakalo z br\u00e1ny.<\/p>\n\n\n\n<p>Po\u010diato\u010dn\u00fd ostych po chv\u00edli opadol a prv\u00e1\u010dikovia za\u010dali vyspevova\u0165, pohupova\u0165 sa do africk\u00fdch rytmov, skr\u00e1tka v\u0161etko o\u017eilo jasotom, spevom a rados\u0165ou.<\/p>\n\n\n\n<p>Potom sa \u017eiaci zhroma\u017edili pred \u0161kolou a zaspievali n\u00e1m africk\u00fa hymnu a tie\u017e hymnu Tanz\u00e1nie.<\/p>\n\n\n\n<p>V\u0161etci si dali ruku na srdce, deti i u\u010ditelia a spievali.<\/p>\n\n\n\n<p>Bol vidie\u0165 zna\u010dn\u00fd rozdiel medzi touto \u0161t\u00e1tnou vidieckou \u0161kolou v bu\u0161i a katol\u00edckymi \u0161kolami, ktor\u00e9 sme nav\u0161t\u00edvili v predch\u00e1dzaj\u00facich d\u0148och.<\/p>\n\n\n\n<p>Katol\u00edcke \u0161koly patria dlhodobo medzi najkvalitnej\u0161ie, a to nie len v Tanz\u00e1nii. Preto je perfektn\u00e9, \u017ee ich aj my zo Slovenska dok\u00e1\u017eeme podporova\u0165.<\/p>\n\n\n\n<p>Potom nasledovala najradostnej\u0161ia \u010das\u0165. Odovzdanie darov od Slovensk\u00fdch dobrodincov. Najviac deti pote\u0161ili hra\u010dky, ktor\u00e9 im poslali deti zo Slovenska a futbalov\u00e9 lopty, po ktor\u00fdch tu je ve\u013ek\u00fd dopyt. \u0160kolsk\u00e9 pom\u00f4cky prebrali u\u010ditelia, a priebe\u017ene bud\u00fa de\u0165om pom\u00e1ha\u0165 v \u010fal\u0161om raste.<\/p>\n\n\n\n<p>Potom u\u017e nasledovala \u0165a\u017e\u0161ia \u010das\u0165 misie &#8211; n\u00e1v\u0161teva rod\u00edn det\u00ed, ktor\u00e9 bud\u00fa zapojen\u00e9 do projektu Adopcie na dia\u013eku.<\/p>\n\n\n\n<p>Rozdelili sme sa na tri t\u00edmy a vyrazili sme do biednych hlinen\u00fdch chy\u017eiek, ktor\u00e9 v extr\u00e9mnych pr\u00edpadoch propom\u00ednaj\u00fa viac chlieviky pre zvierat\u00e1, ako obydlia pre \u013eud\u00ed, v ktor\u00fdch maj\u00fa ma\u0165 deti pocit bezpe\u010dia a priestor na vzdelavanie.<\/p>\n\n\n\n<p>To v\u0161etko je naivn\u00e1 predstava. Za v\u0161etko spome\u0148me rodinu malej prv\u00e1\u010dky Anast\u00e1zie. S maminkou a tromi s\u00farodencami \u017eij\u00fa v miniat\u00farnom dom\u010deku z nep\u00e1lenej tehly. Nemaj\u00fa ani matrac. Ako spia? Jednoducho na hlinenej dl\u00e1\u017eke. \u010co by im pomohlo? Jednoduch\u00fd matrac. Pokojne prele\u017ean\u00fd, zni\u010den\u00fd, star\u00fd, ale ani na ten nemaj\u00fa.<\/p>\n\n\n\n<p>Mama Anast\u00e1zie rob\u00ed svoje maximum, o deti sa star\u00e1, dc\u00e9rka chod\u00ed riadne do \u0161koly a nahladuj\u00fa. Ale dosta\u0165 sa z tejto pasce chudoby sa im bez pomoci zvonka nepodar\u00ed.<\/p>\n\n\n\n<p>Vst\u00fapi\u0165 do tak\u00fdchto obydl\u00ed, d\u00e1 \u010dloveku zabra\u0165.<\/p>\n\n\n\n<p>In\u00fd pr\u00edpad je rodina mal\u00e9ho Jordaniho. Jeho rodina je chudobn\u00e1, ale Jordani m\u00e1 \u0161\u0165astie, \u017ee m\u00e1 oboch rodi\u010dov.<\/p>\n\n\n\n<p>Cel\u00fa rodinu \u017eiv\u00ed jedin\u00fd mangovn\u00edk, ktor\u00fd rastie pred ich domom. Ke\u010f mang\u00e1 dozrej\u00fa, chodia ich pred\u00e1va\u0165 popri ceste.<\/p>\n\n\n\n<p>S\u00fa katol\u00edci a d\u00f4veruj\u00fa Bohu, \u017ee op\u00e4\u0165 d\u00e1, aby ich mangovn\u00edk zarodil.<\/p>\n\n\n\n<p>Pri rozl\u00fa\u010dke n\u00e1m pon\u00fakaj\u00fa vaj\u00ed\u010dka na cestu a b\u00farske orie\u0161ky, ktor\u00e9 dnes maj\u00fa na obed. Zdvorilo odmietame a pohnut\u00fd odch\u00e1zame. T\u00edmto \u013eu\u010fom pom\u00f4\u017ee aj p\u00e1r centov, aby ich \u0161ikovn\u00fd syn\u010dek mohol raz vy\u0161tudova\u0165 a vyst\u00fapi\u0165 z kruhu chudoby.<\/p>\n\n\n\n<p>Po obede n\u00e1s \u010dak\u00e1 e\u0161te jeden siln\u00fd z\u00e1\u017eitok. Na\u0161i motork\u00e1ri n\u00e1s zavez\u00fa niekam na kraj sveta, niekam do stredu bu\u0161e. Jazda trv\u00e1 asi \u0161tyridsa\u0165 min\u00fat.<\/p>\n\n\n\n<p>Pr\u00eddeme na planinu, pred nami pochoduje st\u00e1do vychudnut\u00fdch kravi\u010diek s mal\u00fdm pastierikom.<\/p>\n\n\n\n<p>Ke\u010f st\u00e1do prejde, pred nami sa uk\u00e1\u017ee ve\u013ek\u00e1 \u017eelezn\u00e1 kon\u0161trukcia s plechovou strechou.<\/p>\n\n\n\n<p>Je to chr\u00e1m uprostred ni\u010doho. Je to bu\u0161ov\u00e1 fili\u00e1lka Ilucha, ktor\u00e1 patr\u00ed pod spr\u00e1vu otca Petra Majern\u00edka.<\/p>\n\n\n\n<p>V proviz\u00f3rnom kostol\u00edku n\u00e1s u\u017e \u010dakali \u017eeny a deti a zop\u00e1r mu\u017eov. V\u00e4\u010d\u0161ina z nich e\u0161te bola v pr\u00e1ci vzdialenej nieko\u013eko kilometrov.<\/p>\n\n\n\n<p>Dom\u00e1ci n\u00e1s v\u00edtali spevom, tancom a hrou na bubny. V momente v\u0161ak v\u0161etko ut\u00edchlo a ka\u017ed\u00fd zaujal svoje miesto, ke\u010f sa k olt\u00e1ru postavili slovensk\u00ed k\u0148azi. Peter Majern\u00edk a n\u00e1\u0161 otec Pavol.<\/p>\n\n\n\n<p>K\u00e1ze\u0148, ktor\u00fa predniesol otec Pavol po slovensky, prekladal otec Majern\u00edk do svahil\u010diny.<\/p>\n\n\n\n<p>Hlavn\u00fdm odkazom bola univerz\u00e1lnos\u0165 katolicizmu. \u017de aj tu v bu\u0161i, \u010faleko od civiliz\u00e1cie sa sl\u00e1vi t\u00e1 ist\u00e1 liturgia ako na Slovensku, v Amerike, \u010di inde vo svete.<\/p>\n\n\n\n<p>Aj tu sa dnes spr\u00edtomnil Je\u017ei\u0161 v Eucharistii, \u013eudia pristupovali ku sv\u00e4t\u00e9mu prij\u00edmaniu, mali v o\u010diach rados\u0165 a v\u010fa\u010dnos\u0165.<\/p>\n\n\n\n<p>V\u0161etci mali rados\u0165, \u017ee k nim pri\u0161la tak\u00e1 vz\u00e1cna n\u00e1v\u0161teva.<\/p>\n\n\n\n<p>\u017de tu na tomto od\u013eahlom mieste, kam ani dom\u00e1ci k\u0148azi nez\u00e1jdu, sl\u00fa\u017eia om\u0161u dvaja Slov\u00e1ci, dvaja stato\u010dn\u00ed chlapi, z ktor\u00fdch jeden pre\u0161iel polovicu sveta a druh\u00fd zanechal v\u0161etko \u010do mal, kv\u00f4li tomu, aby aj na kraji sveta sved\u010dili o Milosrdnom Bohu.<\/p>\n\n\n\n<p>Aj tak\u00fdto je \u017eivot na misii.<\/p>\n\n\n\n<p>\u010eakujeme za va\u0161u podporu a va\u0161e modlitby. Verte, \u017ee ich c\u00edtime&nbsp;a&nbsp;pom\u00e1haj\u00fa&nbsp;n\u00e1m.<\/p>\n\n\n\n<hr class=\"wp-block-separator has-alpha-channel-opacity\"\/>\n\n\n\n<p><strong>Videli sme z\u00e1zrak<\/strong><\/p>\n\n\n\n<p><strong>\u00d4smy de\u0148<\/strong><\/p>\n\n\n\n<p>Dne\u0161n\u00fd de\u0148 bol d\u0148om radosti. U\u017e nieko\u013eko dn\u00ed je na fare n\u00e1\u0161ho hostite\u013ea Petra Majern\u00edka \u017eivo.<\/p>\n\n\n\n<p>Okrem toho, \u017ee prich\u00fdlil slovensk\u00fdch mision\u00e1rov pod kr\u00eddla svojej fary, v\u0161etci sa intenz\u00edvne pripravovali na posviacku nov\u00e9ho chr\u00e1mu, ktor\u00fd otec Peter aj s pomocou slovensk\u00fdch dobrodincov postavil.<\/p>\n\n\n\n<p>V noci pred posviackou bola e\u0161te zab\u00edja\u010dka. Kravi\u010dka, ktor\u00e1 mala po\u010das sl\u00e1vnosti nas\u00fdti\u0165 stovky n\u00e1v\u0161tevn\u00edkov musela by\u0165 zabit\u00e1 ritu\u00e1lnym sp\u00f4sobom \u201chalal\u201d.<\/p>\n\n\n\n<p>Svoju \u00fa\u010das\u0165 na sl\u00e1vnosti toti\u017e pris\u013e\u00fabili aj z\u00e1stupcovia moslimskej komunity.<\/p>\n\n\n\n<p>Mimochodom v Tanz\u00e1nii s\u00fa ako v jednej z m\u00e1la africk\u00fdch kraj\u00edn vz\u0165ahy medzi moslimami a kres\u0165anmi priate\u013esk\u00e9.<\/p>\n\n\n\n<p>Pod\u013ea miestnych je to z\u00e1zrak, a tie\u017e to pripisuj\u00fa tomu, \u017ee spr\u00e1vne pochopen\u00e9 kres\u0165anstvo ako aj spr\u00e1vne pochopen\u00fd islam s\u00fa n\u00e1bo\u017eenstv\u00e1 mieru a pokoja.<\/p>\n\n\n\n<p>Kv\u00f4li posviacke od skor\u00e9ho r\u00e1na pr\u00fadili k nov\u00e9mu chr\u00e1mu stovky p\u00fatnikov z bl\u00edzkeho aj \u010falek\u00e9ho okolia.<\/p>\n\n\n\n<p>Mu\u017ei, \u017eeny, rodiny a ve\u013ea, ve\u013ea, ve\u013ea det\u00ed. V\u0161etci vyobliekan\u00ed, krasni a radostn\u00ed. Ve\u010f bud\u00fa s\u00fa\u010das\u0165ou sl\u00e1vnosti, ktor\u00e1 sa neodohr\u00e1va ka\u017ed\u00fd de\u0148, ba ani ka\u017ed\u00fd rok. Niekde dokonca raz za nieko\u013eko storo\u010d\u00ed.<\/p>\n\n\n\n<p>Chr\u00e1m, ktor\u00fd otec Peter vybudoval je majest\u00e1tny a obrovsk\u00fd. Kamenn\u00e9 steny pripom\u00ednaj\u00fa stredovek\u00fa pevnos\u0165. Mo\u017eno sa do\u0148 skry\u0165 pred p\u00e1\u013eavou d\u0148a a n\u00e1js\u0165 tam duchovn\u00fa \u201cp\u00e1\u013eavu\u201d, ktor\u00e1 premie\u0148a srdcia.<\/p>\n\n\n\n<p>Sl\u00e1vnos\u0165 sa mala za\u010da\u0165 o 9:00, no hlavn\u00fd celebrant biskup Edward Mapunda me\u0161kal. Je to ten biskup, ktor\u00fd n\u00e1s pred dvoma d\u0148ami tak vr\u00facne prijal vo svojej rezidencii.<\/p>\n\n\n\n<p>Ako vidno hrbo\u013eat\u00e9 cesty Tanz\u00e1nie sa nemaznaj\u00fa ani s biskupom. Ke\u010f me\u0161k\u00e1, tak me\u0161k\u00e1.<\/p>\n\n\n\n<p>Nikomu to ale neprek\u00e1\u017ea. Medzi \u013eu\u010fmi okolo chr\u00e1mu panuje dobr\u00e1 atmosf\u00e9ra. T\u00ed, ktor\u00ed pri\u0161li u\u017e v\u010dera v noci a spali pod hol\u00fdm nebom si na ohni varia jednoduch\u00e9 pokrmy.<\/p>\n\n\n\n<p>In\u00ed p\u00fatnici vyu\u017e\u00edvaj\u00fa pr\u00edle\u017eitos\u0165 a vystupuj\u00fa po jednotliv\u00fdch zastaveniach kr\u00ed\u017eovej cesty a\u017e na vrchol ku kr\u00ed\u017eu a potom k soche Panny M\u00e1rie.<\/p>\n\n\n\n<p>Kone\u010dne doraz\u00ed biskup. Je skoro jeden\u00e1s\u0165 hod\u00edn. Ke\u010f sa rozkr\u00edkne, \u017ee biskup je tu, \u0161um okolo chr\u00e1mu zmen\u00ed charakter. Vyzer\u00e1 to, \u017ee sa \u010doskoro za\u010dne.<\/p>\n\n\n\n<p>K\u0148azi si navliekaj\u00fa r\u00facha a zoskupuj\u00fa sa na planine pred chr\u00e1mom. Je ich skoro tridsa\u0165. Je medzi nimi aj mlad\u00fd mision\u00e1r s Argent\u00edny, ktor\u00fd u\u017e nieko\u013eko rokov p\u00f4sob\u00ed v Tanz\u00e1nii.<\/p>\n\n\n\n<p>No a v k\u0148azskom sprievode \u017eiaria \u0161tyri hlavy. Biskupova s \u010dervenou mitrou a tri bled\u00e9 tv\u00e1re na\u0161ich slovensk\u00fdch duchovn\u00fdch otcov. V sprievode je otec Peter &#8211; stavite\u013e chr\u00e1mu, a otec Benjam\u00edn s otcom Pavlom, ktor\u00fd tunaj\u0161iu misiu podporuj\u00fa.<\/p>\n\n\n\n<p>Biskup otvor\u00ed chr\u00e1m a v\u0161etci p\u00fatnici vojd\u00fa do vn\u00fatra. Kostol je zaplnen\u00fd do posledn\u00e9ho miesta, je tu vy\u0161e dvetis\u00edc veriacich.<\/p>\n\n\n\n<p>Dne\u0161n\u00e1 om\u0161a je op\u00e4\u0165 in\u00e1. Najviac v tom, \u017ee m\u00e1 by\u0165 dlh\u0161ia ako oby\u010dajne. Dlh\u0161ia? O ko\u013eko sa pred\u013a\u017ei? Odhadujeme, \u017ee tak o p\u00e4tn\u00e1s\u0165 min\u00fat. Nakoniec om\u0161a tvrd\u00e1 p\u00e4\u0165 hod\u00edn!!!<\/p>\n\n\n\n<p>Je to \u00fachvatn\u00e1 sl\u00e1vnos\u0165. Kostolom znej\u00fa n\u00e1dhern\u00e9 duchovn\u00e9 skladby Afriky. Znej\u00fa tamtamy aj elektrick\u00fd org\u00e1n. Spieva cel\u00fd kostol, doslova sa otriasa. E\u0161te\u017ee ho otec Peter Majern\u00edk postavil tak\u00fd pevn\u00fd.<\/p>\n\n\n\n<p>T\u00e1to om\u0161a so spevom a kadidlom n\u00e1s pren\u00e1\u0161a do inej dimenzie. Do priestoru ve\u010dnosti. Napriek tomu, \u017ee nerozumieme zo svahil\u010diny skoro ni\u010d, v liturgii rozumieme v\u0161etk\u00e9mu. Bo\u017eej l\u00e1ske, Bo\u017eiemu majest\u00e1tu a aj Bo\u017eej moci.<\/p>\n\n\n\n<p>Biskup Edward k\u00e1\u017ee vy\u0161e hodinu. Pribli\u017euje \u013eu\u010fom v chr\u00e1me pr\u00e1cu otca Petra. Vyzdvihuje jeho z\u00e1sluhy, do toho \u0161ikovne primie\u0161ava vtipn\u00e9 z\u00e1\u017eitky so slovensk\u00fdm mision\u00e1rom.<\/p>\n\n\n\n<p>V sekunde sa cel\u00fd kostol smeje, v okamihu v\u0161etk\u00fdch dvetis\u00edc \u013eud\u00ed tlieska a uj\u00faka, \u010do je prejavom radosti.<\/p>\n\n\n\n<p>Po p\u00e4\u0165 hodinovej liturgii poz\u00fdva biskup na p\u00f3dium aj otca Benjam\u00edna, ktor\u00e9ho tu \u013eudia dobre poznaj\u00fa.<\/p>\n\n\n\n<p>Otec Benjam\u00edn sa p\u00fatnikom s l\u00e1skou prihov\u00e1ra a nakoniec zaspieva prv\u00fd ver\u0161 svahilskej n\u00e1bo\u017eenskej piesne, v ktorej sa spieva o d\u00f4verovan\u00ed Bohu.<\/p>\n\n\n\n<p>V okamihu je kostol na noh\u00e1ch, \u013eudia spievaj\u00fa \u010fal\u0161ie slohy a je to kr\u00e1sne.<\/p>\n\n\n\n<p>Potom n\u00e1m slovensk\u00fdm mision\u00e1rom biskup po\u010fakuje, v kr\u00e1tkosti \u013eu\u010fom pribl\u00ed\u017ei ak\u00e9 \u0165a\u017ekosti sme museli zdola\u0165 na ceste do Tanz\u00e1nie a nakoniec n\u00e1s pozve pred olt\u00e1r a obdaruje ka\u017ed\u00e9ho \u010dlena v\u00fdpravy medom.<\/p>\n\n\n\n<p>Po\u010fakuje obetav\u00fdm slovensk\u00fdm podporovate\u013eom misi\u00ed v Tanz\u00e1nii a po\u017eehn\u00e1 im.<\/p>\n\n\n\n<p>Om\u0161a sa kon\u010d\u00ed. Akoby sme leteli vesm\u00edrnou lo\u010fou na in\u00fa plan\u00e9tu cez Bo\u017eiu galaxiu.<\/p>\n\n\n\n<p>Nasleduje obed, vonku je 40 stup\u0148ov, \u013eudia sa tla\u010dia v tieni. Vy\u0165ahujeme a kr\u00e1jame Marlenku, ktor\u00fa sme po cel\u00fd \u010das str\u00e1\u017eili ako oko v hlave.<\/p>\n\n\n\n<p>Odn\u00e1\u0161ame ju p\u00e1novi biskupovi, ochutn\u00e1, \u010fakuje, te\u0161\u00ed sa a rozd\u00e1va marlenku reho\u013en\u00fdm sestri\u010dk\u00e1m a k\u0148azom, ktori nech\u00e1pu, odkia\u013e sa tu vzal tak\u00fd par\u00e1dny z\u00e1kusok.<\/p>\n\n\n\n<p>V\u0161etko toto n\u00e1s zbli\u017euje. S p\u00e1nom biskupom urob\u00edme e\u0161te rozhovor pre katol\u00edcku telev\u00edziu a pre jedny noviny.<\/p>\n\n\n\n<p>Rozhohor n\u00e1m ochotne poskytne. Je to \u010dlovek hlbokej viery a d\u00f4very. Hovor\u00ed n\u00e1m o tom, ak\u00fd je Bohu v\u010fa\u010dn\u00fd, \u017ee sa stal k\u0148azom a zd\u00f4raz\u0148uje, \u017ee to, \u010do vybudoval slovensk\u00fd mision\u00e1r otec Peter Majern\u00edk je z\u00e1zrak.<\/p>\n\n\n\n<p>V\u010faka ti Bo\u017ee za z\u00e1zraky!<\/p>\n\n\n\n<p>A v\u00e1m mil\u00ed priatelia \u010fakujeme za podporu a modlitby.<\/p>\n\n\n\n<p>P\u00e1n biskup v\u00e1s pozdravuje na Slovensko a uis\u0165uje v\u00e1s, \u017ee v\u00e1s zah\u0155\u0148a do svojich modlitieb. Tie\u017e v\u0161etk\u00fdch poz\u00fdva do Tanz\u00e1nie a zd\u00f4raz\u0148uje, \u017ee Tanz\u00e1nia i Slovensko s\u00fa krajiny zasv\u00e4ten\u00e9 Panne M\u00e1rii a preto s\u00fa to krajiny pokoja.<\/p>\n\n\n\n<p>Nakoniec aj chr\u00e1m, ktor\u00fd postavil otec Peter Majern\u00edk je zasv\u00e4ten\u00fd Panne M\u00e1rii kr\u00e1\u013eovnej pokoja.<\/p>\n\n\n\n<p>Jej socha dominuje sv\u00e4tyni. Je z lipov\u00e9ho dreva od slovensk\u00e9ho majstra. Je \u00fachvatn\u00e1!<\/p>\n\n\n\n<p>Amen<\/p>\n\n\n\n<hr class=\"wp-block-separator has-alpha-channel-opacity\"\/>\n\n\n\n<p><strong>Deviaty de\u0148<\/strong><\/p>\n\n\n\n<p>Dnes je nede\u013ea a z\u00e1rove\u0148 posledn\u00fd de\u0148 na\u0161ej misijnej cesty po kontinent\u00e1lnej Tanz\u00e1nii.<\/p>\n\n\n\n<p>Po v\u010deraj\u0161ej sl\u00e1vnosti po\u017eehn\u00e1vania nov\u00e9ho kostola je v\u0161etko v \u201cstar\u00fdch\u201d ko\u013eaj\u00e1ch.<br>Z bu\u0161e po\u010du\u0165 zvuky zvierat, zo sk\u00e1l za kr\u00ed\u017eom sa oz\u00fdva \u0161krek op\u00edc, inak je v\u0161ade rozhosten\u00fd pokoj, vanie v\u00e1nok. Such\u00e9 stebl\u00e1 sa zachvievaj\u00fa.<\/p>\n\n\n\n<p>Cel\u00e1 krajina vol\u00e1 po \u017eivotodarnej vode, bl\u00ed\u017eiace sa obdobie da\u017e\u010fov u\u017e c\u00edti\u0165 vo vzduchu.<\/p>\n\n\n\n<p>Ke\u010f sa za\u010dne, mnoh\u00e9 deti prestan\u00fa chodi\u0165 do \u0161koly, bud\u00fa pom\u00e1ha\u0165 rodi\u010dom s pr\u00e1cami na mal\u00fdch pol\u00ed\u010dkach, in\u00e9 sa do \u0161k\u00f4l nedostan\u00fa kv\u00f4li zjar\u010den\u00fdm cest\u00e1m. Cel\u00e1 krajina bude \u017ei\u0165 in\u00fdm tempom. Zazelenie sa, baobaby zakvitn\u00fa a planina sa zaodeje do farieb.<\/p>\n\n\n\n<p>V noci otca Pavla hr\u00fdzli mravce, tak sa zbalil, zobral matrac pod pazuchu a vybral sa spa\u0165 na \u00fap\u00e4tie sk\u00e1l, kde je in\u0161talovan\u00e1 socha Panny M\u00e1rie. T\u00e1 n\u00e1\u0161ho duchovn\u00e9ho otca skryla pod svoj z\u00e1zra\u010dn\u00fd pl\u00e1\u0161\u0165 a poskytla mu ochranu pred dotierav\u00fdm hmyzom i dravou zverou. Otec Pavol &#8211; prv\u00fd slovensko-tanz\u00e1nsky pustovn\u00edk.<\/p>\n\n\n\n<p>V noci pr\u0161alo a r\u00e1no jemne pop\u0155chalo. Nad kostolom Kr\u00e1\u013eovnej pokoja bola d\u00faha. D\u00faha ako znamenie zmluvy medzi Bohom a \u010dlovekom po potope.<\/p>\n\n\n\n<p>A kostol, ktor\u00fd postavil otec Peter Majern\u00edk bol pod t\u00fdm africk\u00fdm nebom ako Noemova archa, archa, ktor\u00e1 chr\u00e1ni \u017eivot a pon\u00faka alternat\u00edvu skuto\u010dn\u00e9ho \u017eivota.<\/p>\n\n\n\n<p>Ideme na sv\u00e4t\u00fa om\u0161u. \u00da\u010das\u0165 je slu\u0161n\u00e1. Celebruj\u00fa otec Peter &#8211; nezabudnute\u013en\u00fd zakladate\u013e tohto sv\u00e4t\u00e9ho chr\u00e1mu a otec Benjam\u00edn.<\/p>\n\n\n\n<p>Om\u0161a je siln\u00e1, k\u00e1ze\u0148 m\u00e1 otec Benjam\u00edn. Vzh\u013eadom na v\u010deraj\u0161\u00ed sviatok, k\u00e1\u017ee o sv\u00e4tom Martinovi, ktor\u00fd sa dok\u00e1zal podeli\u0165 so \u017eobr\u00e1kom, ktor\u00fd bol vlastne Je\u017eisom.<\/p>\n\n\n\n<p>\u013du\u010fom a hlavne de\u0165om sa k\u00e1ze\u0148 p\u00e1\u010di. Ko\u0148a nepoznaj\u00fa, tak im otec Ben hovor\u00ed o tom, \u017ee je podobn\u00fd ako zebra, akur\u00e1t m\u00fadrej\u0161\u00ed. Ani me\u010d nepoznaj\u00fa, ale vedia \u010do je ma\u010deta. A vedia aj \u010do to znamen\u00e1, ke\u010f jeden pom\u00f4\u017ee druh\u00e9mu, aj ke\u010f s \u0165a\u017ek\u00fdm srdcom\u2026<\/p>\n\n\n\n<p>Otec Peter k\u00fapil akustick\u00fa gitaru, otec Pavol sa jej chop\u00ed a po\u010das sv\u00e4t\u00e9ho prij\u00edmania zahr\u00e1 slovensk\u00fa piese\u0148 s eucharistick\u00fdm obsahom.<\/p>\n\n\n\n<p>\u013dudia s\u00fa nad\u0161en\u00ed a po skon\u010den\u00ed om\u0161e si vy\u017eiadaj\u00fa \u010fal\u0161ie piesne na hudobnom n\u00e1stroji, ktor\u00fd poznaj\u00fa len z obr\u00e1zkov, alebo z telev\u00edzie. Gitara je pre nich exotikou. Ich n\u00e1strojom s\u00fa bubny, tlieskanie a hlasy. To v\u0161etko doprev\u00e1dzan\u00e9 tancom.<\/p>\n\n\n\n<p>Na\u0161e v\u00fdkony n\u00e1m dom\u00e1ci op\u00e4tuj\u00fa desa\u0165n\u00e1sobne. V chr\u00e1me sa oz\u00fdvaj\u00fa africk\u00e9 a slovensk\u00e9 spevy dlho po om\u0161i.<\/p>\n\n\n\n<p>Treba sa v\u0161ak pobra\u0165 \u010falej. Otec Peter n\u00e1m s\u013e\u00fabil, \u017ee n\u00e1s zoberie e\u0161te na jedno miesto, ktor\u00e9 spad\u00e1 pod jeho farnos\u0165.<\/p>\n\n\n\n<p>Mbwasa je mal\u00e1 dedinka s murovan\u00fdm kostolom, ktor\u00fd tu pred mnoh\u00fdmi rokmi vybudovali mision\u00e1ri. Kostol je v dezol\u00e1tnom stave, preto sa otec Peter s jeho farn\u00edkmi rozhodli, \u017ee spolu postavia nov\u00fd kostol.<\/p>\n\n\n\n<p>Ak to neurob\u00ed on, neurob\u00ed to nasleduj\u00facich sto-dvesto rokov nikto.<\/p>\n\n\n\n<p>Po om\u0161i n\u00e1s dom\u00e1ci poz\u00fdvaj\u00fa na obed, zohnali stoly a plastov\u00e9 stoli\u010dky, uvarili nieko\u013eko hrncov ry\u017ee a tie\u017e dusen\u00e9 kozie m\u00e4so. K tomu zeleninov\u00fd \u0161al\u00e1t. V t\u00fdchto podmienkach je to jedlo kr\u00e1\u013eov a pohostinnos\u0165, ktor\u00e1 sa rovn\u00e1 solidarite sv\u00e4t\u00e9ho Martina.<\/p>\n\n\n\n<p>To je to poznanie z Tanz\u00e1nie. \u017de \u013eudia, aj ke\u010f maj\u00fa m\u00e1lo, daj\u00fa v\u00e1m aj posledn\u00e9. A ke\u010f prijm\u00fa Je\u017ei\u0161a, neobzeraj\u00fa sa viac sp\u00e4\u0165 za star\u00fdm \u017eivotom.<\/p>\n\n\n\n<p>L\u00fa\u010dime sa s otcom Petrom. \u010eakuje n\u00e1m ako aj v\u0161etk\u00fdm podporovate\u013eom jeho misie. Uis\u0165uje n\u00e1s o modlitb\u00e1ch za v\u0161etk\u00fdch podporovate\u013eov jeho misijn\u00e9ho diela.<\/p>\n\n\n\n<p>Nasad\u00e1me do rozhegan\u00fdch a\u00fat miestnych katol\u00edkov a vyr\u00e1\u017eame smer letisko v hlavnom meste &#8211; Dodoma.<\/p>\n\n\n\n<p>Dvaja \u00fa\u010dastn\u00edci misie smeruj\u00fa kv\u00f4li pracovn\u00fdm povinnostiam u\u017e na Slovensko, zbytok v\u00fdpravy smeruje na Zanzibar. Tu je treba pom\u00f4c\u0165 s v\u00fdstavbou katol\u00edckeho kostola p\u00e1trovi Damazovi. Jeho misia je odv\u00e1\u017ena a ve\u013ek\u00e1. Stava\u0165 kostol v silne islamskom prostred\u00ed je n\u00e1ro\u010dn\u00e1 vec.<\/p>\n\n\n\n<p>Bohu v\u010faka za ka\u017ed\u00fd nov\u00fd de\u0148 na misii. V\u010faka za va\u0161e modlitby a podporu. Pri ka\u017edej sv\u00e4tej om\u0161i, ktor\u00fa tu sl\u00e1vime, mysl\u00edme aj na v\u00e1s!<\/p>\n\n\n\n<p>P.S.: Ve\u013ek\u00e1 v\u010faka za p\u00edsanie tohto denn\u00edka od celej skupiny \u0160tefanovi Chrappovi. Nikto in\u00ed z n\u00e1s, ani v\u0161etci dohromady, by sme to lep\u0161ie&nbsp;nedali\u2026<\/p>\n\n\n\n<p>PS 2.: Ak by ste chceli podpori\u0165 projekty v Tanz\u00e1nii, m\u00f4\u017eete posla\u0165 svoj dar na OZ MISIE, ktor\u00e9 sme zalo\u017eili na tento \u00fa\u010det: <strong>SK03 8330 0000 0026 0117 2894<\/strong><br>OZ Misie zalo\u017eili: Filip Mac\u00e1k, Pavol Gajdo\u0161 a Benjam\u00edn Kosn\u00e1\u010d.<\/p>\n","protected":false},"excerpt":{"rendered":"<p>Zop\u00e1r fotiek z Afriky Cesta na misiu b\u00fdva ob\u010das zar\u00faban\u00e1<\/p>\n","protected":false},"author":1,"featured_media":8669,"comment_status":"closed","ping_status":"closed","sticky":false,"template":"","format":"standard","meta":{"footnotes":""},"categories":[3],"tags":[],"class_list":{"0":"entry","1":"post","2":"publish","3":"author-marian-jasenoveceltras-sk","4":"has-more-link","5":"post-8605","7":"format-standard","8":"has-post-thumbnail","9":"category-afrika"},"_links":{"self":[{"href":"https:\/\/www.farakostolna.sk\/index.php?rest_route=\/wp\/v2\/posts\/8605","targetHints":{"allow":["GET"]}}],"collection":[{"href":"https:\/\/www.farakostolna.sk\/index.php?rest_route=\/wp\/v2\/posts"}],"about":[{"href":"https:\/\/www.farakostolna.sk\/index.php?rest_route=\/wp\/v2\/types\/post"}],"author":[{"embeddable":true,"href":"https:\/\/www.farakostolna.sk\/index.php?rest_route=\/wp\/v2\/users\/1"}],"replies":[{"embeddable":true,"href":"https:\/\/www.farakostolna.sk\/index.php?rest_route=%2Fwp%2Fv2%2Fcomments&post=8605"}],"version-history":[{"count":0,"href":"https:\/\/www.farakostolna.sk\/index.php?rest_route=\/wp\/v2\/posts\/8605\/revisions"}],"wp:featuredmedia":[{"embeddable":true,"href":"https:\/\/www.farakostolna.sk\/index.php?rest_route=\/"}],"wp:attachment":[{"href":"https:\/\/www.farakostolna.sk\/index.php?rest_route=%2Fwp%2Fv2%2Fmedia&parent=8605"}],"wp:term":[{"taxonomy":"category","embeddable":true,"href":"https:\/\/www.farakostolna.sk\/index.php?rest_route=%2Fwp%2Fv2%2Fcategories&post=8605"},{"taxonomy":"post_tag","embeddable":true,"href":"https:\/\/www.farakostolna.sk\/index.php?rest_route=%2Fwp%2Fv2%2Ftags&post=8605"}],"curies":[{"name":"wp","href":"https:\/\/api.w.org\/{rel}","templated":true}]}}