{"id":8585,"date":"2023-11-03T22:13:51","date_gmt":"2023-11-03T22:13:51","guid":{"rendered":"https:\/\/www.farakostolna.sk\/?p=8585"},"modified":"2023-11-03T22:13:51","modified_gmt":"2023-11-03T22:13:51","slug":"farske-oznamy-a-zamyslenie-5-11-2023","status":"publish","type":"post","link":"https:\/\/www.farakostolna.sk\/?p=8585","title":{"rendered":"Farsk\u00e9 oznamy a zamyslenie (5.11.2023)"},"content":{"rendered":"<div class=\"wp-block-image\">\n<figure class=\"aligncenter size-full\"><img decoding=\"async\" src=\"https:\/\/www.farakostolna.sk\/wp-content\/uploads\/2023\/11\/WhatsApp-Image-2023-11-03-at-22.41.13.jpeg\" alt=\"\" class=\"wp-image-8586\"\/><\/figure>\n<\/div>\n\n\n<p><\/p>\n\n\n\n<p>U\u010dite\u013e, Otec, ale napriek tomu slu\u017eobn\u00edk. Ako berieme Boha my? Je okrem slu\u017eobn\u00edka aj na\u0161im Otcom a U\u010dite\u013eom?<\/p>\n\n\n\n<p><strong>Sv\u00e4t\u00e9 om\u0161e u n\u00e1s:<\/strong><\/p>\n\n\n\n<p><strong>sobota \u2013 4. novembra (s nede\u013enou platnos\u0165ou)<\/strong><\/p>\n\n\n\n<ul class=\"wp-block-list\">\n<li><strong>17:00 \u2013 Hrub\u00e1 Bor\u0161a (slov.\/ma\u010f.)<\/strong><\/li>\n\n\n\n<li><strong>18:00 \u2013 Kostoln\u00e1 (slov.)<\/strong><\/li>\n<\/ul>\n\n\n\n<p><strong>nede\u013ea \u2013 5. novembra<\/strong><\/p>\n\n\n\n<ul class=\"wp-block-list\">\n<li><strong>8:00 \u2013 Hrub\u00fd \u0160\u00far (ma\u010f.)<\/strong><\/li>\n\n\n\n<li><strong>9:30 \u2013 Kostoln\u00e1 (ma\u010f.)<\/strong><\/li>\n\n\n\n<li><strong>11:00 \u2013 Kostoln\u00e1 (slov.)<\/strong><\/li>\n<\/ul>\n\n\n\n<p><strong>V t\u00fato nede\u013eu o 11:00 bude tzv. &#8220;rodinn\u00e1&#8221; sv\u00e4t\u00e1 om\u0161a. Poz\u00fdvame v\u0161etky deti spolu s rodi\u010dmi!<\/strong><\/p>\n\n\n\n<p><span class=\"x193iq5w xeuugli x13faqbe x1vvkbs xlh3980 xvmahel x1n0sxbx x1lliihq x1s928wv xhkezso x1gmr53x x1cpjm7i x1fgarty x1943h6x xudqn12 x3x7a5m x1f6kntn xvq8zen xo1l8bm xzsf02u x1yc453h\" dir=\"auto\">V t\u00fato nede\u013eu o 15:00 sa m\u00f4\u017eete pod veden\u00edm Juraja Kardo\u0161a pomodli\u0165 v Kostolnej v kostole ru\u017eenec Bo\u017eieho milosrdenstva. <\/span><\/p>\n\n\n\n<p><\/p>\n\n\n\n<p><strong>Nezabudnime v tieto dni z\u00edskava\u0165 \u00fapln\u00e9 odpustky du\u0161iam v o\u010distci a\u017e do 8. novembra. K tomu treba okrem sv\u00e4t\u00e9ho prij\u00edmania, n\u00e1v\u0161tevy cintor\u00edna a modlitieb by\u0165 v stave posv\u00e4cuj\u00facej milosti, teda by\u0165 po sv\u00e4tej spovedi a vyl\u00fa\u010di\u0165 ak\u00fako\u013evek prip\u00fatanos\u0165 k hriechu, aj k v\u0161edn\u00e9mu.<\/strong><\/p>\n\n\n\n<p>Z predaja svie\u010dok <strong>\u201eza nenaroden\u00e9 deti\u201c sme spolu pre \u201eF\u00f3rum \u017eivota\u201c <\/strong>vyzbierali v na\u0161ej farnosti v tomto roku 542 \u20ac. Z toho v Kostolnej 438 \u20ac, v Hrubej Bor\u0161i 60 \u20ac a v Hrubom \u0160\u00fare 44 \u20ac. Peniaze sa prepo\u0161l\u00fa tento t\u00fd\u017ede\u0148 na dan\u00fd \u00fa\u010det. V\u0161etk\u00fdm \u010fakujem. Osobitne t\u00fdmto \u010fakujem aj na\u0161ej koordin\u00e1torke Veronike Anderkovi\u010dovej.<\/p>\n\n\n\n<p>Bud\u00faci v\u00edkend bude sv\u00e4tomartinsk\u00e1 zbierka. Tentoraz bude ur\u010den\u00e1 na pomoc t\u00fdm, ktor\u00fdch postihlo zemetrasenie na v\u00fdchodnom Slovensku, predov\u0161etk\u00fdm na opravu kostolov v obciach Jankovce, Ni\u017en\u00e1 Sitnica, Korunkov\u00e1, Sopkovce a Pakostov.<\/p>\n\n\n\n<p><strong>Po\u010das najbli\u017e\u0161\u00edch dvoch t\u00fd\u017ed\u0148ov, v pr\u00edpade zaopatrovania chor\u00fdch, pohrebu, volajte pros\u00edm vdp. o. Gabriela Klenku, p\u00e1na far\u00e1ra z Ve\u013ek\u00e9ho Bielu (0911 811 328) alebo vdp. o. Eugena Mat\u00fasa z Boldogu (0902377168). Vr\u00e1tim sa a\u017e 18. novembra ve\u010der. Fara bude str\u00e1\u017een\u00e1!<\/strong><\/p>\n\n\n\n<p>Spolu na misiu do Tanz\u00e1nie ste prispeli 3960 \u20ac. Tieto prostriedky prerozdel\u00edme na projekty v diec\u00e9zach Kahama a Singida. Priebe\u017en\u00e9 inform\u00e1cie oh\u013eadom na\u0161ej misijnej cesty v Tanz\u00e1nii budeme zdie\u013ea\u0165 na farskej str\u00e1nke a farskom fb.<\/p>\n\n\n\n<p>Te\u0161\u00edme sa na V\u00c1S!<\/p>\n\n\n\n<p>S \u00factou, <br>Pavol Gajdo\u0161, v\u00e1\u0161 far\u00e1r<\/p>\n","protected":false},"excerpt":{"rendered":"<p>U\u010dite\u013e, Otec, ale napriek tomu slu\u017eobn\u00edk. Ako berieme Boha my? Je okrem slu\u017eobn\u00edka aj na\u0161im Otcom a U\u010dite\u013eom? Sv\u00e4t\u00e9 om\u0161e u n\u00e1s: sobota \u2013 4. novembra (s nede\u013enou platnos\u0165ou) nede\u013ea \u2013 5. novembra V t\u00fato nede\u013eu o 11:00 bude tzv. &#8220;rodinn\u00e1&#8221; sv\u00e4t\u00e1 om\u0161a. Poz\u00fdvame v\u0161etky deti spolu s rodi\u010dmi! V t\u00fato nede\u013eu o 15:00 sa &#8230; <span class=\"more\"><a class=\"more-link\" href=\"https:\/\/www.farakostolna.sk\/?p=8585\">[\u010c\u00edta\u0165 \u010falej&#8230;]<\/a><\/span><\/p>\n","protected":false},"author":1,"featured_media":8586,"comment_status":"closed","ping_status":"closed","sticky":false,"template":"","format":"standard","meta":{"footnotes":""},"categories":[13],"tags":[],"class_list":{"0":"entry","1":"post","2":"publish","3":"author-marian-jasenoveceltras-sk","4":"post-8585","6":"format-standard","7":"has-post-thumbnail","8":"category-oznamy"},"_links":{"self":[{"href":"https:\/\/www.farakostolna.sk\/index.php?rest_route=\/wp\/v2\/posts\/8585","targetHints":{"allow":["GET"]}}],"collection":[{"href":"https:\/\/www.farakostolna.sk\/index.php?rest_route=\/wp\/v2\/posts"}],"about":[{"href":"https:\/\/www.farakostolna.sk\/index.php?rest_route=\/wp\/v2\/types\/post"}],"author":[{"embeddable":true,"href":"https:\/\/www.farakostolna.sk\/index.php?rest_route=\/wp\/v2\/users\/1"}],"replies":[{"embeddable":true,"href":"https:\/\/www.farakostolna.sk\/index.php?rest_route=%2Fwp%2Fv2%2Fcomments&post=8585"}],"version-history":[{"count":0,"href":"https:\/\/www.farakostolna.sk\/index.php?rest_route=\/wp\/v2\/posts\/8585\/revisions"}],"wp:featuredmedia":[{"embeddable":true,"href":"https:\/\/www.farakostolna.sk\/index.php?rest_route=\/"}],"wp:attachment":[{"href":"https:\/\/www.farakostolna.sk\/index.php?rest_route=%2Fwp%2Fv2%2Fmedia&parent=8585"}],"wp:term":[{"taxonomy":"category","embeddable":true,"href":"https:\/\/www.farakostolna.sk\/index.php?rest_route=%2Fwp%2Fv2%2Fcategories&post=8585"},{"taxonomy":"post_tag","embeddable":true,"href":"https:\/\/www.farakostolna.sk\/index.php?rest_route=%2Fwp%2Fv2%2Ftags&post=8585"}],"curies":[{"name":"wp","href":"https:\/\/api.w.org\/{rel}","templated":true}]}}