{"id":8576,"date":"2023-10-27T20:23:14","date_gmt":"2023-10-27T20:23:14","guid":{"rendered":"https:\/\/www.farakostolna.sk\/?p=8576"},"modified":"2023-10-27T20:23:14","modified_gmt":"2023-10-27T20:23:14","slug":"farske-oznamy-a-zamyslenie-29-10-2023","status":"publish","type":"post","link":"https:\/\/www.farakostolna.sk\/?p=8576","title":{"rendered":"Farsk\u00e9 oznamy a zamyslenie (29.10.2023)"},"content":{"rendered":"<div class=\"wp-block-image\">\n<figure class=\"aligncenter size-full\"><img decoding=\"async\" src=\"https:\/\/www.farakostolna.sk\/wp-content\/uploads\/2023\/10\/WhatsApp-Image-2023-10-27-at-22.11.44.jpeg\" alt=\"\" class=\"wp-image-8577\"\/><\/figure>\n<\/div>\n\n\n<p><\/p>\n\n\n\n<p>Pr\u00edkazy, z\u00e1kazy, minim\u00e1, maxim\u00e1,\u2026 mo\u017eno sa aj my niekedy zam\u00fd\u0161\u013eame nad Bohom v takejto ekonomickej rovine. Ale Boh je Osoba, k nemu sa ide cez vz\u0165ah, nie cez z\u00e1kon.<\/p>\n\n\n\n<p><strong>Sv\u00e4t\u00e9 om\u0161e u n\u00e1s:<\/strong><\/p>\n\n\n\n<p><strong>sobota \u2013 28. okt\u00f3bra (s nede\u013enou platnos\u0165ou)<\/strong><\/p>\n\n\n\n<ul class=\"wp-block-list\">\n<li><strong>17:00 \u2013 Hrub\u00e1 Bor\u0161a (slov.\/ma\u010f.)<\/strong><\/li>\n\n\n\n<li><strong>18:00 \u2013 Kostoln\u00e1 (slov.)<\/strong><\/li>\n<\/ul>\n\n\n\n<p><strong>nede\u013ea \u2013 29. okt\u00f3bra<\/strong><\/p>\n\n\n\n<ul class=\"wp-block-list\">\n<li><strong>8:00 \u2013 Hrub\u00fd \u0160\u00far (ma\u010f.)<\/strong><\/li>\n\n\n\n<li><strong>9:30 \u2013 Kostoln\u00e1 (ma\u010f.)<\/strong><\/li>\n\n\n\n<li><strong>11:00 \u2013 Kostoln\u00e1 (slov.)<\/strong><\/li>\n<\/ul>\n\n\n\n<p><strong>V utorok poz\u00fdvame v\u0161etky deti na p\u00e1rty v\u0161etk\u00fdch sv\u00e4t\u00fdch do Kostolnej pri Dunaji. V slovenskom jazyku o 16:00 v pastora\u010dnom centre pod farou a v ma\u010farskom jazyku o 14:30 v miestnom kult\u00farnom dome.<\/strong> Vstupenkou je pr\u00eds\u0165 v maske nejak\u00e9ho sv\u00e4t\u00e9ho. V\u00edtan\u00e9 s\u00fa aj kol\u00e1\u010diky alebo nie\u010do in\u00e9 pod zub. Slovensk\u00e1 p\u00e1rty bude ukon\u010den\u00e1 sl\u00e1vnostnou sv\u00e4tou om\u0161ou v slovenskom jazyku o 18:00 a ma\u010farsk\u00e1 bude po sl\u00e1vnostnej sv\u00e4tej om\u0161i v ma\u010farskom jazyku o 17:00 pokra\u010dova\u0165 v miestnom kult\u00farnom dome a\u017e do 20:00.<\/p>\n\n\n\n<p><strong>V stredu, v predve\u010der \u201edu\u0161i\u010diek\u201c sa stretneme na cintor\u00edne: v Hrubej Bor\u0161i o 14:30, v Kostolnej \u2013 o 15:00 a v Hrubom \u0160\u00fare o 15:30. Na po\u017eiadanie m\u00f4\u017eem po\u017eehna\u0165 nov\u00e9 hroby.<\/strong><\/p>\n\n\n\n<p>Po\u010das t\u00fdchto dn\u00ed, ke\u010f viacej nav\u0161tevujeme cintor\u00edny, nezabudnime pre du\u0161e z\u00edskava\u0165 \u00fapln\u00e9 odpustky, ktor\u00e9 mo\u017eno privlastni\u0165 du\u0161iam v o\u010distci raz denne od 1. novembra do 8. novembra. K tomu treba okrem sv\u00e4t\u00e9ho prij\u00edmania, n\u00e1v\u0161tevy cintor\u00edna a modlitieb by\u0165 v stave posv\u00e4cuj\u00facej milosti, teda by\u0165 po sv\u00e4tej spovedi a vyl\u00fa\u010di\u0165 ak\u00fako\u013evek prip\u00fatanos\u0165 k hriechu, aj k v\u0161edn\u00e9mu.<\/p>\n\n\n\n<p>Tento t\u00fd\u017ede\u0148 budem spoveda\u0165 vo \u0161tvrtok a piatok v Kostolnej pod pr\u00edstre\u0161kom od 16:00 do 17:00. V tom \u010dase bude v kostole ador\u00e1cia.<\/p>\n\n\n\n<p>V piatky je v\u017edy v Hrubom \u0160\u00fare o 19:00 sv\u00e4t\u00e1 om\u0161a osobitne pre deti a ml\u00e1de\u017e v ma\u010farskom jazyku.<\/p>\n\n\n\n<p>V t\u00fdchto d\u0148och si v na\u0161ich kostoloch m\u00f4\u017eete zak\u00fapi\u0165 origin\u00e1lnu svie\u010dku (2 \u20ac a 5 \u20ac) s logom kampane a takto podpori\u0165 aktivity zameran\u00e9 na ochranu \u017eivota a rodiny. Hlavnou my\u0161lienkou je spoji\u0165 spomienku na v\u0161etk\u00fdch vern\u00fdch zosnul\u00fdch so spomienkou na deti, ktor\u00e9 sa nemohli narodi\u0165, lebo zomreli pri potrate.<\/p>\n\n\n\n<p>Minulot\u00fd\u017ed\u0148ov\u00e1 zbierka na misie vyniesla v na\u0161ej farnosti spolu 950,65 \u20ac, z toho v Kostolnej 702,45 \u20ac, v Hrubom \u0160\u00fare 161 \u20ac a v Hrubej Bor\u0161i 87,20 \u20ac. \u010eakujem za va\u0161u \u0161tedros\u0165. Peniaze som u\u017e preposlal na dan\u00fd \u00fa\u010det.<\/p>\n\n\n\n<p><strong>Sv\u00e4t\u00e9 om\u0161e na sviatok v\u0161etk\u00fdch sv\u00e4t\u00fdch v predve\u010der sviatku:<\/strong><\/p>\n\n\n\n<p><strong>utorok \u2013 31. okt\u00f3bra<\/strong><\/p>\n\n\n\n<ul class=\"wp-block-list\">\n<li><strong>17:00 \u2013 Kostoln\u00e1 (ma\u010f.\/dets.) vdp. Eugen Matus<\/strong><\/li>\n\n\n\n<li><strong>17:00 \u2013 Hrub\u00e1 Bor\u0161a (slov.\/ma\u010f.)<\/strong><\/li>\n\n\n\n<li><strong>18:00 \u2013 Kostoln\u00e1 (slov.\/dets.)<\/strong><\/li>\n<\/ul>\n\n\n\n<p><strong>streda \u2013 1. novembra (ako v nede\u013eu)<\/strong><\/p>\n\n\n\n<ul class=\"wp-block-list\">\n<li><strong>8:00 \u2013 Hrub\u00fd \u0160\u00far (ma\u010f.)<\/strong><\/li>\n\n\n\n<li><strong>9:30 \u2013 Kostoln\u00e1 (ma\u010f.)<\/strong><\/li>\n\n\n\n<li><strong>11:00 \u2013 Kostoln\u00e1 (slov.)<\/strong><\/li>\n<\/ul>\n\n\n\n<p><strong>\u0161tvrtok \u2013 2. novembra<br>&#8220;Du\u0161i\u010diek&#8221; &#8211; spomienka na vern\u00fdch zosnul\u00fdch:<\/strong><\/p>\n\n\n\n<ul class=\"wp-block-list\">\n<li><strong>17:00 \u2013 Kostoln\u00e1 (ma\u010f.)<\/strong><\/li>\n\n\n\n<li><strong>18:00 \u2013 Kostoln\u00e1 (slov.)<\/strong><\/li>\n\n\n\n<li><strong>19:00 \u2013 Hrub\u00fd \u0160\u00far (ma\u010f.)<\/strong><\/li>\n<\/ul>\n\n\n\n<p>Te\u0161\u00edme sa na V\u00c1S!<\/p>\n\n\n\n<p>S \u00factou, <br>Pavol Gajdo\u0161, v\u00e1\u0161 far\u00e1r<\/p>\n","protected":false},"excerpt":{"rendered":"<p>Pr\u00edkazy, z\u00e1kazy, minim\u00e1, maxim\u00e1,\u2026 mo\u017eno sa aj my niekedy zam\u00fd\u0161\u013eame nad Bohom v takejto ekonomickej rovine. Ale Boh je Osoba, k nemu sa ide cez vz\u0165ah, nie cez z\u00e1kon. Sv\u00e4t\u00e9 om\u0161e u n\u00e1s: sobota \u2013 28. okt\u00f3bra (s nede\u013enou platnos\u0165ou) nede\u013ea \u2013 29. okt\u00f3bra V utorok poz\u00fdvame v\u0161etky deti na p\u00e1rty v\u0161etk\u00fdch sv\u00e4t\u00fdch do Kostolnej &#8230; <span class=\"more\"><a class=\"more-link\" href=\"https:\/\/www.farakostolna.sk\/?p=8576\">[\u010c\u00edta\u0165 \u010falej&#8230;]<\/a><\/span><\/p>\n","protected":false},"author":7,"featured_media":8577,"comment_status":"closed","ping_status":"closed","sticky":false,"template":"","format":"standard","meta":{"footnotes":""},"categories":[13],"tags":[],"class_list":{"0":"entry","1":"post","2":"publish","3":"author-slado89gmail-com","4":"post-8576","6":"format-standard","7":"has-post-thumbnail","8":"category-oznamy"},"_links":{"self":[{"href":"https:\/\/www.farakostolna.sk\/index.php?rest_route=\/wp\/v2\/posts\/8576","targetHints":{"allow":["GET"]}}],"collection":[{"href":"https:\/\/www.farakostolna.sk\/index.php?rest_route=\/wp\/v2\/posts"}],"about":[{"href":"https:\/\/www.farakostolna.sk\/index.php?rest_route=\/wp\/v2\/types\/post"}],"author":[{"embeddable":true,"href":"https:\/\/www.farakostolna.sk\/index.php?rest_route=\/wp\/v2\/users\/7"}],"replies":[{"embeddable":true,"href":"https:\/\/www.farakostolna.sk\/index.php?rest_route=%2Fwp%2Fv2%2Fcomments&post=8576"}],"version-history":[{"count":0,"href":"https:\/\/www.farakostolna.sk\/index.php?rest_route=\/wp\/v2\/posts\/8576\/revisions"}],"wp:featuredmedia":[{"embeddable":true,"href":"https:\/\/www.farakostolna.sk\/index.php?rest_route=\/"}],"wp:attachment":[{"href":"https:\/\/www.farakostolna.sk\/index.php?rest_route=%2Fwp%2Fv2%2Fmedia&parent=8576"}],"wp:term":[{"taxonomy":"category","embeddable":true,"href":"https:\/\/www.farakostolna.sk\/index.php?rest_route=%2Fwp%2Fv2%2Fcategories&post=8576"},{"taxonomy":"post_tag","embeddable":true,"href":"https:\/\/www.farakostolna.sk\/index.php?rest_route=%2Fwp%2Fv2%2Ftags&post=8576"}],"curies":[{"name":"wp","href":"https:\/\/api.w.org\/{rel}","templated":true}]}}