{"id":8570,"date":"2023-10-20T21:02:16","date_gmt":"2023-10-20T21:02:16","guid":{"rendered":"https:\/\/www.farakostolna.sk\/?p=8570"},"modified":"2023-10-20T21:02:16","modified_gmt":"2023-10-20T21:02:16","slug":"farske-oznamy-a-zamyslenie-22-10-2023","status":"publish","type":"post","link":"https:\/\/www.farakostolna.sk\/?p=8570","title":{"rendered":"Farsk\u00e9 oznamy a zamyslenie (22.10.2023)"},"content":{"rendered":"<div class=\"wp-block-image\">\n<figure class=\"aligncenter size-large is-resized\"><img decoding=\"async\" src=\"https:\/\/www.farakostolna.sk\/wp-content\/uploads\/2023\/10\/WhatsApp-Image-2023-10-20-at-22.55.23_da8883b0-1024x656.jpg\" alt=\"\" class=\"wp-image-8571\" style=\"aspect-ratio:1.5609756097560976;width:840px;height:auto\"\/><\/figure>\n<\/div>\n\n\n<p><\/p>\n\n\n\n<p>&#8220;\u010co je cis\u00e1rovo, cis\u00e1rovi\u2026&#8221; t\u00fato \u010das\u0165 poznaj\u00fa aj neveriaci, dokonca ju manipulat\u00edvne pou\u017e\u00edvaj\u00fa proti kres\u0165anom, ak ich chc\u00fa podriadi\u0165 svetskej, neraz nemor\u00e1lnej, moci. Nezab\u00fadajme v\u0161ak na pokra\u010dovanie: &#8220;\u010do je Bo\u017eie, Bohu&#8221;. Posl\u00fachneme aj toto?<\/p>\n\n\n\n<p><strong>Sv\u00e4t\u00e9 om\u0161e u n\u00e1s:<\/strong><\/p>\n\n\n\n<p><strong>sobota \u2013 21. okt\u00f3bra (s nede\u013enou platnos\u0165ou)<\/strong><\/p>\n\n\n\n<ul class=\"wp-block-list\">\n<li><strong>17:00 \u2013 Hrub\u00e1 Bor\u0161a (slov.\/ma\u010f.)<\/strong><\/li>\n\n\n\n<li><strong>18:00 \u2013 Kostoln\u00e1 (slov.)<\/strong><\/li>\n<\/ul>\n\n\n\n<p><strong>nede\u013ea \u2013 22. okt\u00f3bra<\/strong><\/p>\n\n\n\n<ul class=\"wp-block-list\">\n<li><strong>8:00 \u2013 Hrub\u00fd \u0160\u00far (ma\u010f.)<\/strong><\/li>\n\n\n\n<li><strong>9:30 \u2013 Kostoln\u00e1 (ma\u010f.)<\/strong><\/li>\n\n\n\n<li><strong>11:00 \u2013 Kostoln\u00e1 (slov.)<\/strong><\/li>\n<\/ul>\n\n\n\n<p>Spoveda\u0165 budem v stredu, \u0161tvrtok a piatok v Kostolnej pod pr\u00edstre\u0161kom od 16:00 do 17:00. V tom \u010dase bude v kostole ador\u00e1cia.<\/p>\n\n\n\n<p>V piatky je v\u017edy v Hrubom \u0160\u00fare o 19:00 sv\u00e4t\u00e1 om\u0161a osobitne pre deti a ml\u00e1de\u017e v ma\u010farskom jazyku.<\/p>\n\n\n\n<p>Minulot\u00fd\u017ed\u0148ov\u00e1 pravideln\u00e1 mesa\u010dn\u00e1 zbierka na opravu farsk\u00e9ho kostola a prev\u00e1dzkov\u00e9 n\u00e1klady farnosti vyniesla v Kostolnej 832,40 \u20ac, v Hrubej Bor\u0161i 148,45 \u20ac a v Hrubom \u0160\u00fare na prev\u00e1dzkov\u00e9 n\u00e1klady farnosti a potreby \u0161\u00farskej kaplnky 150 \u20ac. \u010eakujem za va\u0161u \u0161tedros\u0165 a priaze\u0148.<\/p>\n\n\n\n<p><strong>Tento v\u00edkend bude zbierka na misie, tentokr\u00e1t pre africk\u00fa krajinu Benin. Vopred \u010fakujem.<\/strong><\/p>\n\n\n\n<p>S bl\u00ed\u017eiacimi sviatkami &#8220;du\u0161i\u010diek&#8221; je tu op\u00e4\u0165 akcia <strong>Svie\u010dka za nenaroden\u00e9 deti.<\/strong> V na\u0161ich kostoloch si m\u00f4\u017eete zak\u00fapi\u0165 origin\u00e1lnu svie\u010dku (2 \u20ac a 5 \u20ac) s logom kampane a takto podpori\u0165 aktivity zameran\u00e9 na ochranu \u017eivota a rodiny. Hlavnou my\u0161lienkou tejto akcie je spoji\u0165 spomienku na v\u0161etk\u00fdch vern\u00fdch zosnul\u00fdch so spomienkou na deti, ktor\u00e9 sa nemohli narodi\u0165, lebo zomreli pri potrate.<\/p>\n\n\n\n<p>S \u00factou, <br>Pavol Gajdo\u0161, v\u00e1\u0161 far\u00e1r<\/p>\n","protected":false},"excerpt":{"rendered":"<p>&#8220;\u010co je cis\u00e1rovo, cis\u00e1rovi\u2026&#8221; t\u00fato \u010das\u0165 poznaj\u00fa aj neveriaci, dokonca ju manipulat\u00edvne pou\u017e\u00edvaj\u00fa proti kres\u0165anom, ak ich chc\u00fa podriadi\u0165 svetskej, neraz nemor\u00e1lnej, moci. Nezab\u00fadajme v\u0161ak na pokra\u010dovanie: &#8220;\u010do je Bo\u017eie, Bohu&#8221;. Posl\u00fachneme aj toto? Sv\u00e4t\u00e9 om\u0161e u n\u00e1s: sobota \u2013 21. okt\u00f3bra (s nede\u013enou platnos\u0165ou) nede\u013ea \u2013 22. okt\u00f3bra Spoveda\u0165 budem v stredu, \u0161tvrtok a &#8230; <span class=\"more\"><a class=\"more-link\" href=\"https:\/\/www.farakostolna.sk\/?p=8570\">[\u010c\u00edta\u0165 \u010falej&#8230;]<\/a><\/span><\/p>\n","protected":false},"author":7,"featured_media":8571,"comment_status":"closed","ping_status":"closed","sticky":false,"template":"","format":"standard","meta":{"footnotes":""},"categories":[13],"tags":[],"class_list":{"0":"entry","1":"post","2":"publish","3":"author-slado89gmail-com","4":"post-8570","6":"format-standard","7":"has-post-thumbnail","8":"category-oznamy"},"_links":{"self":[{"href":"https:\/\/www.farakostolna.sk\/index.php?rest_route=\/wp\/v2\/posts\/8570","targetHints":{"allow":["GET"]}}],"collection":[{"href":"https:\/\/www.farakostolna.sk\/index.php?rest_route=\/wp\/v2\/posts"}],"about":[{"href":"https:\/\/www.farakostolna.sk\/index.php?rest_route=\/wp\/v2\/types\/post"}],"author":[{"embeddable":true,"href":"https:\/\/www.farakostolna.sk\/index.php?rest_route=\/wp\/v2\/users\/7"}],"replies":[{"embeddable":true,"href":"https:\/\/www.farakostolna.sk\/index.php?rest_route=%2Fwp%2Fv2%2Fcomments&post=8570"}],"version-history":[{"count":0,"href":"https:\/\/www.farakostolna.sk\/index.php?rest_route=\/wp\/v2\/posts\/8570\/revisions"}],"wp:featuredmedia":[{"embeddable":true,"href":"https:\/\/www.farakostolna.sk\/index.php?rest_route=\/"}],"wp:attachment":[{"href":"https:\/\/www.farakostolna.sk\/index.php?rest_route=%2Fwp%2Fv2%2Fmedia&parent=8570"}],"wp:term":[{"taxonomy":"category","embeddable":true,"href":"https:\/\/www.farakostolna.sk\/index.php?rest_route=%2Fwp%2Fv2%2Fcategories&post=8570"},{"taxonomy":"post_tag","embeddable":true,"href":"https:\/\/www.farakostolna.sk\/index.php?rest_route=%2Fwp%2Fv2%2Ftags&post=8570"}],"curies":[{"name":"wp","href":"https:\/\/api.w.org\/{rel}","templated":true}]}}