{"id":8567,"date":"2023-10-19T08:19:58","date_gmt":"2023-10-19T08:19:58","guid":{"rendered":"https:\/\/www.farakostolna.sk\/?p=8567"},"modified":"2024-01-15T13:34:53","modified_gmt":"2024-01-15T13:34:53","slug":"milion-deti-sa-modli-ruzenec-18-10-2023","status":"publish","type":"post","link":"https:\/\/www.farakostolna.sk\/?p=8567","title":{"rendered":"Mili\u00f3n det\u00ed sa modl\u00ed ru\u017eenec (18.10.2023)"},"content":{"rendered":"\n<figure class=\"wp-block-image size-large is-resized\"><img loading=\"lazy\" decoding=\"async\" width=\"1024\" height=\"768\" src=\"https:\/\/www.farakostolna.sk\/wp-content\/uploads\/2024\/01\/WhatsApp-Image-2023-10-20-at-10.21.21_832d2f40-1024x768.jpg\" alt=\"\" class=\"wp-image-1397\" style=\"aspect-ratio:1.3333333333333333;width:840px;height:auto\" srcset=\"https:\/\/www.farakostolna.sk\/wp-content\/uploads\/2024\/01\/WhatsApp-Image-2023-10-20-at-10.21.21_832d2f40-1024x768.jpg 1024w, https:\/\/www.farakostolna.sk\/wp-content\/uploads\/2024\/01\/WhatsApp-Image-2023-10-20-at-10.21.21_832d2f40-300x225.jpg 300w, https:\/\/www.farakostolna.sk\/wp-content\/uploads\/2024\/01\/WhatsApp-Image-2023-10-20-at-10.21.21_832d2f40-768x576.jpg 768w, https:\/\/www.farakostolna.sk\/wp-content\/uploads\/2024\/01\/WhatsApp-Image-2023-10-20-at-10.21.21_832d2f40-1536x1152.jpg 1536w, https:\/\/www.farakostolna.sk\/wp-content\/uploads\/2024\/01\/WhatsApp-Image-2023-10-20-at-10.21.21_832d2f40.jpg 2048w\" sizes=\"auto, (max-width: 1024px) 100vw, 1024px\" \/><\/figure>\n\n\n\n<p><\/p>\n\n\n\n<p>V stredu sa op\u00e4\u0165 n\u00e1\u0161 chr\u00e1m zaplnil de\u0165mi. Zapojili sme sa do iniciat\u00edvy &#8220;Mili\u00f3n det\u00ed sa modl\u00ed ru\u017eenec&#8221;. Bolo dojemn\u00e9, ako sa i t\u00ed najmen\u0161\u00ed modlili za pokoj a mier vo svete, ktor\u00fd tak ve\u013emi potrebujeme.<\/p>\n\n\n\n<p>\u010eakujeme v\u0161etk\u00fdm za \u00fa\u010das\u0165 a modlitby a pani Ivetke \u0160illovej za kr\u00e1sny ru\u017eenec, ktor\u00fd deti potom vyskladali z ga\u0161tanov.<\/p>\n","protected":false},"excerpt":{"rendered":"<p>V stredu sa op\u00e4\u0165 n\u00e1\u0161 chr\u00e1m zaplnil de\u0165mi. Zapojili sme sa do iniciat\u00edvy &#8220;Mili\u00f3n det\u00ed sa modl\u00ed ru\u017eenec&#8221;. Bolo dojemn\u00e9, ako sa i t\u00ed najmen\u0161\u00ed modlili za pokoj a mier vo svete, ktor\u00fd tak ve\u013emi potrebujeme. \u010eakujeme v\u0161etk\u00fdm za \u00fa\u010das\u0165 a modlitby a pani Ivetke \u0160illovej za kr\u00e1sny ru\u017eenec, ktor\u00fd deti potom vyskladali z ga\u0161tanov.<\/p>\n","protected":false},"author":7,"featured_media":8568,"comment_status":"closed","ping_status":"closed","sticky":false,"template":"","format":"standard","meta":{"footnotes":""},"categories":[4],"tags":[],"class_list":{"0":"entry","1":"post","2":"publish","3":"author-slado89gmail-com","4":"post-8567","6":"format-standard","7":"has-post-thumbnail","8":"category-akcie"},"_links":{"self":[{"href":"https:\/\/www.farakostolna.sk\/index.php?rest_route=\/wp\/v2\/posts\/8567","targetHints":{"allow":["GET"]}}],"collection":[{"href":"https:\/\/www.farakostolna.sk\/index.php?rest_route=\/wp\/v2\/posts"}],"about":[{"href":"https:\/\/www.farakostolna.sk\/index.php?rest_route=\/wp\/v2\/types\/post"}],"author":[{"embeddable":true,"href":"https:\/\/www.farakostolna.sk\/index.php?rest_route=\/wp\/v2\/users\/7"}],"replies":[{"embeddable":true,"href":"https:\/\/www.farakostolna.sk\/index.php?rest_route=%2Fwp%2Fv2%2Fcomments&post=8567"}],"version-history":[{"count":1,"href":"https:\/\/www.farakostolna.sk\/index.php?rest_route=\/wp\/v2\/posts\/8567\/revisions"}],"predecessor-version":[{"id":8899,"href":"https:\/\/www.farakostolna.sk\/index.php?rest_route=\/wp\/v2\/posts\/8567\/revisions\/8899"}],"wp:featuredmedia":[{"embeddable":true,"href":"https:\/\/www.farakostolna.sk\/index.php?rest_route=\/"}],"wp:attachment":[{"href":"https:\/\/www.farakostolna.sk\/index.php?rest_route=%2Fwp%2Fv2%2Fmedia&parent=8567"}],"wp:term":[{"taxonomy":"category","embeddable":true,"href":"https:\/\/www.farakostolna.sk\/index.php?rest_route=%2Fwp%2Fv2%2Fcategories&post=8567"},{"taxonomy":"post_tag","embeddable":true,"href":"https:\/\/www.farakostolna.sk\/index.php?rest_route=%2Fwp%2Fv2%2Ftags&post=8567"}],"curies":[{"name":"wp","href":"https:\/\/api.w.org\/{rel}","templated":true}]}}