{"id":8554,"date":"2023-10-13T21:04:02","date_gmt":"2023-10-13T21:04:02","guid":{"rendered":"https:\/\/www.farakostolna.sk\/?p=8554"},"modified":"2023-10-13T21:04:02","modified_gmt":"2023-10-13T21:04:02","slug":"farske-oznamy-a-zamyslenie-15-10-2023","status":"publish","type":"post","link":"https:\/\/www.farakostolna.sk\/?p=8554","title":{"rendered":"Farsk\u00e9 oznamy a zamyslenie (15.10.2023)"},"content":{"rendered":"\n<figure class=\"wp-block-image size-full\"><img decoding=\"async\" src=\"https:\/\/www.farakostolna.sk\/wp-content\/uploads\/2023\/10\/9aad75f3-62a1-4cd7-9f19-6ea7e25cb0a0.jpeg\" alt=\"\" class=\"wp-image-8555\"\/><\/figure>\n\n\n\n<p><\/p>\n\n\n\n<p>Je\u017ei\u0161 n\u00e1s op\u00e4\u0165 poz\u00fdva, tentokr\u00e1t v\u0161ak na hostinu. Neprija\u0165 pozvanie na pr\u00e1cu je aj pochopite\u013en\u00e9, ale nepr\u00eds\u0165 na hostinu je opov\u00e1\u017elivos\u0165. Je to neuverite\u013en\u00e9, ale presne toto opakujeme dookola &#8211; odmietame ve\u010dn\u00e9 Dobro.<\/p>\n\n\n\n<p><strong>Sv\u00e4t\u00e9 om\u0161e u n\u00e1s:<\/strong><\/p>\n\n\n\n<p><strong>sobota \u2013 14. okt\u00f3bra (s nede\u013enou platnos\u0165ou)<\/strong><\/p>\n\n\n\n<ul class=\"wp-block-list\">\n<li><strong>17:00 \u2013 Hrub\u00e1 Bor\u0161a (slov.\/ma\u010f.)<\/strong><\/li>\n\n\n\n<li><strong>18:00 \u2013 Kostoln\u00e1 (slov.)<\/strong><\/li>\n<\/ul>\n\n\n\n<p><strong>nede\u013ea \u2013 15. okt\u00f3bra<\/strong><\/p>\n\n\n\n<ul class=\"wp-block-list\">\n<li><strong>8:00 \u2013 Hrub\u00fd \u0160\u00far (ma\u010f.)<\/strong><\/li>\n\n\n\n<li><strong>9:30 \u2013 Kostoln\u00e1 (ma\u010f.)<\/strong><\/li>\n\n\n\n<li><strong>11:00 \u2013 Kostoln\u00e1 (slov.)<\/strong><\/li>\n<\/ul>\n\n\n\n<p>Ani tento utorok v\u00fdnimo\u010dne nebudem ma\u0165 vo farnosti sv\u00e4t\u00fa om\u0161u.<\/p>\n\n\n\n<p>Spoveda\u0165 budem v stredu, \u0161tvrtok a piatok v Kostolnej pod pr\u00edstre\u0161kom od 16:00 do 17:00. V tom \u010dase bude v kostole ador\u00e1cia.<\/p>\n\n\n\n<p><strong>V stredu 18. okt\u00f3bra sa pripoj\u00edme k iniciat\u00edve &#8220;Mili\u00f3n det\u00ed sa modl\u00ed ru\u017eenec&#8221; za pokoja mier vo svete. Spolo\u010dne sa ho pomodl\u00edme od 17:40 v Kostolnej vo farskom kostole. Z tohto d\u00f4vodu bud\u00fa obidve sv\u00e4t\u00e9 om\u0161e so zrete\u013eom na deti. O 17:00 v ma\u010farskom a o 18:00 v slovenskom jazyku. Poz\u00fdvame v\u0161etky deti!!!<\/strong><\/p>\n\n\n\n<p>V piatky je v\u017edy v Hrubom \u0160\u00fare o 19:00 sv\u00e4t\u00e1 om\u0161a osobitne pre deti a ml\u00e1de\u017e v ma\u010farskom jazyku.<\/p>\n\n\n\n<p>Tento v\u00edkend je pravideln\u00e1 mesa\u010dn\u00e1 zbierka na opravu farsk\u00e9ho kostola a prev\u00e1dzkov\u00e9 n\u00e1klady farnosti. Vopred \u010fakujem za va\u0161u \u0161tedros\u0165 a priaze\u0148.<\/p>\n\n\n\n<p>O t\u00fd\u017ede\u0148 bude zbierka na misie.<\/p>\n\n\n\n<p>S \u00factou, <br>Pavol Gajdo\u0161, v\u00e1\u0161 far\u00e1r<\/p>\n","protected":false},"excerpt":{"rendered":"<p>Je\u017ei\u0161 n\u00e1s op\u00e4\u0165 poz\u00fdva, tentokr\u00e1t v\u0161ak na hostinu. Neprija\u0165 pozvanie na pr\u00e1cu je aj pochopite\u013en\u00e9, ale nepr\u00eds\u0165 na hostinu je opov\u00e1\u017elivos\u0165. Je to neuverite\u013en\u00e9, ale presne toto opakujeme dookola &#8211; odmietame ve\u010dn\u00e9 Dobro. Sv\u00e4t\u00e9 om\u0161e u n\u00e1s: sobota \u2013 14. okt\u00f3bra (s nede\u013enou platnos\u0165ou) nede\u013ea \u2013 15. okt\u00f3bra Ani tento utorok v\u00fdnimo\u010dne nebudem ma\u0165 vo &#8230; <span class=\"more\"><a class=\"more-link\" href=\"https:\/\/www.farakostolna.sk\/?p=8554\">[\u010c\u00edta\u0165 \u010falej&#8230;]<\/a><\/span><\/p>\n","protected":false},"author":7,"featured_media":8555,"comment_status":"closed","ping_status":"closed","sticky":false,"template":"","format":"standard","meta":{"footnotes":""},"categories":[13],"tags":[],"class_list":{"0":"entry","1":"post","2":"publish","3":"author-slado89gmail-com","4":"post-8554","6":"format-standard","7":"has-post-thumbnail","8":"category-oznamy"},"_links":{"self":[{"href":"https:\/\/www.farakostolna.sk\/index.php?rest_route=\/wp\/v2\/posts\/8554","targetHints":{"allow":["GET"]}}],"collection":[{"href":"https:\/\/www.farakostolna.sk\/index.php?rest_route=\/wp\/v2\/posts"}],"about":[{"href":"https:\/\/www.farakostolna.sk\/index.php?rest_route=\/wp\/v2\/types\/post"}],"author":[{"embeddable":true,"href":"https:\/\/www.farakostolna.sk\/index.php?rest_route=\/wp\/v2\/users\/7"}],"replies":[{"embeddable":true,"href":"https:\/\/www.farakostolna.sk\/index.php?rest_route=%2Fwp%2Fv2%2Fcomments&post=8554"}],"version-history":[{"count":0,"href":"https:\/\/www.farakostolna.sk\/index.php?rest_route=\/wp\/v2\/posts\/8554\/revisions"}],"wp:featuredmedia":[{"embeddable":true,"href":"https:\/\/www.farakostolna.sk\/index.php?rest_route=\/"}],"wp:attachment":[{"href":"https:\/\/www.farakostolna.sk\/index.php?rest_route=%2Fwp%2Fv2%2Fmedia&parent=8554"}],"wp:term":[{"taxonomy":"category","embeddable":true,"href":"https:\/\/www.farakostolna.sk\/index.php?rest_route=%2Fwp%2Fv2%2Fcategories&post=8554"},{"taxonomy":"post_tag","embeddable":true,"href":"https:\/\/www.farakostolna.sk\/index.php?rest_route=%2Fwp%2Fv2%2Ftags&post=8554"}],"curies":[{"name":"wp","href":"https:\/\/api.w.org\/{rel}","templated":true}]}}