{"id":8548,"date":"2023-10-06T20:36:27","date_gmt":"2023-10-06T20:36:27","guid":{"rendered":"https:\/\/www.farakostolna.sk\/?p=8548"},"modified":"2023-10-06T20:36:27","modified_gmt":"2023-10-06T20:36:27","slug":"farske-oznamy-a-zamyslenie-08-10-2023","status":"publish","type":"post","link":"https:\/\/www.farakostolna.sk\/?p=8548","title":{"rendered":"Farsk\u00e9 oznamy a zamyslenie (08.10.2023)"},"content":{"rendered":"<div class=\"wp-block-image\">\n<figure class=\"aligncenter size-large\"><img decoding=\"async\" src=\"https:\/\/www.farakostolna.sk\/wp-content\/uploads\/2023\/10\/WhatsApp-Image-2023-10-06-at-22.07.04_9d4ce6b4-1024x683.jpg\" alt=\"\" class=\"wp-image-8549\"\/><\/figure>\n<\/div>\n\n\n<p><\/p>\n\n\n\n<p>Mysl\u00edme si, \u017ee m\u00e1me nadh\u013ead, \u017ee my by sme u\u017e Je\u017ei\u0161a v na\u0161ej dobe rozpoznali a nezavrhli ho. Naozaj? Ve\u010f cel\u00e9 dejiny s\u00fa o tom, \u017ee \u013eudia opakuj\u00fa tie ist\u00e9 chyby &#8211; maj\u00fa s\u00edce historick\u00fa sk\u00fasenos\u0165, ale v pr\u00edtomnosti s\u00fa straten\u00ed.<\/p>\n\n\n\n<p><strong>Sv\u00e4t\u00e9 om\u0161e u n\u00e1s:<\/strong><\/p>\n\n\n\n<p><strong>sobota \u2013 7. okt\u00f3bra (s nede\u013enou platnos\u0165ou)<\/strong><\/p>\n\n\n\n<ul class=\"wp-block-list\">\n<li><strong>17:00 \u2013 Hrub\u00e1 Bor\u0161a (slov.\/ma\u010f.)<\/strong><\/li>\n\n\n\n<li><strong>18:00 \u2013 Kostoln\u00e1 (slov.)<\/strong><\/li>\n<\/ul>\n\n\n\n<p><strong>nede\u013ea \u2013 8. okt\u00f3bra<\/strong><\/p>\n\n\n\n<ul class=\"wp-block-list\">\n<li><strong>8:00 \u2013 Hrub\u00fd \u0160\u00far (ma\u010f.)<\/strong><\/li>\n\n\n\n<li><strong>9:30 \u2013 Kostoln\u00e1 (ma\u010f.)<\/strong><\/li>\n\n\n\n<li><strong>11:00 \u2013 Kostoln\u00e1 (slov.)<\/strong><\/li>\n<\/ul>\n\n\n\n<p><strong>V t\u00fato nede\u013eu o 15:00 bude v Kostolnej v chr\u00e1me pred vylo\u017eenou Sviatos\u0165ou Olt\u00e1rnou hodinka Bo\u017eieho milosrdenstva. V\u0161etci sme pozvan\u00ed.<\/strong><\/p>\n\n\n\n<p>Dva utorky po sebe v\u00fdnimo\u010dne nebudem ma\u0165 vo farnosti sv\u00e4t\u00fa om\u0161u.<\/p>\n\n\n\n<p>Spoveda\u0165 budem v stredu, \u0161tvrtok a piatok v Kostolnej pod pr\u00edstre\u0161kom od 16:00 do 17:00. V tom \u010dase bude v kostole ador\u00e1cia.<\/p>\n\n\n\n<p>V piatky je v\u017edy v Hrubom \u0160\u00fare o 19:00 sv\u00e4t\u00e1 om\u0161a osobitne pre deti a ml\u00e1de\u017e v ma\u010farskom jazyku.<\/p>\n\n\n\n<p>S \u00factou, <br>Pavol Gajdo\u0161,\u00a0v\u00e1\u0161\u00a0far\u00e1r<\/p>\n","protected":false},"excerpt":{"rendered":"<p>Mysl\u00edme si, \u017ee m\u00e1me nadh\u013ead, \u017ee my by sme u\u017e Je\u017ei\u0161a v na\u0161ej dobe rozpoznali a nezavrhli ho. Naozaj? Ve\u010f cel\u00e9 dejiny s\u00fa o tom, \u017ee \u013eudia opakuj\u00fa tie ist\u00e9 chyby &#8211; maj\u00fa s\u00edce historick\u00fa sk\u00fasenos\u0165, ale v pr\u00edtomnosti s\u00fa straten\u00ed. Sv\u00e4t\u00e9 om\u0161e u n\u00e1s: sobota \u2013 7. okt\u00f3bra (s nede\u013enou platnos\u0165ou) nede\u013ea \u2013 8. &#8230; <span class=\"more\"><a class=\"more-link\" href=\"https:\/\/www.farakostolna.sk\/?p=8548\">[\u010c\u00edta\u0165 \u010falej&#8230;]<\/a><\/span><\/p>\n","protected":false},"author":7,"featured_media":8549,"comment_status":"closed","ping_status":"closed","sticky":false,"template":"","format":"standard","meta":{"footnotes":""},"categories":[13],"tags":[],"class_list":{"0":"entry","1":"post","2":"publish","3":"author-slado89gmail-com","4":"post-8548","6":"format-standard","7":"has-post-thumbnail","8":"category-oznamy"},"_links":{"self":[{"href":"https:\/\/www.farakostolna.sk\/index.php?rest_route=\/wp\/v2\/posts\/8548","targetHints":{"allow":["GET"]}}],"collection":[{"href":"https:\/\/www.farakostolna.sk\/index.php?rest_route=\/wp\/v2\/posts"}],"about":[{"href":"https:\/\/www.farakostolna.sk\/index.php?rest_route=\/wp\/v2\/types\/post"}],"author":[{"embeddable":true,"href":"https:\/\/www.farakostolna.sk\/index.php?rest_route=\/wp\/v2\/users\/7"}],"replies":[{"embeddable":true,"href":"https:\/\/www.farakostolna.sk\/index.php?rest_route=%2Fwp%2Fv2%2Fcomments&post=8548"}],"version-history":[{"count":0,"href":"https:\/\/www.farakostolna.sk\/index.php?rest_route=\/wp\/v2\/posts\/8548\/revisions"}],"wp:featuredmedia":[{"embeddable":true,"href":"https:\/\/www.farakostolna.sk\/index.php?rest_route=\/"}],"wp:attachment":[{"href":"https:\/\/www.farakostolna.sk\/index.php?rest_route=%2Fwp%2Fv2%2Fmedia&parent=8548"}],"wp:term":[{"taxonomy":"category","embeddable":true,"href":"https:\/\/www.farakostolna.sk\/index.php?rest_route=%2Fwp%2Fv2%2Fcategories&post=8548"},{"taxonomy":"post_tag","embeddable":true,"href":"https:\/\/www.farakostolna.sk\/index.php?rest_route=%2Fwp%2Fv2%2Ftags&post=8548"}],"curies":[{"name":"wp","href":"https:\/\/api.w.org\/{rel}","templated":true}]}}