{"id":8533,"date":"2023-09-29T21:51:42","date_gmt":"2023-09-29T21:51:42","guid":{"rendered":"https:\/\/www.farakostolna.sk\/?p=8533"},"modified":"2023-09-29T21:51:42","modified_gmt":"2023-09-29T21:51:42","slug":"farske-oznamy-a-zamyslenie-01-10-2023","status":"publish","type":"post","link":"https:\/\/www.farakostolna.sk\/?p=8533","title":{"rendered":"Farsk\u00e9 oznamy a zamyslenie (01.10.2023)"},"content":{"rendered":"<div class=\"wp-block-image\">\n<figure class=\"aligncenter size-full is-resized\"><img loading=\"lazy\" decoding=\"async\" src=\"https:\/\/www.farakostolna.sk\/wp-content\/uploads\/2023\/09\/oie_292342255sIlS1xV-3.jpg\" alt=\"\" class=\"wp-image-8534\" style=\"width:398px;height:253px\" width=\"398\" height=\"253\"\/><\/figure>\n<\/div>\n\n\n<p><\/p>\n\n\n\n<p>Je\u017ei\u0161 n\u00e1s op\u00e4\u0165 &#8220;vyru\u0161uje&#8221; kontrastom. Na koho strane sa vid\u00edme? Boh vid\u00ed nielen postoj n\u00e1\u0161ho jazyka, ale najm\u00e4 srdca. \u010co z nich zv\u00ed\u0165az\u00ed?<\/p>\n\n\n\n<p><strong>Sv\u00e4t\u00e9 om\u0161e u n\u00e1s:<\/strong><\/p>\n\n\n\n<p><strong>sobota \u2013 30. septembra (s nede\u013enou platnos\u0165ou)<\/strong><\/p>\n\n\n\n<ul class=\"wp-block-list\">\n<li><strong>17:00 \u2013 Hrub\u00e1 Bor\u0161a (slov.\/ma\u010f.)<\/strong><\/li>\n\n\n\n<li><strong>18:00 \u2013 Kostoln\u00e1 (slov.)<\/strong><\/li>\n<\/ul>\n\n\n\n<p><strong>nede\u013ea \u2013 1. okt\u00f3bra<\/strong><\/p>\n\n\n\n<ul class=\"wp-block-list\">\n<li><strong>8:00 \u2013 Hrub\u00fd \u0160\u00far (ma\u010f.)<\/strong><\/li>\n\n\n\n<li><strong>9:30 \u2013 Kostoln\u00e1 (ma\u010f.)<\/strong><\/li>\n\n\n\n<li><strong>11:00 \u2013 Kostoln\u00e1 (slov.)<\/strong><\/li>\n<\/ul>\n\n\n\n<p><strong>V t\u00fato nede\u013eu m\u00e1me v Kostolnej farsk\u00e9 hody. Hos\u0165ami bud\u00fa na oboch sv\u00e4t\u00fdch om\u0161iach aj dvaja k\u0148azi &#8211; bratia kapuc\u00edni z Pezinka: F\u00e9lix J\u00e1n Tk\u00e1\u010d OFMCap a Ondrej Tk\u00e1\u010d OFMCap spolu s hudobn\u00edkom Franti\u0161kom Petriskom. Po sv\u00e4t\u00fdch om\u0161iach v\u0161etk\u00fdch u\u017e tradi\u010dne poz\u00fdvam na poh\u00e1rik dobr\u00e9ho grinavsk\u00e9ho bur\u010diaku a pre deti a \u0161of\u00e9rov bude sladk\u00fd mu\u0161t. Pod\u00e1va\u0165 sa bude aj cukrov\u00e1 vata. V\u0161etci ste v\u00edtan\u00ed!!!<\/strong><\/p>\n\n\n\n<p>Tento t\u00fd\u017ede\u0148 spoved\u00e1m v stredu, \u0161tvrtok a piatok v Kostolnej pod pr\u00edstre\u0161kom od 16:00 do 17:00. V tom \u010dase bude v kostole ador\u00e1cia.<\/p>\n\n\n\n<p>V t\u00fato stredu bude v Kostolnej o 18:00 sv\u00e4t\u00e1 om\u0161a so zrete\u013eom na deti v slovenskom jazyku.<\/p>\n\n\n\n<p>V piatky je v\u017edy v Hrubom \u0160\u00fare o 19:00 sv\u00e4t\u00e1 om\u0161a osobitne pre deti a ml\u00e1de\u017e v ma\u010farskom jazyku.<\/p>\n\n\n\n<p><strong>Pre ma\u010farsky hovoriacich: O t\u00fd\u017ede\u0148 &#8211; 7. okt\u00f3bra &#8211; v sobotu ideme autobusom na p\u00fa\u0165 do Marianky. <\/strong>Odch\u00e1dzame z Hrubej Bor\u0161e o 8:00 od zast\u00e1vky, z Kostolnej o 8:10 od kostola a o 8:15 z Hrub\u00e9ho \u0160\u00faru od kaplnky. Prihlasujte sa v sakristii, dospel\u00ed 10 \u20ac, deti a ml\u00e1de\u017e bezplatne.<\/p>\n\n\n\n<p>S \u00factou, <br>Pavol Gajdo\u0161, v\u00e1\u0161 far\u00e1r<\/p>\n","protected":false},"excerpt":{"rendered":"<p>Je\u017ei\u0161 n\u00e1s op\u00e4\u0165 &#8220;vyru\u0161uje&#8221; kontrastom. Na koho strane sa vid\u00edme? Boh vid\u00ed nielen postoj n\u00e1\u0161ho jazyka, ale najm\u00e4 srdca. \u010co z nich zv\u00ed\u0165az\u00ed? Sv\u00e4t\u00e9 om\u0161e u n\u00e1s: sobota \u2013 30. septembra (s nede\u013enou platnos\u0165ou) nede\u013ea \u2013 1. okt\u00f3bra V t\u00fato nede\u013eu m\u00e1me v Kostolnej farsk\u00e9 hody. Hos\u0165ami bud\u00fa na oboch sv\u00e4t\u00fdch om\u0161iach aj dvaja k\u0148azi &#8230; <span class=\"more\"><a class=\"more-link\" href=\"https:\/\/www.farakostolna.sk\/?p=8533\">[\u010c\u00edta\u0165 \u010falej&#8230;]<\/a><\/span><\/p>\n","protected":false},"author":7,"featured_media":8534,"comment_status":"closed","ping_status":"closed","sticky":false,"template":"","format":"standard","meta":{"footnotes":""},"categories":[13],"tags":[],"class_list":{"0":"entry","1":"post","2":"publish","3":"author-slado89gmail-com","4":"post-8533","6":"format-standard","7":"has-post-thumbnail","8":"category-oznamy"},"_links":{"self":[{"href":"https:\/\/www.farakostolna.sk\/index.php?rest_route=\/wp\/v2\/posts\/8533","targetHints":{"allow":["GET"]}}],"collection":[{"href":"https:\/\/www.farakostolna.sk\/index.php?rest_route=\/wp\/v2\/posts"}],"about":[{"href":"https:\/\/www.farakostolna.sk\/index.php?rest_route=\/wp\/v2\/types\/post"}],"author":[{"embeddable":true,"href":"https:\/\/www.farakostolna.sk\/index.php?rest_route=\/wp\/v2\/users\/7"}],"replies":[{"embeddable":true,"href":"https:\/\/www.farakostolna.sk\/index.php?rest_route=%2Fwp%2Fv2%2Fcomments&post=8533"}],"version-history":[{"count":0,"href":"https:\/\/www.farakostolna.sk\/index.php?rest_route=\/wp\/v2\/posts\/8533\/revisions"}],"wp:featuredmedia":[{"embeddable":true,"href":"https:\/\/www.farakostolna.sk\/index.php?rest_route=\/"}],"wp:attachment":[{"href":"https:\/\/www.farakostolna.sk\/index.php?rest_route=%2Fwp%2Fv2%2Fmedia&parent=8533"}],"wp:term":[{"taxonomy":"category","embeddable":true,"href":"https:\/\/www.farakostolna.sk\/index.php?rest_route=%2Fwp%2Fv2%2Fcategories&post=8533"},{"taxonomy":"post_tag","embeddable":true,"href":"https:\/\/www.farakostolna.sk\/index.php?rest_route=%2Fwp%2Fv2%2Ftags&post=8533"}],"curies":[{"name":"wp","href":"https:\/\/api.w.org\/{rel}","templated":true}]}}