{"id":8519,"date":"2023-09-22T21:40:15","date_gmt":"2023-09-22T21:40:15","guid":{"rendered":"https:\/\/www.farakostolna.sk\/?p=8519"},"modified":"2023-09-22T21:40:15","modified_gmt":"2023-09-22T21:40:15","slug":"farske-oznamy-a-zamyslenie-24-09-2023","status":"publish","type":"post","link":"https:\/\/www.farakostolna.sk\/?p=8519","title":{"rendered":"Farsk\u00e9 oznamy a zamyslenie (24.09.2023)"},"content":{"rendered":"<div class=\"wp-block-image\">\n<figure class=\"aligncenter size-full\"><img decoding=\"async\" src=\"https:\/\/www.farakostolna.sk\/wp-content\/uploads\/2023\/09\/WhatsApp-Image-2023-09-22-at-22.42.54.jpg\" alt=\"\" class=\"wp-image-8520\"\/><\/figure>\n<\/div>\n\n\n<p><\/p>\n\n\n\n<p>Ke\u010f po\u010d\u00favame o Bo\u017eej logike pri vypl\u00e1can\u00ed robotn\u00edkov vo vinici, tak si \u010dasto zast\u00e1vame t\u00fdch, \u010do robili najdlh\u0161ie. Ale kde berieme istotu, \u017ee patr\u00edme pr\u00e1ve k nim?<\/p>\n\n\n\n<p><strong>Sv\u00e4t\u00e9 om\u0161e u n\u00e1s:<\/strong><\/p>\n\n\n\n<p><strong>sobota \u2013 23. septembra (s nede\u013enou platnos\u0165ou)<\/strong><\/p>\n\n\n\n<ul class=\"wp-block-list\">\n<li><strong>15:00 \u2013 Kostoln\u00e1 (slov.)<\/strong><\/li>\n\n\n\n<li><strong>17:00 \u2013 Hrub\u00e1 Bor\u0161a (slov.\/ma\u010f.)<\/strong><\/li>\n\n\n\n<li><strong>18:00 \u2013 Kostoln\u00e1 (slov.)<\/strong><\/li>\n<\/ul>\n\n\n\n<p><strong>nede\u013ea \u2013 24. septembra<\/strong><\/p>\n\n\n\n<ul class=\"wp-block-list\">\n<li><strong>8:00 \u2013 Hrub\u00fd \u0160\u00far (ma\u010f.)<\/strong><\/li>\n\n\n\n<li><strong>9:30 \u2013 Kostoln\u00e1 (ma\u010f.)<\/strong><\/li>\n\n\n\n<li><strong>11:00 \u2013 Kostoln\u00e1 (slov.)<\/strong><\/li>\n<\/ul>\n\n\n\n<p>V t\u00fato nede\u013eu bud\u00fa v Kostolnej predstaven\u00e9 deti, ktor\u00e9 za\u010d\u00ednaj\u00fa pr\u00edpravu na prv\u00e9 sv\u00e4t\u00e9 prij\u00edmanie. O 9:30 v ma\u010farskom a 11:00 v slovenskom jazyku. Pre deti bud\u00fa vpredu pripraven\u00e9 osobitn\u00e9 stoli\u010dky.<\/p>\n\n\n\n<p><strong>Poobede o 15:00 sa v Bratislave uskuto\u010dn\u00ed &#8220;Pochod za \u017eivot&#8221;, na ktor\u00ed sme v mene organiz\u00e1torov v\u0161etci pozvan\u00ed. T\u00ed, ktor\u00ed nep\u00f4jdu, m\u00f4\u017eu pr\u00eds\u0165 na Modlitbu Matiek o 15:00 do kostola v Kostolnej.<\/strong><\/p>\n\n\n\n<p>Tento t\u00fd\u017ede\u0148 spoved\u00e1m v stredu, \u0161tvrtok a piatok v Kostolnej pod pr\u00edstre\u0161kom od 16:00 do 17:00. V tom \u010dase bude v kostole ador\u00e1cia.<\/p>\n\n\n\n<p><strong>V piatky je v\u017edy v Hrubom \u0160\u00fare o 19:00 sv\u00e4t\u00e1 om\u0161a osobitne pre deti a ml\u00e1de\u017e v ma\u010farskom jazyku. <\/strong><\/p>\n\n\n\n<p><strong>Prvoprij\u00edmaj<strong>\u00fa<\/strong>ci bud\u00fa ma\u0165 pr\u00edpravu pred detskou sv. om\u0161ou a birmovanci po sv\u00e4tej om\u0161i.<\/strong><\/p>\n\n\n\n<p><strong>Birmovanci v slovenskom jazyku za\u010d\u00ednaj\u00fa pr\u00edpravu u\u017e tento piatok o 19:00 v pastora\u010dnom centre pod farou. O 20:00 bude stretnutie s rodi\u010dmi birmovancov, je potrebn\u00e9, aby pri\u0161iel aspo\u0148 jeden rodi\u010d za ka\u017ed\u00e9ho birmovanca.<\/strong><\/p>\n\n\n\n<p>Minulot\u00fd\u017ed\u0148ov\u00e1 pravideln\u00e1 mesa\u010dn\u00e1 zbierka na opravu farsk\u00e9ho kostola a prev\u00e1dzkov\u00e9 n\u00e1klady farnosti vyniesla v Kostolnej 890,20 \u20ac, v Hrubej Bor\u0161i 80 \u20ac a v Hrubom \u0160\u00fare na prev\u00e1dzkov\u00e9 n\u00e1klady farnosti a potreby \u0161\u00farskej kaplnky 222,50 \u20ac. Ve\u013ek\u00e1 v\u010faka za va\u0161u priaze\u0148.<\/p>\n\n\n\n<p><strong>O t\u00fd\u017ede\u0148 m\u00e1me v Kostolnej farsk\u00e9 hody. Hos\u0165ami bud\u00fa na oboch sv\u00e4t\u00fdch om\u0161iach aj dvaja k\u0148azi &#8211; bratia kapuc\u00edni z Pezinka: F\u00e9lix J\u00e1n Tk\u00e1\u010d OFMCap a Ondrej Tk\u00e1\u010d OFMCap spolu s hudobn\u00edkom Franti\u0161kom Petriskom. <\/strong>Po sv\u00e4t\u00fdch om\u0161iach v\u0161etk\u00fdch u\u017e tradi\u010dne poz\u00fdvam na poh\u00e1rik dobr\u00e9ho grinavsk\u00e9ho bur\u010diaku a pre deti a \u0161of\u00e9rov bude sladk\u00fd mu\u0161t. Pod\u00e1va\u0165 sa bude aj cukrov\u00e1 vata. V\u0161etci ste v\u00edtan\u00ed!!!<\/p>\n\n\n\n<p><strong>Pre ma\u010farsky hovoriacich: <\/strong>O dva t\u00fd\u017edne v sobotu <strong>(7.10. o 8:00) ideme autobusom na p\u00fa\u0165 do Marianky. <\/strong>Prihlasujte sa v sakristii, dospel\u00ed 10 \u20ac, deti a ml\u00e1de\u017e bezplatne.<\/p>\n\n\n\n<p>S \u00factou, <br>Pavol Gajdo\u0161, v\u00e1\u0161 far\u00e1r<\/p>\n","protected":false},"excerpt":{"rendered":"<p>Ke\u010f po\u010d\u00favame o Bo\u017eej logike pri vypl\u00e1can\u00ed robotn\u00edkov vo vinici, tak si \u010dasto zast\u00e1vame t\u00fdch, \u010do robili najdlh\u0161ie. Ale kde berieme istotu, \u017ee patr\u00edme pr\u00e1ve k nim? Sv\u00e4t\u00e9 om\u0161e u n\u00e1s: sobota \u2013 23. septembra (s nede\u013enou platnos\u0165ou) nede\u013ea \u2013 24. septembra V t\u00fato nede\u013eu bud\u00fa v Kostolnej predstaven\u00e9 deti, ktor\u00e9 za\u010d\u00ednaj\u00fa pr\u00edpravu na prv\u00e9 &#8230; <span class=\"more\"><a class=\"more-link\" href=\"https:\/\/www.farakostolna.sk\/?p=8519\">[\u010c\u00edta\u0165 \u010falej&#8230;]<\/a><\/span><\/p>\n","protected":false},"author":7,"featured_media":8520,"comment_status":"closed","ping_status":"closed","sticky":false,"template":"","format":"standard","meta":{"footnotes":""},"categories":[13],"tags":[],"class_list":{"0":"entry","1":"post","2":"publish","3":"author-slado89gmail-com","4":"post-8519","6":"format-standard","7":"has-post-thumbnail","8":"category-oznamy"},"_links":{"self":[{"href":"https:\/\/www.farakostolna.sk\/index.php?rest_route=\/wp\/v2\/posts\/8519","targetHints":{"allow":["GET"]}}],"collection":[{"href":"https:\/\/www.farakostolna.sk\/index.php?rest_route=\/wp\/v2\/posts"}],"about":[{"href":"https:\/\/www.farakostolna.sk\/index.php?rest_route=\/wp\/v2\/types\/post"}],"author":[{"embeddable":true,"href":"https:\/\/www.farakostolna.sk\/index.php?rest_route=\/wp\/v2\/users\/7"}],"replies":[{"embeddable":true,"href":"https:\/\/www.farakostolna.sk\/index.php?rest_route=%2Fwp%2Fv2%2Fcomments&post=8519"}],"version-history":[{"count":0,"href":"https:\/\/www.farakostolna.sk\/index.php?rest_route=\/wp\/v2\/posts\/8519\/revisions"}],"wp:featuredmedia":[{"embeddable":true,"href":"https:\/\/www.farakostolna.sk\/index.php?rest_route=\/"}],"wp:attachment":[{"href":"https:\/\/www.farakostolna.sk\/index.php?rest_route=%2Fwp%2Fv2%2Fmedia&parent=8519"}],"wp:term":[{"taxonomy":"category","embeddable":true,"href":"https:\/\/www.farakostolna.sk\/index.php?rest_route=%2Fwp%2Fv2%2Fcategories&post=8519"},{"taxonomy":"post_tag","embeddable":true,"href":"https:\/\/www.farakostolna.sk\/index.php?rest_route=%2Fwp%2Fv2%2Ftags&post=8519"}],"curies":[{"name":"wp","href":"https:\/\/api.w.org\/{rel}","templated":true}]}}