{"id":8513,"date":"2023-09-15T20:42:47","date_gmt":"2023-09-15T20:42:47","guid":{"rendered":"https:\/\/www.farakostolna.sk\/?p=8513"},"modified":"2023-09-15T20:42:47","modified_gmt":"2023-09-15T20:42:47","slug":"farske-oznamy-a-zamyslenie-17-09-2023","status":"publish","type":"post","link":"https:\/\/www.farakostolna.sk\/?p=8513","title":{"rendered":"Farsk\u00e9 oznamy a zamyslenie (17.09.2023)"},"content":{"rendered":"\n<figure class=\"wp-block-image size-full\"><img decoding=\"async\" src=\"https:\/\/www.farakostolna.sk\/wp-content\/uploads\/2023\/09\/WhatsApp-Image-2023-09-15-at-22.37.16.jpg\" alt=\"\" class=\"wp-image-8514\"\/><\/figure>\n\n\n\n<p><\/p>\n\n\n\n<p>S navig\u00e1ciou sa vieme dosta\u0165 kamko\u013evek. Ako sa v\u0161ak ide do Nebesk\u00e9ho kr\u00e1\u013eovstva? Skutkami, chv\u00e1lou, modlitbou,\u2026? A \u010do tak odp\u00fa\u0161\u0165an\u00edm a milosrdenstvom? Ve\u010f s\u00e1m Boh n\u00e1s cez proroka Oze\u00e1\u0161a k tomu vyz\u00fdva: &#8220;Milosrdenstvo chcem, nie obetu.&#8221;<\/p>\n\n\n\n<p><strong>Sv\u00e4t\u00e9 om\u0161e u n\u00e1s:<\/strong><\/p>\n\n\n\n<p><strong>sobota \u2013 16. septembra (s nede\u013enou platnos\u0165ou)<\/strong><\/p>\n\n\n\n<ul class=\"wp-block-list\">\n<li><strong>17:00 \u2013 Hrub\u00e1 Bor\u0161a (slov.\/ma\u010f.)<\/strong><\/li>\n\n\n\n<li><strong>18:00 \u2013 Kostoln\u00e1 (slov.)<\/strong><\/li>\n<\/ul>\n\n\n\n<p><strong>nede\u013ea \u2013 17. septembra<\/strong><\/p>\n\n\n\n<ul class=\"wp-block-list\">\n<li><strong>8:00 \u2013 Hrub\u00fd \u0160\u00far (ma\u010f.)<\/strong><\/li>\n\n\n\n<li><strong>9:30 \u2013 Kostoln\u00e1 (ma\u010f.)<\/strong><\/li>\n\n\n\n<li><strong>11:00 \u2013 Kostoln\u00e1 (slov.)<\/strong><\/li>\n<\/ul>\n\n\n\n<p>Tento t\u00fd\u017ede\u0148 spoved\u00e1m v stredu, \u0161tvrtok a piatok v Kostolnej pod pr\u00edstre\u0161kom od 16:00 do 17:00. V tom \u010dase bude v kostole ador\u00e1cia.<\/p>\n\n\n\n<p>V stredu o 18:00 bude v kostole sv\u00e4t\u00e1 om\u0161a so zrete\u013eom na deti v slovenskom jazyku.<\/p>\n\n\n\n<p>V piatky je v\u017edy v Hrubom \u0160\u00fare o 19:00 sv\u00e4t\u00e1 om\u0161a osobitne pre deti a ml\u00e1de\u017e v ma\u010farskom jazyku.<\/p>\n\n\n\n<p><strong>Prihl\u00e1\u0161ky na prv\u00e9 sv\u00e4t\u00e9 prij\u00edmanie, ako i na sviatos\u0165 birmovania, ktor\u00e9 sa daj\u00fa stiahnu\u0165 <a href=\"https:\/\/www.farakostolna.sk\/?page_id=2346\" data-type=\"link\" data-id=\"https:\/\/www.farakostolna.sk\/?page_id=2346\">na na\u0161ej farskej webovej str\u00e1nke <\/a>(v\u0161etky inform\u00e1cie s\u00fa uveden\u00e9 na prihl\u00e1\u0161ke) treba odovzda\u0165 u\u017e teraz 17. septembra do sakristie, alebo do po\u0161tovej schr\u00e1nky pri br\u00e1nke na farskom \u00farade. <\/strong>V najbli\u017e\u0161\u00edch d\u0148och sa za\u010dn\u00fa u\u017e aj samotn\u00e9 stretnutia. O t\u00fd\u017ede\u0148 v nede\u013eu v Kostolnej bud\u00fa deti na prv\u00e9 sv\u00e4t\u00e9 prij\u00edmanie predstaven\u00e9 farsk\u00e9mu spolo\u010denstvu. O 9:30 ma\u010farsky hovoriace a 11:00 v slovenskom jazyku.<\/p>\n\n\n\n<p>Tento v\u00edkend bude pravideln\u00e1 mesa\u010dn\u00e1 zbierka na opravu farsk\u00e9ho kostola a prev\u00e1dzkov\u00e9 n\u00e1klady farnosti. Vopred \u010fakujem.<\/p>\n\n\n\n<p><strong>O t\u00fd\u017ede\u0148 (24.9.) v nede\u013eu o 15:00 sa v Bratislave uskuto\u010dn\u00ed <a href=\"https:\/\/bratislavazazivot.sk\/\">&#8220;Pochod za \u017eivot&#8221;<\/a><\/strong>, na ktor\u00fd v\u00e1s v mene organiz\u00e1torov u\u017e teraz poz\u00fdvame.<\/p>\n\n\n\n<p>Na farsk\u00fa z\u00e1hradu pri fin\u00e1lnej \u00faprave ter\u00e9nu by sme potrebovali v najbli\u017e\u0161\u00edch d\u0148och e\u0161te nieko\u013eko kub\u00edkov zeminy. Kto by mohol darova\u0165, ozvite sa, pros\u00edm.<\/p>\n\n\n\n<p>S \u00factou, <br>Pavol Gajdo\u0161, v\u00e1\u0161 far\u00e1r<\/p>\n","protected":false},"excerpt":{"rendered":"<p>S navig\u00e1ciou sa vieme dosta\u0165 kamko\u013evek. Ako sa v\u0161ak ide do Nebesk\u00e9ho kr\u00e1\u013eovstva? Skutkami, chv\u00e1lou, modlitbou,\u2026? A \u010do tak odp\u00fa\u0161\u0165an\u00edm a milosrdenstvom? Ve\u010f s\u00e1m Boh n\u00e1s cez proroka Oze\u00e1\u0161a k tomu vyz\u00fdva: &#8220;Milosrdenstvo chcem, nie obetu.&#8221; Sv\u00e4t\u00e9 om\u0161e u n\u00e1s: sobota \u2013 16. septembra (s nede\u013enou platnos\u0165ou) nede\u013ea \u2013 17. septembra Tento t\u00fd\u017ede\u0148 spoved\u00e1m v &#8230; <span class=\"more\"><a class=\"more-link\" href=\"https:\/\/www.farakostolna.sk\/?p=8513\">[\u010c\u00edta\u0165 \u010falej&#8230;]<\/a><\/span><\/p>\n","protected":false},"author":7,"featured_media":8514,"comment_status":"closed","ping_status":"closed","sticky":false,"template":"","format":"standard","meta":{"footnotes":""},"categories":[13],"tags":[],"class_list":{"0":"entry","1":"post","2":"publish","3":"author-slado89gmail-com","4":"post-8513","6":"format-standard","7":"has-post-thumbnail","8":"category-oznamy"},"_links":{"self":[{"href":"https:\/\/www.farakostolna.sk\/index.php?rest_route=\/wp\/v2\/posts\/8513","targetHints":{"allow":["GET"]}}],"collection":[{"href":"https:\/\/www.farakostolna.sk\/index.php?rest_route=\/wp\/v2\/posts"}],"about":[{"href":"https:\/\/www.farakostolna.sk\/index.php?rest_route=\/wp\/v2\/types\/post"}],"author":[{"embeddable":true,"href":"https:\/\/www.farakostolna.sk\/index.php?rest_route=\/wp\/v2\/users\/7"}],"replies":[{"embeddable":true,"href":"https:\/\/www.farakostolna.sk\/index.php?rest_route=%2Fwp%2Fv2%2Fcomments&post=8513"}],"version-history":[{"count":0,"href":"https:\/\/www.farakostolna.sk\/index.php?rest_route=\/wp\/v2\/posts\/8513\/revisions"}],"wp:featuredmedia":[{"embeddable":true,"href":"https:\/\/www.farakostolna.sk\/index.php?rest_route=\/"}],"wp:attachment":[{"href":"https:\/\/www.farakostolna.sk\/index.php?rest_route=%2Fwp%2Fv2%2Fmedia&parent=8513"}],"wp:term":[{"taxonomy":"category","embeddable":true,"href":"https:\/\/www.farakostolna.sk\/index.php?rest_route=%2Fwp%2Fv2%2Fcategories&post=8513"},{"taxonomy":"post_tag","embeddable":true,"href":"https:\/\/www.farakostolna.sk\/index.php?rest_route=%2Fwp%2Fv2%2Ftags&post=8513"}],"curies":[{"name":"wp","href":"https:\/\/api.w.org\/{rel}","templated":true}]}}