{"id":8508,"date":"2023-09-08T19:39:23","date_gmt":"2023-09-08T19:39:23","guid":{"rendered":"https:\/\/www.farakostolna.sk\/?p=8508"},"modified":"2023-09-08T19:39:23","modified_gmt":"2023-09-08T19:39:23","slug":"farske-oznamy-a-zamyslenie-10-09-2023","status":"publish","type":"post","link":"https:\/\/www.farakostolna.sk\/?p=8508","title":{"rendered":"Farsk\u00e9 oznamy a zamyslenie (10.09.2023)"},"content":{"rendered":"\n<figure class=\"wp-block-image size-full\"><img decoding=\"async\" src=\"https:\/\/www.farakostolna.sk\/wp-content\/uploads\/2023\/09\/WhatsApp-Image-2023-09-08-at-21.28.39.jpg\" alt=\"\" class=\"wp-image-8509\"\/><\/figure>\n\n\n\n<p>Nepochopenie. S t\u00fdmto bojoval Je\u017ei\u0161, apo\u0161toli a nesk\u00f4r cel\u00e9 gener\u00e1cie kres\u0165anov. Naplnen\u00edm z\u00e1kona je l\u00e1ska &#8211; toto je hlavn\u00e9 posolstvo od Boha k \u010dloveku. Odovzd\u00e1vame ho verne a pravdivo?<\/p>\n\n\n\n<p><strong>Sv\u00e4t\u00e9 om\u0161e u n\u00e1s:<\/strong><\/p>\n\n\n\n<p><strong>sobota \u2013 9. septembra (s nede\u013enou platnos\u0165ou)<\/strong><\/p>\n\n\n\n<ul class=\"wp-block-list\">\n<li><strong>17:00 \u2013 Hrub\u00e1 Bor\u0161a (slov.\/ma\u010f.)<\/strong><\/li>\n\n\n\n<li><strong>18:00 \u2013 Kostoln\u00e1 (slov.)<\/strong><\/li>\n<\/ul>\n\n\n\n<p><strong>nede\u013ea \u2013 10. septembra<\/strong><\/p>\n\n\n\n<ul class=\"wp-block-list\">\n<li><strong>8:00 \u2013 Hrub\u00fd \u0160\u00far (ma\u010f.)<\/strong><\/li>\n\n\n\n<li><strong>9:30 \u2013 Kostoln\u00e1 (ma\u010f.)<\/strong><\/li>\n\n\n\n<li><strong>11:00 \u2013 Kostoln\u00e1 (slov.)<\/strong><\/li>\n<\/ul>\n\n\n\n<p>Tento t\u00fd\u017ede\u0148 spoved\u00e1m v stredu, \u0161tvrtok a piatok v Kostolnej pod pr\u00edstre\u0161kom od 16:00 do 17:00. V tom \u010dase bude v kostole ador\u00e1cia.<\/p>\n\n\n\n<p>V piatky je v\u017edy v Hrubom \u0160\u00fare o 19:00 sv\u00e4t\u00e1 om\u0161a osobitne pre deti a ml\u00e1de\u017e v ma\u010farskom jazyku.<\/p>\n\n\n\n<p><strong>Prihl\u00e1\u0161ky na prv\u00e9 sv\u00e4t\u00e9 prij\u00edmanie, ako i na sviatos\u0165 birmovania si m\u00f4\u017eete stiahnu\u0165&nbsp;<a href=\"https:\/\/www.farakostolna.sk\/?page_id=2346\">na na\u0161ej farskej webovej str\u00e1nke<\/a><\/strong>&nbsp;(v\u0161etky inform\u00e1cie s\u00fa uveden\u00e9 na prihl\u00e1\u0161ke) a vyplnen\u00e9 ich, pros\u00edm, odovzdajte u\u017e&nbsp;<strong>do 17. septembra do sakristie, alebo do po\u0161tovej schr\u00e1nky pri br\u00e1nke na farskom \u00farade.<\/strong>&nbsp;V najbli\u017e\u0161\u00edch d\u0148och sa za\u010dn\u00fa u\u017e aj samotn\u00e9 stretnutia.<\/p>\n\n\n\n<p>Bud\u00faci v\u00edkend bude pravideln\u00e1 mesa\u010dn\u00e1 zbierka na opravu farsk\u00e9ho kostola a prev\u00e1dzkov\u00e9 n\u00e1klady farnosti. Vopred \u010fakujem.<\/p>\n\n\n\n<p>V\u0161etci sme srde\u010dne pozvan\u00ed <strong>na p\u00fa\u0165 k Sedembolestnej Panne M\u00e1rii do \u0160a\u0161t\u00edna<\/strong>, ktor\u00e1 vyvrchol\u00ed <strong>15. septembra o 10.30 sl\u00e1vnostnou sv\u00e4tou om\u0161ou<\/strong>, ktor\u00fa bude celebrova\u0165 J. Em. kardin\u00e1l Pietro Parolin, \u0161t\u00e1tny sekret\u00e1r Vatik\u00e1nu.<\/p>\n\n\n\n<p>O dva t\u00fd\u017edne <strong>(24.9.) v nede\u013eu o 15:00 sa v Bratislave uskuto\u010dn\u00ed <a href=\"https:\/\/bratislavazazivot.sk\/\">&#8220;Pochod za \u017eivot&#8221;<\/a><\/strong>, na ktor\u00fd v\u00e1s v mene organiz\u00e1torov u\u017e teraz poz\u00fdvame.<\/p>\n\n\n\n<p>V sakristii pon\u00fakame knihu s n\u00e1zvom &#8220;Biblia&#8221; od Gust\u00e1va Dor\u00e9ho, v ktorej s\u00fa na 480-tich stran\u00e1ch jednotliv\u00e9 biblick\u00e9 pr\u00edbehy s perovkov\u00fdmi kresbami. Cena je 25 \u20ac. Na stol\u00edku je otvoren\u00fd exempl\u00e1r.<\/p>\n\n\n\n<p>S \u00factou, <br>Pavol Gajdo\u0161, v\u00e1\u0161 far\u00e1r<\/p>\n","protected":false},"excerpt":{"rendered":"<p>Nepochopenie. S t\u00fdmto bojoval Je\u017ei\u0161, apo\u0161toli a nesk\u00f4r cel\u00e9 gener\u00e1cie kres\u0165anov. Naplnen\u00edm z\u00e1kona je l\u00e1ska &#8211; toto je hlavn\u00e9 posolstvo od Boha k \u010dloveku. Odovzd\u00e1vame ho verne a pravdivo? Sv\u00e4t\u00e9 om\u0161e u n\u00e1s: sobota \u2013 9. septembra (s nede\u013enou platnos\u0165ou) nede\u013ea \u2013 10. septembra Tento t\u00fd\u017ede\u0148 spoved\u00e1m v stredu, \u0161tvrtok a piatok v Kostolnej pod &#8230; <span class=\"more\"><a class=\"more-link\" href=\"https:\/\/www.farakostolna.sk\/?p=8508\">[\u010c\u00edta\u0165 \u010falej&#8230;]<\/a><\/span><\/p>\n","protected":false},"author":7,"featured_media":8509,"comment_status":"closed","ping_status":"closed","sticky":false,"template":"","format":"standard","meta":{"footnotes":""},"categories":[13],"tags":[],"class_list":{"0":"entry","1":"post","2":"publish","3":"author-slado89gmail-com","4":"post-8508","6":"format-standard","7":"has-post-thumbnail","8":"category-oznamy"},"_links":{"self":[{"href":"https:\/\/www.farakostolna.sk\/index.php?rest_route=\/wp\/v2\/posts\/8508","targetHints":{"allow":["GET"]}}],"collection":[{"href":"https:\/\/www.farakostolna.sk\/index.php?rest_route=\/wp\/v2\/posts"}],"about":[{"href":"https:\/\/www.farakostolna.sk\/index.php?rest_route=\/wp\/v2\/types\/post"}],"author":[{"embeddable":true,"href":"https:\/\/www.farakostolna.sk\/index.php?rest_route=\/wp\/v2\/users\/7"}],"replies":[{"embeddable":true,"href":"https:\/\/www.farakostolna.sk\/index.php?rest_route=%2Fwp%2Fv2%2Fcomments&post=8508"}],"version-history":[{"count":0,"href":"https:\/\/www.farakostolna.sk\/index.php?rest_route=\/wp\/v2\/posts\/8508\/revisions"}],"wp:featuredmedia":[{"embeddable":true,"href":"https:\/\/www.farakostolna.sk\/index.php?rest_route=\/"}],"wp:attachment":[{"href":"https:\/\/www.farakostolna.sk\/index.php?rest_route=%2Fwp%2Fv2%2Fmedia&parent=8508"}],"wp:term":[{"taxonomy":"category","embeddable":true,"href":"https:\/\/www.farakostolna.sk\/index.php?rest_route=%2Fwp%2Fv2%2Fcategories&post=8508"},{"taxonomy":"post_tag","embeddable":true,"href":"https:\/\/www.farakostolna.sk\/index.php?rest_route=%2Fwp%2Fv2%2Ftags&post=8508"}],"curies":[{"name":"wp","href":"https:\/\/api.w.org\/{rel}","templated":true}]}}