{"id":8482,"date":"2023-09-01T22:37:30","date_gmt":"2023-09-01T22:37:30","guid":{"rendered":"https:\/\/www.farakostolna.sk\/?p=8482"},"modified":"2023-09-01T22:37:30","modified_gmt":"2023-09-01T22:37:30","slug":"farske-oznamy-a-zamyslenie-03-09-2023","status":"publish","type":"post","link":"https:\/\/www.farakostolna.sk\/?p=8482","title":{"rendered":"Farsk\u00e9 oznamy a zamyslenie (03.09.2023)"},"content":{"rendered":"<div class=\"wp-block-image\">\n<figure class=\"aligncenter size-full is-resized\"><img loading=\"lazy\" decoding=\"async\" src=\"https:\/\/www.farakostolna.sk\/wp-content\/uploads\/2023\/09\/WhatsApp-Image-2023-09-02-at-00.12.38.jpg\" alt=\"\" class=\"wp-image-8483\" style=\"width:600px;height:400px\" width=\"600\" height=\"400\"\/><\/figure>\n<\/div>\n\n\n<p><\/p>\n\n\n\n<p>&#8220;To sa Ti nesmie sta\u0165&#8221;, zaznelo z Petrov\u00fdch \u00fast na Je\u017ei\u0161ov z\u00e1mer, pri\u010dom to &#8220;myslel dobre&#8221;. Je\u017ei\u0161ova odpove\u010f bola ako studen\u00e1 sprcha. Nie sme aj my niekedy ako Peter, ktor\u00fd chcel by\u0165 pri Je\u017ei\u0161ovi iba v dobrom? Ale cesta do Neba je \u00fazka, vytrva\u0165 n\u00e1m treba pr\u00e1ve aj v \u0165a\u017ek\u00fdch \u010dasoch.<\/p>\n\n\n\n<p><strong>Sv\u00e4t\u00e9 om\u0161e u n\u00e1s:<\/strong><\/p>\n\n\n\n<p><strong>sobota \u2013 2. septembra (s nede\u013enou platnos\u0165ou)<\/strong><\/p>\n\n\n\n<ul class=\"wp-block-list\">\n<li><strong>17:00 \u2013 Hrub\u00e1 Bor\u0161a (slov.\/ma\u010f.)<\/strong><\/li>\n\n\n\n<li><strong>18:00 \u2013 Kostoln\u00e1 (slov.)<\/strong><\/li>\n<\/ul>\n\n\n\n<p><strong>nede\u013ea \u2013 3. septembra<\/strong><\/p>\n\n\n\n<ul class=\"wp-block-list\">\n<li><strong>8:00 \u2013 Hrub\u00fd \u0160\u00far (ma\u010f.)<\/strong><\/li>\n\n\n\n<li><strong>9:30 \u2013 Kostoln\u00e1 (ma\u010f.)<\/strong><\/li>\n\n\n\n<li><strong>11:00 \u2013 Kostoln\u00e1 (slov.)<\/strong><\/li>\n<\/ul>\n\n\n\n<p><strong>V t\u00fato nede\u013eu na v\u0161etk\u00fdch sv\u00e4t\u00fdch om\u0161iach budem po\u017eehn\u00e1va\u0165 \u0161kolsk\u00e9 ta\u0161ky. Povzbudzujem deti, aby si ich priniesli do kostola pred olt\u00e1r na po\u017eehnanie. O 11:00 bude tzv. rodinn\u00e1 sv\u00e4t\u00e1 om\u0161a. Poz\u00fdvame v\u0161etk\u00fdch!<\/strong><\/p>\n\n\n\n<p>Od tohto t\u00fd\u017ed\u0148a je posunut\u00fd \u010das sv\u00e4t\u00fdch om\u0161\u00ed po\u010das v\u0161edn\u00fdch dn\u00ed. V Kostolnej o 17:00 v\u017edy v ma\u010farskom a o 18:00 v\u017edy v slovenskom jazyku. Aj spoveda\u0165 budem sk\u00f4r. Tento t\u00fd\u017ede\u0148 v stredu a vo \u0161tvrtok v Kostolnej pod pr\u00edstre\u0161kom od 16:00 do 17:00. V tom \u010dase bude v kostole ador\u00e1cia.<\/p>\n\n\n\n<p>V stredu o 18:00 bude sv\u00e4t\u00e1 om\u0161a v Kostolnej osobitne pre deti v slovenskom jazyku.<\/p>\n\n\n\n<p>V piatky bude v Hrubom \u0160\u00fare o 19:00 sv\u00e4t\u00e1 om\u0161a osobitne pre deti a ml\u00e1de\u017e v ma\u010farskom jazyku.<\/p>\n\n\n\n<p><strong>Prihl\u00e1\u0161ky na prv\u00e9 sv\u00e4t\u00e9 prij\u00edmanie, ako i na sviatos\u0165 birmovania si m\u00f4\u017eete stiahnu\u0165 <a href=\"https:\/\/www.farakostolna.sk\/?page_id=2346\">na na\u0161ej farskej webovej str\u00e1nke<\/a><\/strong> (v\u0161etky inform\u00e1cie s\u00fa uveden\u00e9 na prihl\u00e1\u0161ke) a vyplnen\u00e9 ich, pros\u00edm, odovzdajte u\u017e <strong>do 17. septembra do sakristie, alebo do po\u0161tovej schr\u00e1nky pri br\u00e1nke na farskom \u00farade.<\/strong> V najbli\u017e\u0161\u00edch d\u0148och sa za\u010dn\u00fa u\u017e aj samotn\u00e9 stretnutia.<\/p>\n\n\n\n<p>V sakristii pon\u00fakame knihu s n\u00e1zvom &#8220;Biblia&#8221; od Gust\u00e1va Dor\u00e9ho, v ktorej s\u00fa na 480-tich stran\u00e1ch jednotliv\u00e9 biblick\u00e9 pr\u00edbehy s perovkov\u00fdmi kresbami. Cena je 25 \u20ac. Na stol\u00edku je otvoren\u00fd exempl\u00e1r.<\/p>\n\n\n\n<p>S \u00factou, <br>Pavol Gajdo\u0161, v\u00e1\u0161 far\u00e1r<\/p>\n","protected":false},"excerpt":{"rendered":"<p>&#8220;To sa Ti nesmie sta\u0165&#8221;, zaznelo z Petrov\u00fdch \u00fast na Je\u017ei\u0161ov z\u00e1mer, pri\u010dom to &#8220;myslel dobre&#8221;. Je\u017ei\u0161ova odpove\u010f bola ako studen\u00e1 sprcha. Nie sme aj my niekedy ako Peter, ktor\u00fd chcel by\u0165 pri Je\u017ei\u0161ovi iba v dobrom? Ale cesta do Neba je \u00fazka, vytrva\u0165 n\u00e1m treba pr\u00e1ve aj v \u0165a\u017ek\u00fdch \u010dasoch. Sv\u00e4t\u00e9 om\u0161e u n\u00e1s: &#8230; <span class=\"more\"><a class=\"more-link\" href=\"https:\/\/www.farakostolna.sk\/?p=8482\">[\u010c\u00edta\u0165 \u010falej&#8230;]<\/a><\/span><\/p>\n","protected":false},"author":7,"featured_media":8483,"comment_status":"closed","ping_status":"closed","sticky":false,"template":"","format":"standard","meta":{"footnotes":""},"categories":[13],"tags":[],"class_list":{"0":"entry","1":"post","2":"publish","3":"author-slado89gmail-com","4":"post-8482","6":"format-standard","7":"has-post-thumbnail","8":"category-oznamy"},"_links":{"self":[{"href":"https:\/\/www.farakostolna.sk\/index.php?rest_route=\/wp\/v2\/posts\/8482","targetHints":{"allow":["GET"]}}],"collection":[{"href":"https:\/\/www.farakostolna.sk\/index.php?rest_route=\/wp\/v2\/posts"}],"about":[{"href":"https:\/\/www.farakostolna.sk\/index.php?rest_route=\/wp\/v2\/types\/post"}],"author":[{"embeddable":true,"href":"https:\/\/www.farakostolna.sk\/index.php?rest_route=\/wp\/v2\/users\/7"}],"replies":[{"embeddable":true,"href":"https:\/\/www.farakostolna.sk\/index.php?rest_route=%2Fwp%2Fv2%2Fcomments&post=8482"}],"version-history":[{"count":0,"href":"https:\/\/www.farakostolna.sk\/index.php?rest_route=\/wp\/v2\/posts\/8482\/revisions"}],"wp:featuredmedia":[{"embeddable":true,"href":"https:\/\/www.farakostolna.sk\/index.php?rest_route=\/"}],"wp:attachment":[{"href":"https:\/\/www.farakostolna.sk\/index.php?rest_route=%2Fwp%2Fv2%2Fmedia&parent=8482"}],"wp:term":[{"taxonomy":"category","embeddable":true,"href":"https:\/\/www.farakostolna.sk\/index.php?rest_route=%2Fwp%2Fv2%2Fcategories&post=8482"},{"taxonomy":"post_tag","embeddable":true,"href":"https:\/\/www.farakostolna.sk\/index.php?rest_route=%2Fwp%2Fv2%2Ftags&post=8482"}],"curies":[{"name":"wp","href":"https:\/\/api.w.org\/{rel}","templated":true}]}}