{"id":8476,"date":"2023-08-25T20:56:10","date_gmt":"2023-08-25T20:56:10","guid":{"rendered":"https:\/\/www.farakostolna.sk\/?p=8476"},"modified":"2023-08-25T20:56:10","modified_gmt":"2023-08-25T20:56:10","slug":"farske-oznamy-a-zamyslenie-27-08-2023","status":"publish","type":"post","link":"https:\/\/www.farakostolna.sk\/?p=8476","title":{"rendered":"Farsk\u00e9 oznamy a zamyslenie (27.08.2023)"},"content":{"rendered":"\n<figure class=\"wp-block-image size-full\"><img decoding=\"async\" src=\"https:\/\/www.farakostolna.sk\/wp-content\/uploads\/2023\/08\/06742d29-f4d8-4e31-8949-0fc97a6fdf1c.jpeg\" alt=\"\" class=\"wp-image-8477\"\/><\/figure>\n\n\n\n<p><\/p>\n\n\n\n<p>Je\u017ei\u0161 sa p\u00fdta apo\u0161tolov, za koho ho pokladaj\u00fa. Ale p\u00fdta sa to aj Teba. Je na\u0161a odpove\u010f autentick\u00e1? Sme Jeho uverite\u013en\u00fdmi nasledovn\u00edkmi alebo sa na nich iba hr\u00e1me?<\/p>\n\n\n\n<p><strong>Sv\u00e4t\u00e9 om\u0161e u n\u00e1s:<\/strong><\/p>\n\n\n\n<p><strong>sobota \u2013 26. augusta (s nede\u013enou platnos\u0165ou)<\/strong><\/p>\n\n\n\n<ul class=\"wp-block-list\">\n<li><strong>17:00 \u2013 Hrub\u00e1 Bor\u0161a (slov.\/ma\u010f.)<\/strong><\/li>\n\n\n\n<li><strong>18:00 \u2013 Kostoln\u00e1 (slov.)<\/strong><\/li>\n<\/ul>\n\n\n\n<p><strong>nede\u013ea \u2013 27. augusta<\/strong><\/p>\n\n\n\n<ul class=\"wp-block-list\">\n<li><strong>8:00 \u2013 Hrub\u00fd \u0160\u00far (ma\u010f.)<\/strong><\/li>\n\n\n\n<li><strong>10:00 \u2013 Kostoln\u00e1 (slov.\/ma\u010f.)<\/strong><\/li>\n<\/ul>\n\n\n\n<p><strong>Pripom\u00ednam, \u017ee v t\u00fato nede\u013eu &#8211; 27. augusta &#8211; bude v Kostolnej len jedna sl\u00e1vnostn\u00e1 spolo\u010dn\u00e1 sv\u00e4t\u00e1 om\u0161a o 10:00 (slovensko-ma\u010farsky). Za dobr\u00e9ho po\u010dasia ju pl\u00e1nujeme sl\u00e1vi\u0165 vonku na farskom dvore. Po sv\u00e4tej om\u0161i bude kr\u00e1tke vyst\u00fapenie spev\u00e1ka Maro\u0161a Banga. <\/strong>Obec pre v\u0161etk\u00fdch zabezpe\u010duje ob\u010derstvenie: pivo a kofolu. Farnos\u0165 pon\u00fakne cukrov\u00fa vatu. Ur\u010dite pr\u00ed\u010fte! V\u0161etci ste v\u00edtan\u00ed!<\/p>\n\n\n\n<p>Ke\u010f\u017ee sa bl\u00ed\u017ei nov\u00fd \u0161kolsk\u00fd rok a m\u00e1me aj prvopiatkov\u00fd t\u00fd\u017ede\u0148, povzbudzujem k sviatosti zmierenia. Spoveda\u0165 budem v Kostolnej v stredu a vo \u0161tvrtok od 17:00 do 18:00 na farskom dvore pod pr\u00edstre\u0161kom. V tom \u010dase bude v kostole ador\u00e1cia. V Hrubom \u0160\u00fare v piatok a v Hrubej Bor\u0161i v sobotu od 16:30 do 17:00.<\/p>\n\n\n\n<p>O t\u00fd\u017ede\u0148 budem v nede\u013eu na v\u0161etk\u00fdch sv\u00e4t\u00fdch om\u0161iach po\u017eehn\u00e1va\u0165 \u0161kolsk\u00e9 ta\u0161ky. Povzbudzujem deti, aby si ich priniesli do kostola pred olt\u00e1r na po\u017eehnanie. O 11:00 bude tzv. rodinn\u00e1 sv\u00e4t\u00e1 om\u0161a.<\/p>\n\n\n\n<p>V sakristii pon\u00fakame knihu s n\u00e1zvom &#8220;Biblia&#8221; od Gust\u00e1va Dor\u00e9ho, v ktorej s\u00fa na 480-tich stran\u00e1ch jednotliv\u00e9 biblick\u00e9 pr\u00edbehy s perovkov\u00fdmi kresbami. Cena je 25 \u20ac. Na stol\u00edku je otvoren\u00fd exempl\u00e1r.<\/p>\n\n\n\n<p>Minulot\u00fd\u017ed\u0148ov\u00e1 pravideln\u00e1 mesa\u010dn\u00e1 zbierka na opravu farsk\u00e9ho kostola a prev\u00e1dzkov\u00e9 n\u00e1klady farnosti vyniesla v Kostolnej 851,55 \u20ac, v Hrubej Bor\u0161i 60 \u20ac a v Hrubom \u0160\u00fare 60 \u20ac. \u010eakujem za va\u0161u priaze\u0148.<\/p>\n\n\n\n<p>S \u00factou, <br>Pavol Gajdo\u0161, v\u00e1\u0161 far\u00e1r<\/p>\n","protected":false},"excerpt":{"rendered":"<p>Je\u017ei\u0161 sa p\u00fdta apo\u0161tolov, za koho ho pokladaj\u00fa. Ale p\u00fdta sa to aj Teba. Je na\u0161a odpove\u010f autentick\u00e1? Sme Jeho uverite\u013en\u00fdmi nasledovn\u00edkmi alebo sa na nich iba hr\u00e1me? Sv\u00e4t\u00e9 om\u0161e u n\u00e1s: sobota \u2013 26. augusta (s nede\u013enou platnos\u0165ou) nede\u013ea \u2013 27. augusta Pripom\u00ednam, \u017ee v t\u00fato nede\u013eu &#8211; 27. augusta &#8211; bude v Kostolnej &#8230; <span class=\"more\"><a class=\"more-link\" href=\"https:\/\/www.farakostolna.sk\/?p=8476\">[\u010c\u00edta\u0165 \u010falej&#8230;]<\/a><\/span><\/p>\n","protected":false},"author":7,"featured_media":8477,"comment_status":"closed","ping_status":"closed","sticky":false,"template":"","format":"standard","meta":{"footnotes":""},"categories":[13],"tags":[],"class_list":{"0":"entry","1":"post","2":"publish","3":"author-slado89gmail-com","4":"post-8476","6":"format-standard","7":"has-post-thumbnail","8":"category-oznamy"},"_links":{"self":[{"href":"https:\/\/www.farakostolna.sk\/index.php?rest_route=\/wp\/v2\/posts\/8476","targetHints":{"allow":["GET"]}}],"collection":[{"href":"https:\/\/www.farakostolna.sk\/index.php?rest_route=\/wp\/v2\/posts"}],"about":[{"href":"https:\/\/www.farakostolna.sk\/index.php?rest_route=\/wp\/v2\/types\/post"}],"author":[{"embeddable":true,"href":"https:\/\/www.farakostolna.sk\/index.php?rest_route=\/wp\/v2\/users\/7"}],"replies":[{"embeddable":true,"href":"https:\/\/www.farakostolna.sk\/index.php?rest_route=%2Fwp%2Fv2%2Fcomments&post=8476"}],"version-history":[{"count":0,"href":"https:\/\/www.farakostolna.sk\/index.php?rest_route=\/wp\/v2\/posts\/8476\/revisions"}],"wp:featuredmedia":[{"embeddable":true,"href":"https:\/\/www.farakostolna.sk\/index.php?rest_route=\/"}],"wp:attachment":[{"href":"https:\/\/www.farakostolna.sk\/index.php?rest_route=%2Fwp%2Fv2%2Fmedia&parent=8476"}],"wp:term":[{"taxonomy":"category","embeddable":true,"href":"https:\/\/www.farakostolna.sk\/index.php?rest_route=%2Fwp%2Fv2%2Fcategories&post=8476"},{"taxonomy":"post_tag","embeddable":true,"href":"https:\/\/www.farakostolna.sk\/index.php?rest_route=%2Fwp%2Fv2%2Ftags&post=8476"}],"curies":[{"name":"wp","href":"https:\/\/api.w.org\/{rel}","templated":true}]}}