{"id":8472,"date":"2023-08-19T01:08:41","date_gmt":"2023-08-19T01:08:41","guid":{"rendered":"https:\/\/www.farakostolna.sk\/?p=8472"},"modified":"2023-08-19T01:08:41","modified_gmt":"2023-08-19T01:08:41","slug":"farske-oznamy-a-zamyslenie-20-08-2023","status":"publish","type":"post","link":"https:\/\/www.farakostolna.sk\/?p=8472","title":{"rendered":"Farsk\u00e9 oznamy a zamyslenie (20.08.2023)"},"content":{"rendered":"<div class=\"wp-block-image\">\n<figure class=\"aligncenter size-full is-resized\"><img loading=\"lazy\" decoding=\"async\" src=\"https:\/\/www.farakostolna.sk\/wp-content\/uploads\/2023\/08\/WhatsApp-Image-2023-08-18-at-22.07.57.jpg\" alt=\"\" class=\"wp-image-8473\" style=\"width:503px;height:320px\" width=\"503\" height=\"320\"\/><\/figure>\n<\/div>\n\n\n<p><\/p>\n\n\n\n<p>Zmiluj sa Bo\u017ee, pom\u00f4\u017e, zachr\u00e1\u0148 ma,\u2026 vyjadrujeme, \u017ee Boh je nad nami. Ale \u017eijeme to naozaj alebo sa len hr\u00e1me na to, \u017ee Boh je P\u00e1nom n\u00e1\u0161ho \u017eivota a v skuto\u010dnosti si v\u0161etko &#8220;vybav\u00edme&#8221; vlastn\u00fdmi silami?<\/p>\n\n\n<p><!--more--><\/p>\n\n\n<p><strong>Sv\u00e4t\u00e9 om\u0161e u n\u00e1s:<\/strong><\/p>\n\n\n\n<p><strong>sobota \u2013 19. augusta (s nede\u013enou platnos\u0165ou)<\/strong><\/p>\n\n\n\n<ul class=\"wp-block-list\">\n<li><strong>17:00 \u2013 Hrub\u00e1 Bor\u0161a (slov.\/ma\u010f.)<\/strong><\/li>\n\n\n\n<li><strong>18:00 \u2013 Kostoln\u00e1 (slov.)<\/strong><\/li>\n<\/ul>\n\n\n\n<p><strong>nede\u013ea \u2013 20. augusta<\/strong><\/p>\n\n\n\n<ul class=\"wp-block-list\">\n<li><strong>8:00 \u2013 Hrub\u00fd \u0160\u00far (ma\u010f.)<\/strong><\/li>\n\n\n\n<li><strong>9:30 \u2013 Kostoln\u00e1 (ma\u010f.)<\/strong><\/li>\n\n\n\n<li><strong>11:00 \u2013 Kostoln\u00e1 (slov.)<\/strong><\/li>\n<\/ul>\n\n\n\n<p><strong>V tento pondelok a utorok budem sv\u00e4t\u00e9 om\u0161e sl\u00fa\u017ei\u0165 v Aquarea &#8211; \u010cierna Voda o 18:00. M\u00f4\u017eete sa k\u013eudne prida\u0165 aj ostatn\u00ed.<\/strong><\/p>\n\n\n\n<p>Spoveda\u0165 budem v Kostolnej v stredu a vo \u0161tvrtok od 17:00 do 18:00 na farskom dvore pod pr\u00edstre\u0161kom. V tom \u010dase bude v kostole ador\u00e1cia.<\/p>\n\n\n\n<p><strong>Pripom\u00ednam, \u017ee o t\u00fd\u017ede\u0148 bud\u00fa v Kostolnej &#8220;obecn\u00e9 dni&#8221; a preto v nede\u013eu 27. augusta bude v Kostolnej len jedna sl\u00e1vnostn\u00e1 spolo\u010dn\u00e1 sv\u00e4t\u00e1 om\u0161a o 10:00 (slovensko-ma\u010farsky). <\/strong>Za dobr\u00e9ho po\u010dasia ju pl\u00e1nujeme sl\u00e1vi\u0165 vonku na farskom dvore. Po sv\u00e4tej om\u0161i bude kr\u00e1tke vyst\u00fapenie spev\u00e1ka Maro\u0161a Banga. Taktie\u017e bude pre v\u0161etk\u00fdch zabezpe\u010den\u00e9 ob\u010derstvenie: pivo, kofola, cukrov\u00e1 vata, \u2026 V\u0161etci ste v\u00edtan\u00ed!<\/p>\n\n\n\n<p>V sakristii pon\u00fakame knihu s n\u00e1zvom &#8220;Biblia&#8221; od Gust\u00e1va Dor\u00e9ho, v ktorej s\u00fa na 480-tich stran\u00e1ch jednotliv\u00e9 biblick\u00e9 pr\u00edbehy s perovkov\u00fdmi kresbami. Cena je 25 \u20ac. Na stol\u00edku je otvoren\u00fd exempl\u00e1r.<\/p>\n\n\n\n<p>Tento v\u00edkend je pravideln\u00e1 mesa\u010dn\u00e1 zbierka na opravu farsk\u00e9ho kostola a prev\u00e1dzkov\u00e9 n\u00e1klady farnosti. Vopred \u010fakujem.<\/p>\n\n\n\n<p>S \u00factou, <br>Pavol Gajdo\u0161, v\u00e1\u0161 far\u00e1r<\/p>\n","protected":false},"excerpt":{"rendered":"<p>Zmiluj sa Bo\u017ee, pom\u00f4\u017e, zachr\u00e1\u0148 ma,\u2026 vyjadrujeme, \u017ee Boh je nad nami. Ale \u017eijeme to naozaj alebo sa len hr\u00e1me na to, \u017ee Boh je P\u00e1nom n\u00e1\u0161ho \u017eivota a v skuto\u010dnosti si v\u0161etko &#8220;vybav\u00edme&#8221; vlastn\u00fdmi silami?<\/p>\n","protected":false},"author":7,"featured_media":8473,"comment_status":"closed","ping_status":"closed","sticky":false,"template":"","format":"standard","meta":{"footnotes":""},"categories":[13],"tags":[],"class_list":{"0":"entry","1":"post","2":"publish","3":"author-slado89gmail-com","4":"has-more-link","5":"post-8472","7":"format-standard","8":"has-post-thumbnail","9":"category-oznamy"},"_links":{"self":[{"href":"https:\/\/www.farakostolna.sk\/index.php?rest_route=\/wp\/v2\/posts\/8472","targetHints":{"allow":["GET"]}}],"collection":[{"href":"https:\/\/www.farakostolna.sk\/index.php?rest_route=\/wp\/v2\/posts"}],"about":[{"href":"https:\/\/www.farakostolna.sk\/index.php?rest_route=\/wp\/v2\/types\/post"}],"author":[{"embeddable":true,"href":"https:\/\/www.farakostolna.sk\/index.php?rest_route=\/wp\/v2\/users\/7"}],"replies":[{"embeddable":true,"href":"https:\/\/www.farakostolna.sk\/index.php?rest_route=%2Fwp%2Fv2%2Fcomments&post=8472"}],"version-history":[{"count":0,"href":"https:\/\/www.farakostolna.sk\/index.php?rest_route=\/wp\/v2\/posts\/8472\/revisions"}],"wp:featuredmedia":[{"embeddable":true,"href":"https:\/\/www.farakostolna.sk\/index.php?rest_route=\/"}],"wp:attachment":[{"href":"https:\/\/www.farakostolna.sk\/index.php?rest_route=%2Fwp%2Fv2%2Fmedia&parent=8472"}],"wp:term":[{"taxonomy":"category","embeddable":true,"href":"https:\/\/www.farakostolna.sk\/index.php?rest_route=%2Fwp%2Fv2%2Fcategories&post=8472"},{"taxonomy":"post_tag","embeddable":true,"href":"https:\/\/www.farakostolna.sk\/index.php?rest_route=%2Fwp%2Fv2%2Ftags&post=8472"}],"curies":[{"name":"wp","href":"https:\/\/api.w.org\/{rel}","templated":true}]}}