{"id":8461,"date":"2023-08-11T20:11:18","date_gmt":"2023-08-11T20:11:18","guid":{"rendered":"https:\/\/www.farakostolna.sk\/?p=8461"},"modified":"2023-08-11T20:11:18","modified_gmt":"2023-08-11T20:11:18","slug":"farske-oznamy-a-zamyslenie-13-08-2023","status":"publish","type":"post","link":"https:\/\/www.farakostolna.sk\/?p=8461","title":{"rendered":"Farsk\u00e9 oznamy a zamyslenie (13.08.2023)"},"content":{"rendered":"<div class=\"wp-block-image\">\n<figure class=\"aligncenter size-full\"><img decoding=\"async\" src=\"https:\/\/www.farakostolna.sk\/wp-content\/uploads\/2023\/08\/WhatsApp-Image-2023-08-11-at-21.53.31.jpg\" alt=\"\" class=\"wp-image-8462\"\/><\/figure>\n<\/div>\n\n\n<p><\/p>\n\n\n\n<p>Peter chcel od Je\u017ei\u0161a ve\u013emi zvl\u00e1\u0161tny d\u00f4kaz o tom, \u017ee je to On. Rozk\u00e1\u017e, aby som \u0161iel za Tebou po vode. V hist\u00f3rii, a nielen tej d\u00e1vnej, m\u00e1me mnoho obr\u00e1ten\u00ed pr\u00e1ve na z\u00e1klade podobnej v\u00fdzvy. Vol\u00e1me aj my na Je\u017ei\u0161a, aby n\u00e1s pozval kr\u00e1\u010da\u0165 k nemu?<\/p>\n\n\n<p><!--more--><\/p>\n\n\n<p><strong>Sv\u00e4t\u00e9 om\u0161e u n\u00e1s:<\/strong><\/p>\n\n\n\n<p><strong>sobota \u2013 12. augusta (s nede\u013enou platnos\u0165ou)<\/strong><\/p>\n\n\n\n<ul class=\"wp-block-list\">\n<li><strong>17:00 \u2013 Hrub\u00e1 Bor\u0161a (slov.\/ma\u010f.)<\/strong><\/li>\n\n\n\n<li><strong>18:00 \u2013 Kostoln\u00e1 (slov.)<\/strong><\/li>\n<\/ul>\n\n\n\n<p><strong>nede\u013ea \u2013 13. augusta<\/strong><\/p>\n\n\n\n<ul class=\"wp-block-list\">\n<li><strong>8:00 \u2013 Hrub\u00fd \u0160\u00far (ma\u010f.)<\/strong><\/li>\n\n\n\n<li><strong>9:30 \u2013 Kostoln\u00e1 (ma\u010f.)<\/strong><\/li>\n\n\n\n<li><strong>11:00 \u2013 Kostoln\u00e1 (slov.)<\/strong><\/li>\n<\/ul>\n\n\n\n<p><strong>V utorok &#8211; 15. augusta &#8211; m\u00e1me cirkevne prik\u00e1zan\u00fd sviatok &#8220;Nanebovzatia Panny M\u00e1rie&#8221;. Sv\u00e4t\u00e9 om\u0161e u n\u00e1s bud\u00fa:<\/strong><\/p>\n\n\n\n<ul class=\"wp-block-list\">\n<li><strong>16:00 \u2013 Hrub\u00e1 Bor\u0161a (slov.\/ma\u010f.)<\/strong><\/li>\n\n\n\n<li><strong>17:00 \u2013 Hrub\u00fd \u0160\u00far (ma\u010f.)<\/strong><\/li>\n\n\n\n<li><strong>18:00 \u2013 Kostoln\u00e1 (ma\u010f.)<\/strong><\/li>\n\n\n\n<li><strong>19:00 \u2013 Kostoln\u00e1 (slov.)<\/strong><\/li>\n<\/ul>\n\n\n\n<p>Cez t\u00fd\u017ede\u0148 budem v Kostolnej spoveda\u0165 v stredu a vo \u0161tvrtok od 17:00 do 18:00 na farskom dvore pod pr\u00edstre\u0161kom. V tom \u010dase bude v kostole ador\u00e1cia.<\/p>\n\n\n\n<p><strong>Na\u0161u farnos\u0165 mal tento \u0161tvrtok nav\u0161t\u00edvi\u0165 katol\u00edcky mision\u00e1r z Indie, p\u00e1ter Dr. Joseph Vadakkel M.C.B.S z Kongreg\u00e1cie Najsv\u00e4tej\u0161ej Sviatosti. Ne\u010dakane a n\u00e1hle zomrel vo veku 58 rokov. Spome\u0148me si na neho\u00a0v\u00a0modlitbe.<\/strong><\/p>\n\n\n\n<p><strong>Poz\u00fdvame rodiny na farsk\u00fa stanova\u010dku do are\u00e1lu Aquarea \u010cierna voda, so za\u010diatkom v nede\u013eu 20.08.2023. <\/strong>P\u00f4jdeme na bicykloch z farsk\u00e9ho dvora v poobedn\u00fdch hodin\u00e1ch, aj so sprievodn\u00fdm autom, ktor\u00e9 zoberie stany, veci, at\u010f. Pl\u00e1nujeme zosta\u0165 3 noci. Koniec bude v stredu na obed. Je mo\u017en\u00e9 \u00eds\u0165 aj vlastn\u00fdmi autami. Samozrejmos\u0165ou s\u00fa sv\u00e4t\u00e9 om\u0161e, spolo\u010dn\u00fd program, opeka\u010dka, varenie gul\u00e1\u0161u a ve\u013ea vody. Denn\u00ed n\u00e1v\u0161tevn\u00edci s\u00fa samozrejme v\u00edtan\u00ed tie\u017e. Te\u0161\u00edme sa na V\u00c1S!<\/p>\n\n\n\n<p>D\u00e1vam u\u017e vopred navedomie, \u017ee v posledn\u00fd augustov\u00fd v\u00edkend bud\u00fa v Kostolnej tzv. <strong>&#8220;Obecn\u00e9 dni&#8221;<\/strong>. Pri tejto pr\u00edle\u017eitosti sa pl\u00e1nuje <strong>v nede\u013eu 27. augusta 2023 v Kostolnej spolo\u010dn\u00e1 sl\u00e1vnostn\u00e1 sv\u00e4t\u00e1 om\u0161a vonku na farskom dvore o 10:00 (slovensko-ma\u010farsky)<\/strong>, na ktor\u00fa sme u\u017e teraz v\u0161etci pozvan\u00ed. (Vtedy o 9:30, ani o 11:00 sv. om\u0161e nebud\u00fa!)<\/p>\n\n\n\n<p>O t\u00fd\u017ede\u0148 bude pravideln\u00e1 mesa\u010dn\u00e1 zbierka na opravu farsk\u00e9ho kostola a prev\u00e1dzkov\u00e9 n\u00e1klady farnosti. Vopred \u010fakujem.<\/p>\n\n\n\n<p>S \u00factou, <br>Pavol Gajdo\u0161, v\u00e1\u0161 far\u00e1r<\/p>\n","protected":false},"excerpt":{"rendered":"<p>Peter chcel od Je\u017ei\u0161a ve\u013emi zvl\u00e1\u0161tny d\u00f4kaz o tom, \u017ee je to On. Rozk\u00e1\u017e, aby som \u0161iel za Tebou po vode. V hist\u00f3rii, a nielen tej d\u00e1vnej, m\u00e1me mnoho obr\u00e1ten\u00ed pr\u00e1ve na z\u00e1klade podobnej v\u00fdzvy. Vol\u00e1me aj my na Je\u017ei\u0161a, aby n\u00e1s pozval kr\u00e1\u010da\u0165 k nemu?<\/p>\n","protected":false},"author":7,"featured_media":8462,"comment_status":"closed","ping_status":"closed","sticky":false,"template":"","format":"standard","meta":{"footnotes":""},"categories":[13],"tags":[],"class_list":{"0":"entry","1":"post","2":"publish","3":"author-slado89gmail-com","4":"has-more-link","5":"post-8461","7":"format-standard","8":"has-post-thumbnail","9":"category-oznamy"},"_links":{"self":[{"href":"https:\/\/www.farakostolna.sk\/index.php?rest_route=\/wp\/v2\/posts\/8461","targetHints":{"allow":["GET"]}}],"collection":[{"href":"https:\/\/www.farakostolna.sk\/index.php?rest_route=\/wp\/v2\/posts"}],"about":[{"href":"https:\/\/www.farakostolna.sk\/index.php?rest_route=\/wp\/v2\/types\/post"}],"author":[{"embeddable":true,"href":"https:\/\/www.farakostolna.sk\/index.php?rest_route=\/wp\/v2\/users\/7"}],"replies":[{"embeddable":true,"href":"https:\/\/www.farakostolna.sk\/index.php?rest_route=%2Fwp%2Fv2%2Fcomments&post=8461"}],"version-history":[{"count":0,"href":"https:\/\/www.farakostolna.sk\/index.php?rest_route=\/wp\/v2\/posts\/8461\/revisions"}],"wp:featuredmedia":[{"embeddable":true,"href":"https:\/\/www.farakostolna.sk\/index.php?rest_route=\/"}],"wp:attachment":[{"href":"https:\/\/www.farakostolna.sk\/index.php?rest_route=%2Fwp%2Fv2%2Fmedia&parent=8461"}],"wp:term":[{"taxonomy":"category","embeddable":true,"href":"https:\/\/www.farakostolna.sk\/index.php?rest_route=%2Fwp%2Fv2%2Fcategories&post=8461"},{"taxonomy":"post_tag","embeddable":true,"href":"https:\/\/www.farakostolna.sk\/index.php?rest_route=%2Fwp%2Fv2%2Ftags&post=8461"}],"curies":[{"name":"wp","href":"https:\/\/api.w.org\/{rel}","templated":true}]}}