{"id":8456,"date":"2023-08-04T22:03:29","date_gmt":"2023-08-04T22:03:29","guid":{"rendered":"https:\/\/www.farakostolna.sk\/?p=8456"},"modified":"2023-08-04T22:03:29","modified_gmt":"2023-08-04T22:03:29","slug":"farske-oznamy-a-zamyslenie-06-08-2023","status":"publish","type":"post","link":"https:\/\/www.farakostolna.sk\/?p=8456","title":{"rendered":"Farsk\u00e9 oznamy a zamyslenie (06.08.2023)"},"content":{"rendered":"\n<figure class=\"wp-block-image size-large\"><img decoding=\"async\" src=\"https:\/\/www.farakostolna.sk\/wp-content\/uploads\/2023\/08\/WhatsApp-Image-2023-08-04-at-23.07.20-1024x546.jpg\" alt=\"\" class=\"wp-image-8457\"\/><\/figure>\n\n\n\n<p><\/p>\n\n\n\n<p>Je\u017ei\u0161 zavolal svojich najbli\u017e\u0161\u00edch na hlbok\u00fa duchovn\u00fa sk\u00fasenos\u0165. Iste vol\u00e1 aj n\u00e1s, aby sme mali osobn\u00e9 stretnutie s Bohom. Ideme za n\u00edm alebo n\u00e1m sta\u010dia sprostredkovan\u00e9 z\u00e1\u017eitky?<\/p>\n\n\n<p><!--more--><\/p>\n\n\n<p><strong>Sv\u00e4t\u00e9 om\u0161e u n\u00e1s:<\/strong><\/p>\n\n\n\n<p><strong>sobota \u2013 5. augusta (s nede\u013enou platnos\u0165ou)<\/strong><\/p>\n\n\n\n<ul class=\"wp-block-list\">\n<li><strong>17:00 \u2013 Hrub\u00e1 Bor\u0161a (slov.\/ma\u010f.)<\/strong><\/li>\n\n\n\n<li><strong>18:00 \u2013 Kostoln\u00e1 (slov.)<\/strong><\/li>\n<\/ul>\n\n\n\n<p><strong>nede\u013ea \u2013 6. augusta<\/strong><\/p>\n\n\n\n<ul class=\"wp-block-list\">\n<li><strong>8:00 \u2013 Hrub\u00fd \u0160\u00far (ma\u010f.)<\/strong><\/li>\n\n\n\n<li><strong>9:30 \u2013 Kostoln\u00e1 (ma\u010f.)<\/strong><\/li>\n\n\n\n<li><strong>11:00 \u2013 Kostoln\u00e1 (slov.)<\/strong><\/li>\n<\/ul>\n\n\n\n<p><strong>Teraz v t\u00fato nede\u013eu budem na sv\u00e4t\u00fdch om\u0161iach po\u017eehn\u00e1va\u0165 mami\u010dky pred p\u00f4rodom.<\/strong> Netreba sa vopred nahl\u00e1si\u0165, sta\u010d\u00ed len pr\u00eds\u0165. Te\u0161\u00edme sa na V\u00c1S!<\/p>\n\n\n\n<p>Cez t\u00fd\u017ede\u0148 budem v Kostolnej spoveda\u0165 v stredu a vo \u0161tvrtok od 17:00 do 18:00 na farskom dvore pod pr\u00edstre\u0161kom. V tom \u010dase bude v kostole ador\u00e1cia.<\/p>\n\n\n\n<p><strong>Poz\u00fdvame rodiny na farsk\u00fa stanova\u010dku do are\u00e1lu Aquarea \u010cierna voda, so za\u010diatkom v nede\u013eu 20.08.2023. <\/strong>P\u00f4jdeme na bicykloch z farsk\u00e9ho dvora v poobedn\u00fdch hodin\u00e1ch, aj so sprievodn\u00fdm autom, ktor\u00e9 zoberie stany, veci, at\u010f. Pl\u00e1nujeme zosta\u0165 3 noci + 1 bonusov\u00e1 v pr\u00edpade z\u00e1ujmu. Samozrejmos\u0165ou s\u00fa denn\u00e9 sv\u00e4t\u00e9 om\u0161e, spolo\u010dn\u00fd program, opeka\u010dka, varenie gul\u00e1\u0161u a ve\u013ea ve\u013ea vody. Denn\u00ed n\u00e1v\u0161tevn\u00edci s\u00fa samozrejme v\u00edtan\u00ed tie\u017e. Ke\u010f\u017ee aj my mus\u00edme da\u0165 z\u00e1v\u00e4zn\u00fa rezerv\u00e1ciu<strong>, term\u00edn prihl\u00e1senia je u\u017e teraz do tejto nedele (6.8.) do 16:00 hod. u m\u0148a (0902 359 859).<\/strong> Te\u0161\u00edme sa na V\u00c1S!<\/p>\n\n\n\n<p>S \u00factou, <br>Pavol Gajdo\u0161, v\u00e1\u0161 far\u00e1r<\/p>\n","protected":false},"excerpt":{"rendered":"<p>Je\u017ei\u0161 zavolal svojich najbli\u017e\u0161\u00edch na hlbok\u00fa duchovn\u00fa sk\u00fasenos\u0165. Iste vol\u00e1 aj n\u00e1s, aby sme mali osobn\u00e9 stretnutie s Bohom. Ideme za n\u00edm alebo n\u00e1m sta\u010dia sprostredkovan\u00e9 z\u00e1\u017eitky?<\/p>\n","protected":false},"author":7,"featured_media":8457,"comment_status":"closed","ping_status":"closed","sticky":false,"template":"","format":"standard","meta":{"footnotes":""},"categories":[13],"tags":[],"class_list":{"0":"entry","1":"post","2":"publish","3":"author-slado89gmail-com","4":"has-more-link","5":"post-8456","7":"format-standard","8":"has-post-thumbnail","9":"category-oznamy"},"_links":{"self":[{"href":"https:\/\/www.farakostolna.sk\/index.php?rest_route=\/wp\/v2\/posts\/8456","targetHints":{"allow":["GET"]}}],"collection":[{"href":"https:\/\/www.farakostolna.sk\/index.php?rest_route=\/wp\/v2\/posts"}],"about":[{"href":"https:\/\/www.farakostolna.sk\/index.php?rest_route=\/wp\/v2\/types\/post"}],"author":[{"embeddable":true,"href":"https:\/\/www.farakostolna.sk\/index.php?rest_route=\/wp\/v2\/users\/7"}],"replies":[{"embeddable":true,"href":"https:\/\/www.farakostolna.sk\/index.php?rest_route=%2Fwp%2Fv2%2Fcomments&post=8456"}],"version-history":[{"count":0,"href":"https:\/\/www.farakostolna.sk\/index.php?rest_route=\/wp\/v2\/posts\/8456\/revisions"}],"wp:featuredmedia":[{"embeddable":true,"href":"https:\/\/www.farakostolna.sk\/index.php?rest_route=\/"}],"wp:attachment":[{"href":"https:\/\/www.farakostolna.sk\/index.php?rest_route=%2Fwp%2Fv2%2Fmedia&parent=8456"}],"wp:term":[{"taxonomy":"category","embeddable":true,"href":"https:\/\/www.farakostolna.sk\/index.php?rest_route=%2Fwp%2Fv2%2Fcategories&post=8456"},{"taxonomy":"post_tag","embeddable":true,"href":"https:\/\/www.farakostolna.sk\/index.php?rest_route=%2Fwp%2Fv2%2Ftags&post=8456"}],"curies":[{"name":"wp","href":"https:\/\/api.w.org\/{rel}","templated":true}]}}