{"id":8437,"date":"2023-07-21T22:18:45","date_gmt":"2023-07-21T22:18:45","guid":{"rendered":"https:\/\/www.farakostolna.sk\/?p=8437"},"modified":"2023-07-21T22:18:45","modified_gmt":"2023-07-21T22:18:45","slug":"farske-oznamy-a-zamyslenie-23-07-2023","status":"publish","type":"post","link":"https:\/\/www.farakostolna.sk\/?p=8437","title":{"rendered":"Farsk\u00e9 oznamy a zamyslenie (23.07.2023)"},"content":{"rendered":"<div class=\"wp-block-image\">\n<figure class=\"aligncenter size-full\"><img decoding=\"async\" src=\"https:\/\/www.farakostolna.sk\/wp-content\/uploads\/2023\/07\/WhatsApp-Image-2023-07-22-at-00.13.41.jpg\" alt=\"\" class=\"wp-image-8438\"\/><\/figure>\n<\/div>\n\n\n<p><\/p>\n\n\n\n<p>Apo\u0161toli \u017eili v Je\u017ei\u0161ovej bezprostrednej bl\u00edzkosti, no napriek tomu nie v\u0161etk\u00e9mu rozumeli, chceli od Neho vysvetlenie. Robme aj my podobne, h\u013eadajme to, \u010do n\u00e1m Boh hovor\u00ed cez Bibliu.<\/p>\n\n\n<p><!--more--><\/p>\n\n\n<p><strong>Sv\u00e4t\u00e9 om\u0161e u n\u00e1s:<\/strong><\/p>\n\n\n\n<p><strong>sobota \u2013 22. j\u00fala (s nede\u013enou platnos\u0165ou)<\/strong><\/p>\n\n\n\n<ul class=\"wp-block-list\">\n<li><strong>17:00 \u2013 Hrub\u00e1 Bor\u0161a (slov.\/ma\u010f.)<\/strong><\/li>\n\n\n\n<li><strong>18:00 \u2013 Kostoln\u00e1 (slov.)<\/strong><\/li>\n<\/ul>\n\n\n\n<p><strong>nede\u013ea \u2013 23. j\u00fala<\/strong><\/p>\n\n\n\n<ul class=\"wp-block-list\">\n<li><strong>8:00 \u2013 Hrub\u00fd \u0160\u00far (ma\u010f.)<\/strong><\/li>\n\n\n\n<li><strong>9:30 \u2013 Kostoln\u00e1 (ma\u010f.)<\/strong><\/li>\n\n\n\n<li><strong>11:00 \u2013 Kostoln\u00e1 (slov.)<\/strong><\/li>\n<\/ul>\n\n\n\n<p><strong>Z pr\u00edle\u017eitosti svetov\u00e9ho d\u0148a star\u00fdch rodi\u010dov a seniorov budem v t\u00fato nede\u013eu na v\u0161etk\u00fdch troch sv\u00e4t\u00fdch om\u0161iach d\u00e1va\u0165 osobitn\u00e9 po\u017eehnanie.<\/strong><\/p>\n\n\n\n<p>Cez t\u00fd\u017ede\u0148 budem v Kostolnej spoveda\u0165 v stredu a vo \u0161tvrtok od 17:00 do 18:00 na farskom dvore pod pr\u00edstre\u0161kom. V tom \u010dase bude v kostole ador\u00e1cia.<\/p>\n\n\n\n<p><strong>V t\u00fato nede\u013eu poz\u00fdvam mlad\u00fdch (od 10 rokov) aj dospel\u00fdch na cyklov\u00fdlet do bratislavskej Karlovej Vsi. Odchod na bicykloch o 14:00 od fary<\/strong>, od Novej Dedinky p\u00f4jdeme cel\u00fd \u010das po cyklochodn\u00edkoch (cestou bud\u00fa zast\u00e1vky, zmrzlina, ob\u010derstvenie\u2026), po pr\u00edchode ve\u010der na z\u00e1hrade opeka\u010dka, odv\u00e1\u017eni potom prespia vonku (naokolo je ve\u013ea div\u00fdch sviniek), r\u00e1no spolo\u010dn\u00e9 ra\u0148ajky, exkurzia v centre mesta a n\u00e1vrat s viacer\u00fdmi zast\u00e1vkami do pondelka ve\u010dera, zakon\u010denie o 19:00 sv\u00e4tou om\u0161ou v Kostolnej. Potrebn\u00e9: spac\u00e1k, bicykel, trocha kondi\u010dka a dobr\u00e1 n\u00e1lada. V\u00e4\u010d\u0161ie veci zoberie sprievodn\u00e9 auto. Bli\u017e\u0161ie info u m\u0148a (0902 359 859).<\/p>\n\n\n\n<p>Minulot\u00fd\u017ed\u0148ov\u00e1 zbierka na opravu farsk\u00e9ho kostola a prev\u00e1dzkov\u00e9 n\u00e1klady farnosti vyniesla v Kostolnej 1128,35 \u20ac, v Hrubej Bor\u0161i 133,50 \u20ac a v Hrubom \u0160\u00fare na prev\u00e1dzkov\u00e9 n\u00e1klady farnosti a \u0161\u00farskej kaplnky&nbsp;145&nbsp;\u20ac.&nbsp;\u010eakujem.<\/p>\n\n\n\n<p>S \u00factou, <br>Pavol Gajdo\u0161,&nbsp;v\u00e1\u0161&nbsp;far\u00e1r<\/p>\n","protected":false},"excerpt":{"rendered":"<p>Apo\u0161toli \u017eili v Je\u017ei\u0161ovej bezprostrednej bl\u00edzkosti, no napriek tomu nie v\u0161etk\u00e9mu rozumeli, chceli od Neho vysvetlenie. Robme aj my podobne, h\u013eadajme to, \u010do n\u00e1m Boh hovor\u00ed cez Bibliu.<\/p>\n","protected":false},"author":7,"featured_media":8438,"comment_status":"closed","ping_status":"closed","sticky":false,"template":"","format":"standard","meta":{"footnotes":""},"categories":[13],"tags":[],"class_list":{"0":"entry","1":"post","2":"publish","3":"author-slado89gmail-com","4":"has-more-link","5":"post-8437","7":"format-standard","8":"has-post-thumbnail","9":"category-oznamy"},"_links":{"self":[{"href":"https:\/\/www.farakostolna.sk\/index.php?rest_route=\/wp\/v2\/posts\/8437","targetHints":{"allow":["GET"]}}],"collection":[{"href":"https:\/\/www.farakostolna.sk\/index.php?rest_route=\/wp\/v2\/posts"}],"about":[{"href":"https:\/\/www.farakostolna.sk\/index.php?rest_route=\/wp\/v2\/types\/post"}],"author":[{"embeddable":true,"href":"https:\/\/www.farakostolna.sk\/index.php?rest_route=\/wp\/v2\/users\/7"}],"replies":[{"embeddable":true,"href":"https:\/\/www.farakostolna.sk\/index.php?rest_route=%2Fwp%2Fv2%2Fcomments&post=8437"}],"version-history":[{"count":0,"href":"https:\/\/www.farakostolna.sk\/index.php?rest_route=\/wp\/v2\/posts\/8437\/revisions"}],"wp:featuredmedia":[{"embeddable":true,"href":"https:\/\/www.farakostolna.sk\/index.php?rest_route=\/"}],"wp:attachment":[{"href":"https:\/\/www.farakostolna.sk\/index.php?rest_route=%2Fwp%2Fv2%2Fmedia&parent=8437"}],"wp:term":[{"taxonomy":"category","embeddable":true,"href":"https:\/\/www.farakostolna.sk\/index.php?rest_route=%2Fwp%2Fv2%2Fcategories&post=8437"},{"taxonomy":"post_tag","embeddable":true,"href":"https:\/\/www.farakostolna.sk\/index.php?rest_route=%2Fwp%2Fv2%2Ftags&post=8437"}],"curies":[{"name":"wp","href":"https:\/\/api.w.org\/{rel}","templated":true}]}}