{"id":8421,"date":"2023-07-14T07:15:00","date_gmt":"2023-07-14T07:15:00","guid":{"rendered":"https:\/\/www.farakostolna.sk\/?p=8421"},"modified":"2023-07-14T07:15:00","modified_gmt":"2023-07-14T07:15:00","slug":"farsky-den-v-kostolnej-pri-dunaji","status":"publish","type":"post","link":"https:\/\/www.farakostolna.sk\/?p=8421","title":{"rendered":"Farsk\u00fd de\u0148 v Kostolnej pri Dunaji"},"content":{"rendered":"\n<figure class=\"wp-block-image size-full\"><img decoding=\"async\" src=\"https:\/\/www.farakostolna.sk\/wp-content\/uploads\/2023\/07\/IMG_20230702_153449-2.jpg\" alt=\"\" class=\"wp-image-8425\"\/><\/figure>\n\n\n\n<p><\/p>\n\n\n\n<p><em>P\u00e1n far\u00e1r, kedy urob\u00edme De\u0148 rodiny? Ot\u00e1zka ani neznela \u201ekedy?\u201c (2. j\u00fana 2023), ale \u201ekto?\u201c Autor my\u0161lienky \u2013 Filip \u2013 sa nedal odradi\u0165 a spolu s \u201edom\u00e1cimi\u201c farn\u00edkmi zorganizoval \u201eFarsk\u00fd de\u0148\u201c spojen\u00fd s Te Deum, ktor\u00e9 bolo po\u010fakovan\u00edm za uplynul\u00fd \u0161kolsk\u00fd rok.<\/em><\/p>\n\n\n\n<p>V na\u0161ej farnosti bolo u\u017e trad\u00edciou robi\u0165 De\u0148 rodiny, ktor\u00fd svoj\u00edm rozsahom \u0161okoval aj samotn\u00fdch organiz\u00e1torov. Po takmer troch rokoch \u201eticha\u201c sme boli trochu v obav\u00e1ch, \u010di takmer dvesto litrov gul\u00e1\u0161u a kapustnice bude ma\u0165 kto zjes\u0165. Man\u017eelsk\u00e9mu p\u00e1ru rodiny Kr\u00e1likovcov program za\u010dal u\u017e od pol \u0161iestej r\u00e1no varen\u00edm hlavn\u00e9ho jedla.<\/p>\n\n\n\n<p>N\u00e1m ostatn\u00fdm sv\u00e4tou om\u0161ou, ktor\u00fa doprev\u00e1dzal trojgenera\u010dn\u00fd miestny hudobno-spev\u00e1cky zbor. Nesmrte\u013en\u00e9 a nad\u010dasov\u00e9 Bo\u017eie slovo ani tentokr\u00e1t nesklamalo svojou aktu\u00e1lnos\u0165ou. My sami si nezasl\u00fa\u017eime Bo\u017eie kr\u00e1\u013eovstvo, ale je to sl\u00fa\u017eiaci milosrdn\u00fd Boh, ktor\u00fd n\u00e1m vybavil miesto. Tak, ako \u017eena spomenut\u00e1 v prvom \u010d\u00edtan\u00ed posl\u00fa\u017eila prorokovi Elizeovi, tak sme si na tomto dni posl\u00fa\u017eili navz\u00e1jom. My\u0161lienku a cie\u013e n\u00e1\u0161ho Farsk\u00e9ho d\u0148a dokonale vystihol svojou odpove\u010fou na ot\u00e1zku p\u00e1na far\u00e1ra Pavla Gajdo\u0161a jeden mal\u00fd mini\u0161trant: <em>\u201eAby sme sa lep\u0161ie spoznali.\u201c<\/em><\/p>\n\n\n\n<p>Po sv\u00e4tej om\u0161i boli v\u0161etci pozvan\u00ed na spolo\u010dn\u00fd obed, pri\u010dom okrem ob\u013e\u00faben\u00fdch kotl\u00edkov\u00fdch \u0161pecial\u00edt boli v ponuke hotdogy, palacinky a kol\u00e1\u010diky, ktor\u00e9 napiekli \u0161ikovn\u00e9 gazdinky z n\u00e1\u0161ho \u2013 viac ne\u017e farsk\u00e9ho \u2013 spolo\u010denstva.<\/p>\n\n\n\n<p>Komunitn\u00fd a s\u00fa\u0165a\u017eiv\u00fd duch bol podporen\u00fd mini s\u00fa\u0165a\u017eou \u201eFara pe\u010die\u201c. Odborn\u00e1 porota vybrala a vecne odmenila najlep\u0161ie v\u00fdtvory. Deti v\u0161ak najviac ocenili bezodn\u00fa cukrov\u00fa vatu. K tomu, \u017ee tento de\u0148 bol naozaj v\u00fdnimo\u010dn\u00fd, prispeli aj mlad\u00ed man\u017eelia \u0160imon a Al\u017ebeta Kr\u00e1likov\u00ed s huslistom Michalom Klasom s b\u00e1bkov\u00fdm divadlom <em>\u0160iBe<\/em>. Spolu, najm\u00e4 de\u0165om, zahrali predstavenie s historicky laden\u00fdm mot\u00edvom do \u010dias star\u00e9ho Pre\u0161porku. Smiech a em\u00f3cie nenechali v k\u013eude ani n\u00e1s dospel\u00fdch. Po divadielku bola tie\u017e vyhodnoten\u00e1 s\u00fa\u0165a\u017e det\u00ed o&nbsp;kolobe\u017eky &#8211; jedna z nich bola dokonca s elektrick\u00fdm pohonom.<\/p>\n\n\n\n<p>Dru\u017en\u00e9 rozhovory v priate\u013esk\u00fdch hl\u00fa\u010dikoch boli roztr\u00fasen\u00e9 po celom farskom dvore. Jedni str\u00e1\u017eili svoje ratolesti pri ve\u013ekom sk\u00e1kacom hrade, in\u00ed d\u00e1vali pozor, aby nepresko\u010dili sie\u0165 ve\u013ekej trampol\u00edny. Pre deti boli okrem ob\u013e\u00faben\u00fdch atrakci\u00ed pripraven\u00e9 aj s\u00fa\u0165a\u017ee a ma\u013eovanie na tv\u00e1r, ktor\u00e9 pre nich nachystali na\u0161i t\u00edned\u017eeri.<\/p>\n\n\n\n<p>O dobr\u00fa n\u00e1ladu sa a\u017e do ve\u010dera starala jazzov\u00e1 kapela <em>Magdala band<\/em> z Bratislavskej Ra\u010de a Vajnor. Svoje nad\u0161enie a l\u00e1sku ku kvalitnej hudbe preniesli na cel\u00e9 spolo\u010denstvo.<\/p>\n\n\n\n<p>Mysl\u00edm, \u017ee nikto nebol na pochyb\u00e1ch o tom \u201eak\u00e9 je dobr\u00e9 a mil\u00e9, ke\u010f bratia \u017eij\u00fa pospolu\u201c (\u017dalm 133,1). Ver\u00edm, \u017ee n\u00e1\u0161 Farsk\u00fd de\u0148 prispel k budovaniu \u0161ir\u0161ieho, nielen farsk\u00e9ho, spolo\u010denstva. Dobr\u00fd pocit z pr\u00edjemne str\u00e1ven\u00e9ho \u010dasu v kruhu zn\u00e1mych a priate\u013eov je naplnen\u00edm Bo\u017eieho slova, ktor\u00fdm to v\u0161etko za\u010dalo: <em>\u201eKto v\u00e1s prij\u00edma, m\u0148a prij\u00edma. A&nbsp;kto prij\u00edma m\u0148a, prij\u00edma toho, ktor\u00fd ma poslal. \u2026 A&nbsp;kto by dal pi\u0165 jedn\u00e9mu z&nbsp;t\u00fdchto mali\u010dk\u00fdch \u010do len za poh\u00e1r studenej vody ako u\u010den\u00edkovi, veru, hovor\u00edm v\u00e1m: Nepr\u00edde o&nbsp;svoju odmenu.\u201c<\/em> (Mt 10; 40,42)<\/p>\n\n\n\n<p class=\"has-text-align-right\">Martin \u0160i\u0161ka<br>Hrub\u00fd \u0160\u00far<br>farnos\u0165 Kostoln\u00e1 pri Dunaji<\/p>\n\n\n\n<p><\/p>\n\n\n\n<p><a href=\"https:\/\/drive.google.com\/drive\/folders\/1nbWZwC1UR5T3fZnSw3ooJ1UcvicVzTT8?usp=sharing\" target=\"_blank\" rel=\"noreferrer noopener\">Fotky z farsk\u00e9ho d\u0148a si m\u00f4\u017eete pozrie\u0165 tu.<\/a><\/p>\n","protected":false},"excerpt":{"rendered":"<p>P\u00e1n far\u00e1r, kedy urob\u00edme De\u0148 rodiny? Ot\u00e1zka ani neznela \u201ekedy?\u201c (2. j\u00fana 2023), ale \u201ekto?\u201c Autor my\u0161lienky \u2013 Filip \u2013 sa nedal odradi\u0165 a spolu s \u201edom\u00e1cimi\u201c farn\u00edkmi zorganizoval \u201eFarsk\u00fd de\u0148\u201c spojen\u00fd s Te Deum, ktor\u00e9 bolo po\u010fakovan\u00edm za uplynul\u00fd \u0161kolsk\u00fd rok. V na\u0161ej farnosti bolo u\u017e trad\u00edciou robi\u0165 De\u0148 rodiny, ktor\u00fd svoj\u00edm rozsahom \u0161okoval &#8230; <span class=\"more\"><a class=\"more-link\" href=\"https:\/\/www.farakostolna.sk\/?p=8421\">[\u010c\u00edta\u0165 \u010falej&#8230;]<\/a><\/span><\/p>\n","protected":false},"author":7,"featured_media":8425,"comment_status":"closed","ping_status":"closed","sticky":false,"template":"","format":"standard","meta":{"footnotes":""},"categories":[4],"tags":[],"class_list":{"0":"entry","1":"post","2":"publish","3":"author-slado89gmail-com","4":"post-8421","6":"format-standard","7":"has-post-thumbnail","8":"category-akcie"},"_links":{"self":[{"href":"https:\/\/www.farakostolna.sk\/index.php?rest_route=\/wp\/v2\/posts\/8421","targetHints":{"allow":["GET"]}}],"collection":[{"href":"https:\/\/www.farakostolna.sk\/index.php?rest_route=\/wp\/v2\/posts"}],"about":[{"href":"https:\/\/www.farakostolna.sk\/index.php?rest_route=\/wp\/v2\/types\/post"}],"author":[{"embeddable":true,"href":"https:\/\/www.farakostolna.sk\/index.php?rest_route=\/wp\/v2\/users\/7"}],"replies":[{"embeddable":true,"href":"https:\/\/www.farakostolna.sk\/index.php?rest_route=%2Fwp%2Fv2%2Fcomments&post=8421"}],"version-history":[{"count":0,"href":"https:\/\/www.farakostolna.sk\/index.php?rest_route=\/wp\/v2\/posts\/8421\/revisions"}],"wp:featuredmedia":[{"embeddable":true,"href":"https:\/\/www.farakostolna.sk\/index.php?rest_route=\/"}],"wp:attachment":[{"href":"https:\/\/www.farakostolna.sk\/index.php?rest_route=%2Fwp%2Fv2%2Fmedia&parent=8421"}],"wp:term":[{"taxonomy":"category","embeddable":true,"href":"https:\/\/www.farakostolna.sk\/index.php?rest_route=%2Fwp%2Fv2%2Fcategories&post=8421"},{"taxonomy":"post_tag","embeddable":true,"href":"https:\/\/www.farakostolna.sk\/index.php?rest_route=%2Fwp%2Fv2%2Ftags&post=8421"}],"curies":[{"name":"wp","href":"https:\/\/api.w.org\/{rel}","templated":true}]}}