{"id":8415,"date":"2009-07-01T10:10:51","date_gmt":"2009-07-01T10:10:51","guid":{"rendered":"http:\/\/blog.eltras.sk\/?p=873"},"modified":"2009-07-01T10:10:51","modified_gmt":"2009-07-01T10:10:51","slug":"nas-novy-farar","status":"publish","type":"post","link":"https:\/\/www.farakostolna.sk\/?p=8415","title":{"rendered":"N\u00e1\u0161 nov\u00fd far\u00e1r"},"content":{"rendered":"<div>\n<div id=\"imCell_17\">\n<div id=\"imCellStyle_17\"><img loading=\"lazy\" decoding=\"async\" class=\"alignleft\" id=\"imObjectImage_17\" title=\"\" alt=\"\" src=\"http:\/\/kostolna.fara.sk\/images\/090630-020.jpg\" width=\"88\" height=\"117\" \/><\/div>\n<\/div>\n<\/div>\n<p>Od 1. j\u00fala 2009 m\u00e1 farnos\u0165 Kostoln\u00e1 pri Dunaji nov\u00e9ho far\u00e1ra<\/p>\n<p>Po 4 rokoch pastora\u010dnej slu\u017eby vdp. Mgr. Roberta Ku\u010der\u00e1ka ustanovil otec arcibiskup J. Ex. Mons. ICDr. Stanislav Zvolensk\u00fd Phd. nov\u00e9ho far\u00e1ra farnosti Kostoln\u00e1 pri Dunaji Mgr. Pavla Gajdo\u0161a, b\u00fdval\u00e9ho kapl\u00e1na farnosti \u0160amor\u00edn. Inauguroval ho seneck\u00fd dekan Viliam Michalovi\u010d na ve\u010dernej sv. om\u0161i d\u0148a <b>30. j\u00fana 2009<\/b>. <a title=\"foto:\" href=\"https:\/\/picasaweb.google.com\/116452041008470663687\/InaguraciaNovehoFarara\" target=\"_blank\" rel=\"noopener noreferrer\">foto:<\/a>\t\t\t\t<\/p>\n","protected":false},"excerpt":{"rendered":"<p>Od 1. j\u00fala 2009 m\u00e1 farnos\u0165 Kostoln\u00e1 pri Dunaji nov\u00e9ho far\u00e1ra Po 4 rokoch pastora\u010dnej slu\u017eby vdp. Mgr. Roberta Ku\u010der\u00e1ka ustanovil otec arcibiskup J. Ex. Mons. ICDr. Stanislav Zvolensk\u00fd Phd. nov\u00e9ho far\u00e1ra farnosti Kostoln\u00e1 pri Dunaji Mgr. Pavla Gajdo\u0161a, b\u00fdval\u00e9ho kapl\u00e1na farnosti \u0160amor\u00edn. Inauguroval ho seneck\u00fd dekan Viliam Michalovi\u010d na ve\u010dernej sv. om\u0161i d\u0148a 30. &#8230; <span class=\"more\"><a class=\"more-link\" href=\"https:\/\/www.farakostolna.sk\/?p=8415\">[\u010c\u00edta\u0165 \u010falej&#8230;]<\/a><\/span><\/p>\n","protected":false},"author":1,"featured_media":874,"comment_status":"open","ping_status":"open","sticky":false,"template":"","format":"standard","meta":{"footnotes":""},"categories":[5],"tags":[24,26],"class_list":{"0":"entry","1":"post","2":"publish","3":"author-marian-jasenoveceltras-sk","4":"has-excerpt","5":"post-8415","7":"format-standard","8":"has-post-thumbnail","9":"category-aktuality","10":"post_tag-aktuality","11":"post_tag-archiv"},"_links":{"self":[{"href":"https:\/\/www.farakostolna.sk\/index.php?rest_route=\/wp\/v2\/posts\/8415","targetHints":{"allow":["GET"]}}],"collection":[{"href":"https:\/\/www.farakostolna.sk\/index.php?rest_route=\/wp\/v2\/posts"}],"about":[{"href":"https:\/\/www.farakostolna.sk\/index.php?rest_route=\/wp\/v2\/types\/post"}],"author":[{"embeddable":true,"href":"https:\/\/www.farakostolna.sk\/index.php?rest_route=\/wp\/v2\/users\/1"}],"replies":[{"embeddable":true,"href":"https:\/\/www.farakostolna.sk\/index.php?rest_route=%2Fwp%2Fv2%2Fcomments&post=8415"}],"version-history":[{"count":0,"href":"https:\/\/www.farakostolna.sk\/index.php?rest_route=\/wp\/v2\/posts\/8415\/revisions"}],"wp:featuredmedia":[{"embeddable":true,"href":"https:\/\/www.farakostolna.sk\/index.php?rest_route=\/wp\/v2\/media\/874"}],"wp:attachment":[{"href":"https:\/\/www.farakostolna.sk\/index.php?rest_route=%2Fwp%2Fv2%2Fmedia&parent=8415"}],"wp:term":[{"taxonomy":"category","embeddable":true,"href":"https:\/\/www.farakostolna.sk\/index.php?rest_route=%2Fwp%2Fv2%2Fcategories&post=8415"},{"taxonomy":"post_tag","embeddable":true,"href":"https:\/\/www.farakostolna.sk\/index.php?rest_route=%2Fwp%2Fv2%2Ftags&post=8415"}],"curies":[{"name":"wp","href":"https:\/\/api.w.org\/{rel}","templated":true}]}}