{"id":8413,"date":"2010-02-24T10:05:02","date_gmt":"2010-02-24T10:05:02","guid":{"rendered":"http:\/\/blog.eltras.sk\/?p=865"},"modified":"2010-02-24T10:05:02","modified_gmt":"2010-02-24T10:05:02","slug":"rekolekcia-2010","status":"publish","type":"post","link":"https:\/\/www.farakostolna.sk\/?p=8413","title":{"rendered":"Rekolekcia"},"content":{"rendered":"<div>\n<div id=\"imCell_13\">\n<div id=\"imCellStyle_13\"><img loading=\"lazy\" decoding=\"async\" class=\"alignleft\" id=\"imObjectImage_13\" title=\"\" alt=\"\" src=\"http:\/\/kostolna.fara.sk\/images\/img_5360.jpg\" width=\"88\" height=\"78\" \/><\/div>\n<\/div>\n<\/div>\n<p><b>24. febru\u00e1ra 2010<\/b> sa v na\u0161ej farnosti konala k\u0148azsk\u00e1 rekolekcia, t. j. stretnutie k\u0148azov seneck\u00e9ho dekan\u00e1tu. Otvorila sa sv. om\u0161ou, po nej pokra\u010dovala predn\u00e1\u0161kami v priestoroch fary a vyvrcholila chutn\u00fdm obedom. <a title=\"foto:\" href=\"http:\/\/picasaweb.google.sk\/116452041008470663687\/Rekolekcia#\" target=\"_blank\" rel=\"noopener noreferrer\">foto:<\/a>\t\t\t\t<\/p>\n","protected":false},"excerpt":{"rendered":"<p>24. febru\u00e1ra 2010 sa v na\u0161ej farnosti konala k\u0148azsk\u00e1 rekolekcia, t. j. stretnutie k\u0148azov seneck\u00e9ho dekan\u00e1tu. Otvorila sa sv. om\u0161ou, po nej pokra\u010dovala predn\u00e1\u0161kami v priestoroch fary a vyvrcholila chutn\u00fdm obedom. foto:<\/p>\n","protected":false},"author":1,"featured_media":866,"comment_status":"open","ping_status":"open","sticky":false,"template":"","format":"standard","meta":{"footnotes":""},"categories":[5],"tags":[24],"class_list":{"0":"entry","1":"post","2":"publish","3":"author-marian-jasenoveceltras-sk","4":"has-excerpt","5":"post-8413","7":"format-standard","8":"has-post-thumbnail","9":"category-aktuality","10":"post_tag-aktuality"},"_links":{"self":[{"href":"https:\/\/www.farakostolna.sk\/index.php?rest_route=\/wp\/v2\/posts\/8413","targetHints":{"allow":["GET"]}}],"collection":[{"href":"https:\/\/www.farakostolna.sk\/index.php?rest_route=\/wp\/v2\/posts"}],"about":[{"href":"https:\/\/www.farakostolna.sk\/index.php?rest_route=\/wp\/v2\/types\/post"}],"author":[{"embeddable":true,"href":"https:\/\/www.farakostolna.sk\/index.php?rest_route=\/wp\/v2\/users\/1"}],"replies":[{"embeddable":true,"href":"https:\/\/www.farakostolna.sk\/index.php?rest_route=%2Fwp%2Fv2%2Fcomments&post=8413"}],"version-history":[{"count":0,"href":"https:\/\/www.farakostolna.sk\/index.php?rest_route=\/wp\/v2\/posts\/8413\/revisions"}],"wp:featuredmedia":[{"embeddable":true,"href":"https:\/\/www.farakostolna.sk\/index.php?rest_route=\/wp\/v2\/media\/866"}],"wp:attachment":[{"href":"https:\/\/www.farakostolna.sk\/index.php?rest_route=%2Fwp%2Fv2%2Fmedia&parent=8413"}],"wp:term":[{"taxonomy":"category","embeddable":true,"href":"https:\/\/www.farakostolna.sk\/index.php?rest_route=%2Fwp%2Fv2%2Fcategories&post=8413"},{"taxonomy":"post_tag","embeddable":true,"href":"https:\/\/www.farakostolna.sk\/index.php?rest_route=%2Fwp%2Fv2%2Ftags&post=8413"}],"curies":[{"name":"wp","href":"https:\/\/api.w.org\/{rel}","templated":true}]}}