{"id":8407,"date":"2023-07-14T19:27:10","date_gmt":"2023-07-14T19:27:10","guid":{"rendered":"https:\/\/www.farakostolna.sk\/?p=8407"},"modified":"2023-07-14T19:27:10","modified_gmt":"2023-07-14T19:27:10","slug":"farske-oznamy-a-zamyslenie-16-07-2023","status":"publish","type":"post","link":"https:\/\/www.farakostolna.sk\/?p=8407","title":{"rendered":"Farsk\u00e9 oznamy a zamyslenie (16.07.2023)"},"content":{"rendered":"<div class=\"wp-block-image\">\n<figure class=\"aligncenter size-large\"><img decoding=\"async\" src=\"https:\/\/www.farakostolna.sk\/wp-content\/uploads\/2023\/07\/WhatsApp-Image-2023-07-14-at-17.17.22-1024x576.jpg\" alt=\"\" class=\"wp-image-8408\"\/><\/figure>\n<\/div>\n\n\n<p><\/p>\n\n\n\n<p>Radi porovn\u00e1vame a hodnot\u00edme &#8211; ak\u00fd zisk kto dosiahol, ak\u00fa \u00farodu zo\u017eal\u2026 Je\u017ei\u0161 seje slovo &#8211; Bo\u017eie slovo. Do akej p\u00f4dy ho prij\u00edmame? Ak\u00fa \u00farodu prin\u00e1\u0161ame? A v\u00f4bec, po\u010d\u00favame Jeho slov\u00e1 alebo sa viac &#8220;s\u00fdtime&#8221; slovami a obrazom tohto sveta, z ktor\u00fdch len \u0165a\u017eko mo\u017eno na\u010derpa\u0165.<\/p>\n\n\n<p><!--more--><\/p>\n\n\n<p><strong>Sv\u00e4t\u00e9 om\u0161e u n\u00e1s:<\/strong><\/p>\n\n\n\n<p><strong>sobota \u2013 15. j\u00fala (s nede\u013enou platnos\u0165ou)<\/strong><\/p>\n\n\n\n<ul class=\"wp-block-list\">\n<li><strong>17:00 \u2013 Hrub\u00e1 Bor\u0161a (slov.\/ma\u010f.)<\/strong><\/li>\n\n\n\n<li><strong>18:00 \u2013 Kostoln\u00e1 (slov.)<\/strong><\/li>\n<\/ul>\n\n\n\n<p><strong>nede\u013ea \u2013 16. j\u00fala<\/strong><\/p>\n\n\n\n<ul class=\"wp-block-list\">\n<li><strong>8:00 \u2013 Hrub\u00fd \u0160\u00far (ma\u010f.)<\/strong><\/li>\n\n\n\n<li><strong>9:30 \u2013 Kostoln\u00e1 (ma\u010f.)<\/strong><\/li>\n\n\n\n<li><strong>11:00 \u2013 Kostoln\u00e1 (slov.)<\/strong><\/li>\n<\/ul>\n\n\n\n<p><strong>V t\u00fato nede\u013eu bude sv\u00e4t\u00e1 om\u0161a o 11:00 tentoraz obohaten\u00e1 aj zvukom tr\u00fabky, klarinetu, spevu a organu v podan\u00ed Andreja, Anny, M\u00e1rie a Mareka.<\/strong><\/p>\n\n\n\n<p>Cez t\u00fd\u017ede\u0148 budem v Kostolnej spoveda\u0165 v utorok, stredu a vo \u0161tvrtok od 17:00 do 18:00 na farskom dvore pod pr\u00edstre\u0161kom. V tom \u010dase bude v kostole ador\u00e1cia.<\/p>\n\n\n\n<p>V uplynul\u00fdch d\u0148och ste si mohli n\u00e1js\u0165 vo svojich po\u0161tov\u00fdch schr\u00e1nkach na\u0161e nov\u00e9 Farsk\u00e9 noviny. \u00daprimne \u010fakujem v\u0161etk\u00fdm pomoc pri ich tvorbe a roznosen\u00ed. V\u00fdtla\u010dky n\u00e1jdete aj pri vstupe do kostola. Tla\u010d je hraden\u00e1 z dobrovo\u013en\u00fdch pr\u00edspevkov. Podpori\u0165 ich m\u00f4\u017eete aj vy kedyko\u013evek vhoden\u00edm milodaru do pokladni\u010dky ur\u010denej na noviny, alebo cez bankov\u00fd prevod.<\/p>\n\n\n\n<p>Tento v\u00edkend je pravideln\u00e1 mesa\u010dn\u00e1 zbierka na opravu farsk\u00e9ho kostola a prev\u00e1dzkov\u00e9 n\u00e1klady farnosti. Vopred \u010fakujem.<\/p>\n\n\n\n<p>V sobotu 22. j\u00fala 2023 o 15.00 h sa v Bratislave na Jakubovom n\u00e1mest\u00ed uskuto\u010dn\u00ed zhroma\u017edenie a pochod Hrd\u00ed na rodinu. Ide o 11. ro\u010dn\u00edk pochodu \u013eud\u00ed, ktor\u00ed chc\u00fa verejne a radostne uk\u00e1za\u0165, \u017ee rodina je \u00fa\u017easn\u00e1 a v\u00fdnimo\u010dn\u00e1, lebo deti s\u00fa na\u0161a bud\u00facnos\u0165. Na toto podujatie poz\u00fdvame v\u0161etk\u00fdch, cel\u00e9 rodiny s de\u0165mi aj jednotlivcov, aby sa naplnilo heslo pochodu \u201eMan\u017eelstvo chr\u00e1ni deti\u201c. Bli\u017e\u0161ie inform\u00e1cie s\u00fa na str\u00e1nke <a href=\"http:\/\/hrdinarodinu.sk\" data-type=\"page\" data-id=\"8411\" target=\"_blank\" rel=\"noreferrer noopener\">hrdinarodinu.sk<\/a>.<\/p>\n\n\n\n<p>Ktor\u00ed ste na dovolenk\u00e1ch, prajem pr\u00edjemn\u00fd oddych, ktor\u00ed ste doma, te\u0161\u00edm sa na V\u00c1S!<\/p>\n\n\n\n<p>S \u00factou, <br>Pavol Gajdo\u0161,&nbsp;v\u00e1\u0161&nbsp;far\u00e1r<\/p>\n","protected":false},"excerpt":{"rendered":"<p>Radi porovn\u00e1vame a hodnot\u00edme &#8211; ak\u00fd zisk kto dosiahol, ak\u00fa \u00farodu zo\u017eal\u2026 Je\u017ei\u0161 seje slovo &#8211; Bo\u017eie slovo. Do akej p\u00f4dy ho prij\u00edmame? Ak\u00fa \u00farodu prin\u00e1\u0161ame? A v\u00f4bec, po\u010d\u00favame Jeho slov\u00e1 alebo sa viac &#8220;s\u00fdtime&#8221; slovami a obrazom tohto sveta, z ktor\u00fdch len \u0165a\u017eko mo\u017eno na\u010derpa\u0165.<\/p>\n","protected":false},"author":7,"featured_media":8408,"comment_status":"closed","ping_status":"closed","sticky":false,"template":"","format":"standard","meta":{"footnotes":""},"categories":[13],"tags":[],"class_list":{"0":"entry","1":"post","2":"publish","3":"author-slado89gmail-com","4":"has-more-link","5":"post-8407","7":"format-standard","8":"has-post-thumbnail","9":"category-oznamy"},"_links":{"self":[{"href":"https:\/\/www.farakostolna.sk\/index.php?rest_route=\/wp\/v2\/posts\/8407","targetHints":{"allow":["GET"]}}],"collection":[{"href":"https:\/\/www.farakostolna.sk\/index.php?rest_route=\/wp\/v2\/posts"}],"about":[{"href":"https:\/\/www.farakostolna.sk\/index.php?rest_route=\/wp\/v2\/types\/post"}],"author":[{"embeddable":true,"href":"https:\/\/www.farakostolna.sk\/index.php?rest_route=\/wp\/v2\/users\/7"}],"replies":[{"embeddable":true,"href":"https:\/\/www.farakostolna.sk\/index.php?rest_route=%2Fwp%2Fv2%2Fcomments&post=8407"}],"version-history":[{"count":0,"href":"https:\/\/www.farakostolna.sk\/index.php?rest_route=\/wp\/v2\/posts\/8407\/revisions"}],"wp:featuredmedia":[{"embeddable":true,"href":"https:\/\/www.farakostolna.sk\/index.php?rest_route=\/"}],"wp:attachment":[{"href":"https:\/\/www.farakostolna.sk\/index.php?rest_route=%2Fwp%2Fv2%2Fmedia&parent=8407"}],"wp:term":[{"taxonomy":"category","embeddable":true,"href":"https:\/\/www.farakostolna.sk\/index.php?rest_route=%2Fwp%2Fv2%2Fcategories&post=8407"},{"taxonomy":"post_tag","embeddable":true,"href":"https:\/\/www.farakostolna.sk\/index.php?rest_route=%2Fwp%2Fv2%2Ftags&post=8407"}],"curies":[{"name":"wp","href":"https:\/\/api.w.org\/{rel}","templated":true}]}}