{"id":8395,"date":"2023-07-07T21:01:08","date_gmt":"2023-07-07T21:01:08","guid":{"rendered":"https:\/\/www.farakostolna.sk\/?p=8395"},"modified":"2023-07-07T21:01:08","modified_gmt":"2023-07-07T21:01:08","slug":"farske-oznamy-a-zamyslenie-09-07-2023","status":"publish","type":"post","link":"https:\/\/www.farakostolna.sk\/?p=8395","title":{"rendered":"Farsk\u00e9 oznamy a zamyslenie (09.07.2023)"},"content":{"rendered":"\n<figure class=\"wp-block-image size-full is-resized\"><img loading=\"lazy\" decoding=\"async\" src=\"https:\/\/www.farakostolna.sk\/wp-content\/uploads\/2023\/07\/WhatsApp-Image-2023-07-07-at-22.52.30-e1688763799518.jpg\" alt=\"\" class=\"wp-image-8396\" width=\"840\" height=\"560\"\/><\/figure>\n\n\n\n<p><\/p>\n\n\n\n<p>Sme priam posadnut\u00ed h\u013eadan\u00edm odpo\u010dinku a vy\u017eitia pre svoje telo, ale Je\u017ei\u0161 n\u00e1m pon\u00faka viac &#8211; n\u00e1jdete odpo\u010dinok pre svoju du\u0161u. H\u013ead\u00e1me tak\u00fdto pokoj, ktor\u00fd presahuje v\u0161etku ch\u00e1pavos\u0165 alebo na\u0161e telo ub\u00edja n\u00e1\u0161ho ducha?<\/p>\n\n\n<p><!--more--><\/p>\n\n\n<p><strong>Sv\u00e4t\u00e9 om\u0161e u n\u00e1s:<\/strong><\/p>\n\n\n\n<p><strong>sobota \u2013 8. j\u00fala (s nede\u013enou platnos\u0165ou)<\/strong><\/p>\n\n\n\n<ul class=\"wp-block-list\">\n<li><strong>17:00 \u2013 Hrub\u00e1 Bor\u0161a (slov.\/ma\u010f.)<\/strong><\/li>\n\n\n\n<li><strong>18:00 \u2013 Kostoln\u00e1 (slov.)<\/strong><\/li>\n<\/ul>\n\n\n\n<p><strong>nede\u013ea \u2013 9. j\u00fala<\/strong><\/p>\n\n\n\n<ul class=\"wp-block-list\">\n<li><strong>8:00 \u2013 Hrub\u00fd \u0160\u00far (ma\u010f.)<\/strong><\/li>\n\n\n\n<li><strong>9:30 \u2013 Kostoln\u00e1 (ma\u010f.)<\/strong><\/li>\n\n\n\n<li><strong>11:00 \u2013 Kostoln\u00e1 (slov.)<\/strong><\/li>\n<\/ul>\n\n\n\n<p><strong>Cez t\u00fd\u017ede\u0148 budem odcestovan\u00fd. V pr\u00edpade potreby (zaopatrovanie, pohreb\u2026) volajte vdp. Eugenovi Matusovi, p\u00e1novi far\u00e1rovi do Boldogu (0902377168). Fara bude str\u00e1\u017een\u00e1!<\/strong><\/p>\n\n\n\n<p>V utorok a vo \u0161tvrtok v Kostolnej o 19:00 bude sv\u00e4t\u00fa om\u0161u v slovenskom jazyku sl\u00fa\u017ei\u0165 vdp. Dominik Marko\u0161, p\u00e1n far\u00e1r zo Slia\u010du.<\/p>\n\n\n\n<p>O t\u00fd\u017ede\u0148 bude pravideln\u00e1 mesa\u010dn\u00e1 zbierka na opravu farsk\u00e9ho kostola a prev\u00e1dzkov\u00e9 n\u00e1klady farnosti. Vopred \u010fakujem.<\/p>\n\n\n\n<p>Z\u00e1rove\u0148 chcem \u00faprimne po\u010fakova\u0165 v\u0161etk\u00fdm pomocn\u00edkom, ktor\u00ed pomohli zorganizova\u0165 spolo\u010dn\u00fd Farsk\u00fd de\u0148, ktor\u00fd sa konal minul\u00fa nede\u013eu na farskom dvore. Boli ste \u00fa\u017easn\u00ed. Ve\u013ek\u00e1 v\u010faka za V\u00c1S!<\/p>\n\n\n\n<p>S \u00factou, <br>Pavol Gajdo\u0161, v\u00e1\u0161 far\u00e1r<\/p>\n","protected":false},"excerpt":{"rendered":"<p>Sme priam posadnut\u00ed h\u013eadan\u00edm odpo\u010dinku a vy\u017eitia pre svoje telo, ale Je\u017ei\u0161 n\u00e1m pon\u00faka viac &#8211; n\u00e1jdete odpo\u010dinok pre svoju du\u0161u. H\u013ead\u00e1me tak\u00fdto pokoj, ktor\u00fd presahuje v\u0161etku ch\u00e1pavos\u0165 alebo na\u0161e telo ub\u00edja n\u00e1\u0161ho ducha?<\/p>\n","protected":false},"author":7,"featured_media":8396,"comment_status":"closed","ping_status":"closed","sticky":false,"template":"","format":"standard","meta":{"footnotes":""},"categories":[13],"tags":[],"class_list":{"0":"entry","1":"post","2":"publish","3":"author-slado89gmail-com","4":"has-more-link","5":"post-8395","7":"format-standard","8":"has-post-thumbnail","9":"category-oznamy"},"_links":{"self":[{"href":"https:\/\/www.farakostolna.sk\/index.php?rest_route=\/wp\/v2\/posts\/8395","targetHints":{"allow":["GET"]}}],"collection":[{"href":"https:\/\/www.farakostolna.sk\/index.php?rest_route=\/wp\/v2\/posts"}],"about":[{"href":"https:\/\/www.farakostolna.sk\/index.php?rest_route=\/wp\/v2\/types\/post"}],"author":[{"embeddable":true,"href":"https:\/\/www.farakostolna.sk\/index.php?rest_route=\/wp\/v2\/users\/7"}],"replies":[{"embeddable":true,"href":"https:\/\/www.farakostolna.sk\/index.php?rest_route=%2Fwp%2Fv2%2Fcomments&post=8395"}],"version-history":[{"count":0,"href":"https:\/\/www.farakostolna.sk\/index.php?rest_route=\/wp\/v2\/posts\/8395\/revisions"}],"wp:featuredmedia":[{"embeddable":true,"href":"https:\/\/www.farakostolna.sk\/index.php?rest_route=\/"}],"wp:attachment":[{"href":"https:\/\/www.farakostolna.sk\/index.php?rest_route=%2Fwp%2Fv2%2Fmedia&parent=8395"}],"wp:term":[{"taxonomy":"category","embeddable":true,"href":"https:\/\/www.farakostolna.sk\/index.php?rest_route=%2Fwp%2Fv2%2Fcategories&post=8395"},{"taxonomy":"post_tag","embeddable":true,"href":"https:\/\/www.farakostolna.sk\/index.php?rest_route=%2Fwp%2Fv2%2Ftags&post=8395"}],"curies":[{"name":"wp","href":"https:\/\/api.w.org\/{rel}","templated":true}]}}