{"id":8388,"date":"2023-06-30T22:36:50","date_gmt":"2023-06-30T22:36:50","guid":{"rendered":"https:\/\/www.farakostolna.sk\/?p=8388"},"modified":"2023-06-30T22:36:50","modified_gmt":"2023-06-30T22:36:50","slug":"farske-oznamy-a-zamyslenie-02-07-2023","status":"publish","type":"post","link":"https:\/\/www.farakostolna.sk\/?p=8388","title":{"rendered":"Farsk\u00e9 oznamy a zamyslenie (02.07.2023)"},"content":{"rendered":"<div class=\"wp-block-image\">\n<figure class=\"aligncenter size-full\"><img decoding=\"async\" src=\"https:\/\/www.farakostolna.sk\/wp-content\/uploads\/2023\/06\/WhatsApp-Image-2023-06-30-at-23.33.21.jpg\" alt=\"\" class=\"wp-image-8390\"\/><\/figure>\n<\/div>\n\n\n<p><\/p>\n\n\n\n<p>V \u017eivote sa m\u00f4\u017eeme venova\u0165 r\u00f4znym oblastiam &#8211; pr\u00e1ci, vzdelaniu, kon\u00ed\u010dkom,\u2026 s r\u00f4znym nasaden\u00edm. Oblas\u0165 vz\u0165ahu k Bohu si n\u00e1s v\u0161ak vy\u017eaduje cel\u00fdch. Toto je k\u013e\u00fa\u010d ku skuto\u010dn\u00e9mu vz\u0165ahu k Bohu. Chce to v\u0161ak radik\u00e1lne rozhodnutie potvrden\u00e9 re\u00e1lnymi skutkami.<\/p>\n\n\n<p><!--more--><\/p>\n\n\n<p><strong>Sv\u00e4t\u00e9 om\u0161e u n\u00e1s:<\/strong><\/p>\n\n\n\n<p><strong>sobota \u2013 1. j\u00fala (s nede\u013enou platnos\u0165ou)<\/strong><\/p>\n\n\n\n<ul class=\"wp-block-list\">\n<li><strong>17:00 \u2013 Hrub\u00e1 Bor\u0161a (slov.\/ma\u010f.)<\/strong><\/li>\n\n\n\n<li><strong>18:00 \u2013 Kostoln\u00e1 (slov.)<\/strong><\/li>\n<\/ul>\n\n\n\n<p><strong>nede\u013ea \u2013 2. j\u00fala<\/strong><\/p>\n\n\n\n<ul class=\"wp-block-list\">\n<li><strong>8:00 \u2013 Hrub\u00fd \u0160\u00far (ma\u010f.)<\/strong><\/li>\n\n\n\n<li><strong>9:30 \u2013 Kostoln\u00e1 (ma\u010f.)<\/strong><\/li>\n\n\n\n<li><strong>11:00 \u2013 Kostoln\u00e1 (slov.)<\/strong><\/li>\n<\/ul>\n\n\n\n<p>V t\u00fato nede\u013eu m\u00e1me &#8220;Te Deum&#8221;; to znamen\u00e1, \u017ee na v\u0161etk\u00fdch sv\u00e4t\u00fdch om\u0161iach sa po\u010fakujeme P\u00e1nu Bohu za uplynul\u00fd \u0161kolsk\u00fd rok. <strong>Sv\u00e4t\u00e1 om\u0161a o 11:00 bude tzv.&#8221;rodinn\u00e1&#8221;,<\/strong> na ktor\u00fa poz\u00fdvame v\u0161etk\u00fdch, ktor\u00ed chc\u00fa sl\u00e1vi\u0165 liturgiu o\u017eiven\u00fa s mlade\u017en\u00edckym zborom.<\/p>\n\n\n\n<p><strong>N\u00e1sledne pribli\u017ene od 12:30 sa bude na farskom dvore pod\u00e1va\u0165 obed. <\/strong>Pripraven\u00fd bude gul\u00e1\u0161 s \u010derstv\u00fdm chleb\u00edkom, kapustnica, palacinky, hotdogy, pivo, kofola, malinovky\u2026 O druhej bude pokra\u010dova\u0165 program s divadielkom pre deti, n\u00e1sledne vyst\u00fapi hudobn\u00e1 kapela, pripraven\u00e9 bud\u00fa s\u00fa\u0165a\u017ee a hry pre deti. Pribli\u017ene o \u0161tvrtej bude vyhodnotenie detskej j\u00fanovej s\u00fa\u0165a\u017ee, ako aj s\u00fa\u0165a\u017ee gazdiniek &#8220;farnos\u0165 pe\u010die&#8221;.<br>Po\u010das cel\u00e9ho poobedia sa bude da\u0165 vz\u00e1jomne lep\u0161ie spozna\u0165 a porozpr\u00e1va\u0165. Samotn\u00e9 podujatie sa bude da\u0165 podpori\u0165 aj dobrovo\u013en\u00fdm pr\u00edspevkom do osobitnej pokladni\u010dky na farskom dvore.<br><strong>Pr\u00ed\u010fte za\u017ei\u0165 &#8220;FARSK\u00dd DE\u0147&#8221;, rados\u0165 zo skuto\u010dnosti, \u017ee v Je\u017ei\u0161ovi patr\u00edme spolu do jednej ve\u013ekej rodiny a v Cirkvi m\u00e1me jednu Matku.<\/strong><\/p>\n\n\n\n<p>Sviatos\u0165 zmierenia pon\u00fakam tento t\u00fd\u017ede\u0148 v Kostolnej v stredu a vo \u0161tvrtok.<\/p>\n\n\n\n<p>Minulot\u00fd\u017ed\u0148ov\u00e1 zbierka na dobro\u010dinn\u00e9 diela Sv\u00e4t\u00e9ho Otca (predt\u00fdm sa zvykla t\u00e1to zbierka vola\u0165 &#8220;Halier sv\u00e4t\u00e9ho Petra&#8221;) vyniesla spolu 587,30 \u20ac, z toho v Kostolnej 356,30 \u20ac, Hrubom \u0160\u00fare 150 \u20ac a Hrubej Bor\u0161i 81 \u20ac. Peniaze som u\u017e preposlal na dan\u00fd \u00fa\u010det.<\/p>\n\n\n\n<p>V uplynul\u00fdch d\u0148och sa vyskytli op\u00e4\u0165 probl\u00e9my s na\u010d\u00edtan\u00edm farskej str\u00e1nky v d\u00f4sledku v\u00fdpadku serveru a sie\u0165ov\u00fdch komponentov. Za vzniknut\u00e9 nepr\u00edjemnosti sa ospravedl\u0148ujeme.<\/p>\n\n\n\n<p>S \u00factou, <br>Pavol Gajdo\u0161, v\u00e1\u0161 far\u00e1r<\/p>\n","protected":false},"excerpt":{"rendered":"<p>V \u017eivote sa m\u00f4\u017eeme venova\u0165 r\u00f4znym oblastiam &#8211; pr\u00e1ci, vzdelaniu, kon\u00ed\u010dkom,\u2026 s r\u00f4znym nasaden\u00edm. Oblas\u0165 vz\u0165ahu k Bohu si n\u00e1s v\u0161ak vy\u017eaduje cel\u00fdch. Toto je k\u013e\u00fa\u010d ku skuto\u010dn\u00e9mu vz\u0165ahu k Bohu. Chce to v\u0161ak radik\u00e1lne rozhodnutie potvrden\u00e9 re\u00e1lnymi skutkami.<\/p>\n","protected":false},"author":7,"featured_media":8390,"comment_status":"closed","ping_status":"closed","sticky":false,"template":"","format":"standard","meta":{"footnotes":""},"categories":[13],"tags":[],"class_list":{"0":"entry","1":"post","2":"publish","3":"author-slado89gmail-com","4":"has-more-link","5":"post-8388","7":"format-standard","8":"has-post-thumbnail","9":"category-oznamy"},"_links":{"self":[{"href":"https:\/\/www.farakostolna.sk\/index.php?rest_route=\/wp\/v2\/posts\/8388","targetHints":{"allow":["GET"]}}],"collection":[{"href":"https:\/\/www.farakostolna.sk\/index.php?rest_route=\/wp\/v2\/posts"}],"about":[{"href":"https:\/\/www.farakostolna.sk\/index.php?rest_route=\/wp\/v2\/types\/post"}],"author":[{"embeddable":true,"href":"https:\/\/www.farakostolna.sk\/index.php?rest_route=\/wp\/v2\/users\/7"}],"replies":[{"embeddable":true,"href":"https:\/\/www.farakostolna.sk\/index.php?rest_route=%2Fwp%2Fv2%2Fcomments&post=8388"}],"version-history":[{"count":0,"href":"https:\/\/www.farakostolna.sk\/index.php?rest_route=\/wp\/v2\/posts\/8388\/revisions"}],"wp:featuredmedia":[{"embeddable":true,"href":"https:\/\/www.farakostolna.sk\/index.php?rest_route=\/"}],"wp:attachment":[{"href":"https:\/\/www.farakostolna.sk\/index.php?rest_route=%2Fwp%2Fv2%2Fmedia&parent=8388"}],"wp:term":[{"taxonomy":"category","embeddable":true,"href":"https:\/\/www.farakostolna.sk\/index.php?rest_route=%2Fwp%2Fv2%2Fcategories&post=8388"},{"taxonomy":"post_tag","embeddable":true,"href":"https:\/\/www.farakostolna.sk\/index.php?rest_route=%2Fwp%2Fv2%2Ftags&post=8388"}],"curies":[{"name":"wp","href":"https:\/\/api.w.org\/{rel}","templated":true}]}}