{"id":8379,"date":"2023-06-23T21:38:04","date_gmt":"2023-06-23T21:38:04","guid":{"rendered":"https:\/\/www.farakostolna.sk\/?p=8379"},"modified":"2023-06-23T21:38:04","modified_gmt":"2023-06-23T21:38:04","slug":"farske-oznamy-a-zamyslenie-25-06-2023","status":"publish","type":"post","link":"https:\/\/www.farakostolna.sk\/?p=8379","title":{"rendered":"Farsk\u00e9 oznamy a zamyslenie (25.06.2023)"},"content":{"rendered":"<div class=\"wp-block-image\">\n<figure class=\"aligncenter size-large\"><img decoding=\"async\" src=\"https:\/\/www.farakostolna.sk\/wp-content\/uploads\/2023\/06\/WhatsApp-Image-2023-06-23-at-23.23.26-1024x768.jpg\" alt=\"\" class=\"wp-image-8380\"\/><\/figure>\n<\/div>\n\n\n<p><\/p>\n\n\n\n<p>Boh sa k n\u00e1m prizn\u00e1va, zast\u00e1va si n\u00e1s &#8211; verejne, nielen v skrytosti. Sme v Jeho o\u010diach ve\u013emi vz\u00e1cni. A \u010do my, vyzn\u00e1vame Ho verejne, alebo iba tak potichu, \u017ee si n\u00e1s nikto ani nev\u0161imne?<\/p>\n\n\n<p><!--more--><\/p>\n\n\n<p><strong>Sv\u00e4t\u00e9 om\u0161e u n\u00e1s:<\/strong><\/p>\n\n\n\n<p><strong>sobota \u2013 24. j\u00fana (s nede\u013enou platnos\u0165ou)<\/strong><\/p>\n\n\n\n<ul class=\"wp-block-list\">\n<li><strong>17:00 \u2013 Hrub\u00e1 Bor\u0161a (slov.\/ma\u010f.)<\/strong><\/li>\n\n\n\n<li><strong>18:00 \u2013 Kostoln\u00e1 (slov.)<\/strong><\/li>\n<\/ul>\n\n\n\n<p><strong>nede\u013ea \u2013 25. j\u00fana<\/strong><\/p>\n\n\n\n<ul class=\"wp-block-list\">\n<li><strong>8:00 \u2013 Hrub\u00fd \u0160\u00far (ma\u010f.)<\/strong><\/li>\n\n\n\n<li><strong>9:30 \u2013 Kostoln\u00e1 (ma\u010f.)<\/strong><\/li>\n\n\n\n<li><strong>11:00 \u2013 Kostoln\u00e1 (slov.)<\/strong><\/li>\n<\/ul>\n\n\n\n<p>Tento t\u00fd\u017ede\u0148 bude ador\u00e1cia v Kostolnej v utorok, stredu a piatok v\u00fdnimo\u010dne tento t\u00fd\u017ede\u0148 v\u017edy od 18:00 do 19:00.<\/p>\n\n\n\n<p>Sviatos\u0165 zmierenia pon\u00fakam v Kostolnej v utorok a piatok tie\u017e o hodinu nesk\u00f4r a to od 18:00 do 19:00.<\/p>\n\n\n\n<p><strong>Tento t\u00fd\u017ede\u0148 m\u00e1me cirkevne prik\u00e1zan\u00fd sviatok sv\u00e4t\u00fdch apo\u0161tolov Petra a Pavla. Sv\u00e4t\u00e9 om\u0161e bud\u00fa nasledovne:<\/strong><\/p>\n\n\n\n<p><strong>28.6. &#8211; v stredu (s platnos\u0165ou sviatku)<\/strong><\/p>\n\n\n\n<ul class=\"wp-block-list\">\n<li><strong>17:00 &#8211; Hrub\u00e1 Bor\u0161a (slov.\/ma\u010f.)<\/strong><\/li>\n\n\n\n<li><strong>19:00 &#8211; Kostoln\u00e1 (slov.)<\/strong><\/li>\n<\/ul>\n\n\n\n<p><strong>29.6. &#8211; vo \u0161tvrtok<\/strong><\/p>\n\n\n\n<ul class=\"wp-block-list\">\n<li><strong>17:00 &#8211; Hrub\u00fd \u0160\u00far (ma\u010f.)<\/strong><\/li>\n\n\n\n<li><strong>18:00 &#8211; Kostoln\u00e1 (ma\u010f.)<\/strong><\/li>\n\n\n\n<li><strong>19:00 &#8211; Kostoln\u00e1 (slov.)<\/strong><\/li>\n<\/ul>\n\n\n\n<p>V mesiaci j\u00fan deti boli deti pozvan\u00e9 do celofarskej s\u00fa\u0165a\u017ee. Vyzbieran\u00e9 srdie\u010dka mi treba odovzda\u0165 osobne v tento piatok (30.6.) v podp\u00edsanej ob\u00e1lke aj s nap\u00edsan\u00fdm po\u010dtom vyzbieran\u00fdch srdie\u010dok. Vyhodnotenie s\u00fa\u0165a\u017ee bude v nede\u013eu 2. j\u00fala poobede na Farskom dni.<\/p>\n\n\n\n<p><strong>V spolupr\u00e1ci s obecn\u00fdm \u00faradom v Kostolnej sa o t\u00fd\u017ede\u0148 &#8211; v nede\u013eu 2. j\u00fala &#8211; sa uskuto\u010dn\u00ed &#8220;Farsk\u00fd de\u0148&#8221;, ktor\u00ed za\u010dne spolo\u010dn\u00fdm obedom o p\u00f3l jednej na farskom dvore.<\/strong> Nasledova\u0165 bude divadielko pre deti, koncert hudobnej kapely. Pripraven\u00e9 bud\u00fa hry, s\u00fa\u0165a\u017ee, sk\u00e1kac\u00ed hrad, pivo, kofola, hotdog, cukrov\u00e1 vata, palacinky\u2026 Z\u00e1rove\u0148 poz\u00fdvame v\u0161etky usilovn\u00e9 gazdinky zapoji\u0165 sa do s\u00fa\u0165a\u017ee: &#8220;farnos\u0165 pe\u010die&#8221;. Sta\u010d\u00ed prinies\u0165 na podnose doma upe\u010den\u00e9 kol\u00e1\u010diky. Porota bude hodnoti\u0165 tri krit\u00e9ri\u00e1: chu\u0165, vzh\u013ead a mno\u017estvo. T\u00ed, ktor\u00ed s\u00fa ochotn\u00ed sa pripoji\u0165 do organiza\u010dn\u00e9ho t\u00edmu, dajte pros\u00edm o sebe vedie\u0165. Te\u0161\u00edme sa na v\u00e1s.<\/p>\n\n\n\n<p>Modlitby Matiek poz\u00fdvaj\u00fa e\u0161te v t\u00fato nede\u013eu v Kostolnej o 15:00 na ador\u00e1ciu. V\u0161etci sme pozvan\u00ed.<\/p>\n\n\n\n<p>Minulot\u00fd\u017ed\u0148ov\u00e1 zbierka na opravu farsk\u00e9ho kostola a prev\u00e1dzkov\u00e9 n\u00e1klady farnosti vyniesla v Kostolnej 1038,20 \u20ac, v Hrubej Bor\u0161i 94 \u20ac a v Hrubom \u0160\u00fare 125,30 \u20ac. Ve\u013emi pekne \u010fakujem.<\/p>\n\n\n\n<p>Tento v\u00edkend je vo v\u0161etk\u00fdch kostoloch zbierka na dobro\u010dinn\u00e9 diela Sv\u00e4t\u00e9ho Otca (predt\u00fdm sa zvykla t\u00e1to zbierka vola\u0165 &#8220;Halier sv\u00e4t\u00e9ho Petra&#8221;).<\/p>\n\n\n\n<p>S \u00factou, <br>Pavol Gajdo\u0161, v\u00e1\u0161 far\u00e1r<\/p>\n","protected":false},"excerpt":{"rendered":"<p>Boh sa k n\u00e1m prizn\u00e1va, zast\u00e1va si n\u00e1s &#8211; verejne, nielen v skrytosti. Sme v Jeho o\u010diach ve\u013emi vz\u00e1cni. A \u010do my, vyzn\u00e1vame Ho verejne, alebo iba tak potichu, \u017ee si n\u00e1s nikto ani nev\u0161imne?<\/p>\n","protected":false},"author":7,"featured_media":8380,"comment_status":"closed","ping_status":"closed","sticky":false,"template":"","format":"standard","meta":{"footnotes":""},"categories":[13],"tags":[],"class_list":{"0":"entry","1":"post","2":"publish","3":"author-slado89gmail-com","4":"has-more-link","5":"post-8379","7":"format-standard","8":"has-post-thumbnail","9":"category-oznamy"},"_links":{"self":[{"href":"https:\/\/www.farakostolna.sk\/index.php?rest_route=\/wp\/v2\/posts\/8379","targetHints":{"allow":["GET"]}}],"collection":[{"href":"https:\/\/www.farakostolna.sk\/index.php?rest_route=\/wp\/v2\/posts"}],"about":[{"href":"https:\/\/www.farakostolna.sk\/index.php?rest_route=\/wp\/v2\/types\/post"}],"author":[{"embeddable":true,"href":"https:\/\/www.farakostolna.sk\/index.php?rest_route=\/wp\/v2\/users\/7"}],"replies":[{"embeddable":true,"href":"https:\/\/www.farakostolna.sk\/index.php?rest_route=%2Fwp%2Fv2%2Fcomments&post=8379"}],"version-history":[{"count":0,"href":"https:\/\/www.farakostolna.sk\/index.php?rest_route=\/wp\/v2\/posts\/8379\/revisions"}],"wp:featuredmedia":[{"embeddable":true,"href":"https:\/\/www.farakostolna.sk\/index.php?rest_route=\/"}],"wp:attachment":[{"href":"https:\/\/www.farakostolna.sk\/index.php?rest_route=%2Fwp%2Fv2%2Fmedia&parent=8379"}],"wp:term":[{"taxonomy":"category","embeddable":true,"href":"https:\/\/www.farakostolna.sk\/index.php?rest_route=%2Fwp%2Fv2%2Fcategories&post=8379"},{"taxonomy":"post_tag","embeddable":true,"href":"https:\/\/www.farakostolna.sk\/index.php?rest_route=%2Fwp%2Fv2%2Ftags&post=8379"}],"curies":[{"name":"wp","href":"https:\/\/api.w.org\/{rel}","templated":true}]}}