{"id":8344,"date":"2023-06-16T21:05:45","date_gmt":"2023-06-16T21:05:45","guid":{"rendered":"https:\/\/www.farakostolna.sk\/?p=8344"},"modified":"2023-06-16T21:05:45","modified_gmt":"2023-06-16T21:05:45","slug":"farske-oznamy-a-zamyslenie-18-06-2023","status":"publish","type":"post","link":"https:\/\/www.farakostolna.sk\/?p=8344","title":{"rendered":"Farsk\u00e9 oznamy a zamyslenie (18.06.2023)"},"content":{"rendered":"<div class=\"wp-block-image\">\n<figure class=\"aligncenter size-large\"><img decoding=\"async\" src=\"https:\/\/www.farakostolna.sk\/wp-content\/uploads\/2023\/06\/827EFC6B-1CA3-4803-AE67-4E8F04E403F8-972x1024.jpeg\" alt=\"\" class=\"wp-image-8345\"\/><\/figure>\n<\/div>\n\n\n<p><\/p>\n\n\n\n<p>Pre\u010do si si vybral toto povolanie? Bav\u00ed ma to, r\u00e1d programujem, zauj\u00edma ma technika, at\u010f\u2026 Ale je jedno povolanie, kde odpove\u010f znie: &#8220;Ja som si ho nevybral, m\u0148a si vybral Boh.&#8221; M\u00e1 to v\u0161ak jeden h\u00e1\u010dik &#8211; treba Jeho hlas zachyti\u0165 a posl\u00fachnu\u0165!<\/p>\n\n\n<p><!--more--><\/p>\n\n\n<p><strong>Sv\u00e4t\u00e9 om\u0161e u n\u00e1s:<\/strong><\/p>\n\n\n\n<p><strong>sobota \u2013 17. j\u00fana (s nede\u013enou platnos\u0165ou)<\/strong><\/p>\n\n\n\n<ul class=\"wp-block-list\">\n<li><strong>17:00 \u2013 Hrub\u00e1 Bor\u0161a (slov.\/ma\u010f.)<\/strong><\/li>\n\n\n\n<li><strong>18:00 \u2013 Kostoln\u00e1 (slov.)<\/strong><\/li>\n<\/ul>\n\n\n\n<p><strong>nede\u013ea \u2013 18. j\u00fana<\/strong><\/p>\n\n\n\n<ul class=\"wp-block-list\">\n<li><strong>8:00 \u2013 Hrub\u00fd \u0160\u00far (ma\u010f.)<\/strong><\/li>\n\n\n\n<li><strong>9:30 \u2013 Kostoln\u00e1 (ma\u010f.)<\/strong><\/li>\n\n\n\n<li><strong>11:00 \u2013 Kostoln\u00e1 (slov.)<\/strong><\/li>\n<\/ul>\n\n\n\n<p><strong>V t\u00fato nede\u013eu bude sv\u00e4t\u00e1 om\u0161a o 11:00 vonku na ozvu\u010denom farskom dvore<\/strong>.<\/p>\n\n\n\n<p>Tento t\u00fd\u017ede\u0148 bude ador\u00e1cia Kostolnej v stredu, \u0161tvrtok a piatok v\u017edy od 17:00 do 18:00.<\/p>\n\n\n\n<p>Sviatos\u0165 zmierenia pon\u00fakam Kostolnej v stredu a \u0161tvrtok od 17:00 do 18:00.<\/p>\n\n\n\n<p>V stredu o 18:00 bude spolo\u010dn\u00e1 sv\u00e4t\u00e1 om\u0161a so zrete\u013eom na deti z v\u010fa\u010dnosti za prv\u00e9 sv\u00e4t\u00e9 prij\u00edmanie. Pre v\u0161etky deti bude pripraven\u00e1 cukrov\u00e1 vata a studen\u00e9 prekvapenie.<\/p>\n\n\n\n<p>V mesiaci j\u00fan poz\u00fdvame v\u0161etky usilovn\u00e9 a n\u00e1bo\u017en\u00e9 deti zapoji\u0165 sa do aktivity, ktorou bude zbiera\u0165 \u010derven\u00e9 srdie\u010dka. Dostanete ich po ka\u017edej sv\u00e4tej om\u0161i, taktie\u017e za \u00fa\u010das\u0165 na adoracii (aspo\u0148 5-10 min\u00fat) a po sv\u00e4tej spovedi. Vyzbieran\u00e9 srdie\u010dka potom odovzd\u00e1te v podp\u00edsanej ob\u00e1lke na \u010fakovnej om\u0161i na konci \u0161kolsk\u00e9ho roka. Desiati z v\u00e1s, ktor\u00ed nazbierate najviac srdie\u010dok, z\u00edskaj\u00fa hodnotn\u00fa odmenu!<\/p>\n\n\n\n<p>O dva t\u00fd\u017edne &#8211; <strong>v nede\u013eu 2. j\u00fala &#8211; sa uskuto\u010dn\u00ed v Kostolnej &#8220;Farsk\u00fd de\u0148&#8221;,<\/strong> na ktor\u00ed sa u\u017e teraz m\u00f4\u017eete te\u0161i\u0165. V t\u00fato stredu po sv\u00e4tej om\u0161i bude k jeho organiz\u00e1cii op\u00e4\u0165 kr\u00e1tke stretnutie na farskom dvore.<\/p>\n\n\n\n<p><strong>Bud\u00faci v\u00edkend bude Modlitbov\u00e9 trojdnie. <\/strong>V piatok v Hrubom \u0160\u00fare o 10:00 v kaplnke, v sobotu v Hrubej Bor\u0161i o 10:00 a v Kostolnej v nede\u013eu o 15:00. V\u0161etci sme pozvan\u00ed.<\/p>\n\n\n\n<p>Tento v\u00edkend bude pravideln\u00e1 mesa\u010dn\u00e1 zbierka na opravu farsk\u00e9ho kostola a prev\u00e1dzkov\u00e9 n\u00e1klady farnosti. Vopred ve\u013emi pekne \u010fakujeme.<\/p>\n\n\n\n<p>O t\u00fd\u017ede\u0148 bude vo v\u0161etk\u00fdch kostoloch zbierka na dobro\u010dinn\u00e9 diela Sv\u00e4t\u00e9ho Otca (predt\u00fdm sa zvykla t\u00e1to zbierka vola\u0165 &#8220;Halier sv\u00e4t\u00e9ho Petra&#8221;).<\/p>\n\n\n\n<p>\u010eakujem v\u0161etk\u00fdm, ktor\u00ed ak\u00fdmko\u013evek sp\u00f4sobom prispeli k pr\u00edprave na sl\u00e1vnos\u0165 prv\u00e9ho sv\u00e4t\u00e9ho prij\u00edmania.<\/p>\n\n\n\n<p>S \u00factou, Pavol Gajdo\u0161, v\u00e1\u0161 far\u00e1r<\/p>\n\n\n\n<p><\/p>\n","protected":false},"excerpt":{"rendered":"<p>Pre\u010do si si vybral toto povolanie? Bav\u00ed ma to, r\u00e1d programujem, zauj\u00edma ma technika, at\u010f\u2026 Ale je jedno povolanie, kde odpove\u010f znie: &#8220;Ja som si ho nevybral, m\u0148a si vybral Boh.&#8221; M\u00e1 to v\u0161ak jeden h\u00e1\u010dik &#8211; treba Jeho hlas zachyti\u0165 a posl\u00fachnu\u0165!<\/p>\n","protected":false},"author":7,"featured_media":8345,"comment_status":"closed","ping_status":"closed","sticky":false,"template":"","format":"standard","meta":{"footnotes":""},"categories":[13],"tags":[],"class_list":{"0":"entry","1":"post","2":"publish","3":"author-slado89gmail-com","4":"has-more-link","5":"post-8344","7":"format-standard","8":"has-post-thumbnail","9":"category-oznamy"},"_links":{"self":[{"href":"https:\/\/www.farakostolna.sk\/index.php?rest_route=\/wp\/v2\/posts\/8344","targetHints":{"allow":["GET"]}}],"collection":[{"href":"https:\/\/www.farakostolna.sk\/index.php?rest_route=\/wp\/v2\/posts"}],"about":[{"href":"https:\/\/www.farakostolna.sk\/index.php?rest_route=\/wp\/v2\/types\/post"}],"author":[{"embeddable":true,"href":"https:\/\/www.farakostolna.sk\/index.php?rest_route=\/wp\/v2\/users\/7"}],"replies":[{"embeddable":true,"href":"https:\/\/www.farakostolna.sk\/index.php?rest_route=%2Fwp%2Fv2%2Fcomments&post=8344"}],"version-history":[{"count":0,"href":"https:\/\/www.farakostolna.sk\/index.php?rest_route=\/wp\/v2\/posts\/8344\/revisions"}],"wp:featuredmedia":[{"embeddable":true,"href":"https:\/\/www.farakostolna.sk\/index.php?rest_route=\/"}],"wp:attachment":[{"href":"https:\/\/www.farakostolna.sk\/index.php?rest_route=%2Fwp%2Fv2%2Fmedia&parent=8344"}],"wp:term":[{"taxonomy":"category","embeddable":true,"href":"https:\/\/www.farakostolna.sk\/index.php?rest_route=%2Fwp%2Fv2%2Fcategories&post=8344"},{"taxonomy":"post_tag","embeddable":true,"href":"https:\/\/www.farakostolna.sk\/index.php?rest_route=%2Fwp%2Fv2%2Ftags&post=8344"}],"curies":[{"name":"wp","href":"https:\/\/api.w.org\/{rel}","templated":true}]}}