{"id":8334,"date":"2023-06-09T21:50:37","date_gmt":"2023-06-09T21:50:37","guid":{"rendered":"https:\/\/www.farakostolna.sk\/?p=8334"},"modified":"2023-06-09T21:50:37","modified_gmt":"2023-06-09T21:50:37","slug":"farske-oznamy-a-zamyslenie-11-06-2023","status":"publish","type":"post","link":"https:\/\/www.farakostolna.sk\/?p=8334","title":{"rendered":"Farsk\u00e9 oznamy a zamyslenie (11.06.2023)"},"content":{"rendered":"<div class=\"wp-block-image\">\n<figure class=\"aligncenter size-full is-resized\"><img loading=\"lazy\" decoding=\"async\" src=\"https:\/\/www.farakostolna.sk\/wp-content\/uploads\/2023\/06\/WhatsApp-Image-2023-06-09-at-23.36.39.jpg\" alt=\"\" class=\"wp-image-8335\" width=\"748\" height=\"498\"\/><\/figure>\n<\/div>\n\n\n<p><\/p>\n\n\n\n<p>Pre\u010do sa Je\u017ei\u0161 stret\u00e1val s hrie\u0161nikmi? Pre\u010do k\u0148az rob\u00ed to a nerob\u00ed toto? Pre\u010do\u2026? Pri\u0161iel vola\u0165 hrie\u0161nikov. Koho oslovujeme my? Nevyber\u00e1me si iba t\u00fdch &#8220;spravodliv\u00fdch&#8221;?<\/p>\n\n\n<p><!--more--><\/p>\n\n\n<p><strong>Sv\u00e4t\u00e9 om\u0161e u n\u00e1s:<\/strong><\/p>\n\n\n\n<p><strong>sobota \u2013 10. j\u00fana (s nede\u013enou platnos\u0165ou)<\/strong><\/p>\n\n\n\n<ul class=\"wp-block-list\">\n<li><strong>17:00 \u2013 Hrub\u00e1 Bor\u0161a (slov.\/ma\u010f.)<\/strong><\/li>\n\n\n\n<li><strong>18:00 \u2013 Kostoln\u00e1 (slov.)<\/strong><\/li>\n<\/ul>\n\n\n\n<p><strong>nede\u013ea \u2013 11. j\u00fana<\/strong><\/p>\n\n\n\n<ul class=\"wp-block-list\">\n<li><strong>8:00 \u2013 Hrub\u00fd \u0160\u00far (ma\u010f.)<\/strong><\/li>\n\n\n\n<li><strong>9:30 \u2013 Kostoln\u00e1 (ma\u010f.)<\/strong><\/li>\n\n\n\n<li><strong>11:00 \u2013 Kostoln\u00e1 (slov.)<\/strong><\/li>\n<\/ul>\n\n\n\n<p><strong>V pr\u00edpade priazniv\u00e9ho po\u010dasia bude v t\u00fato nede\u013eu celofarsk\u00e1 procesia so Sviatos\u0165ou Olt\u00e1rnou okolo farsk\u00e9ho kostola medzi 10:15 a\u017e 11:00. Pros\u00edm, pr\u00ed\u010fte teda sk\u00f4r a akt\u00edvne sa z\u00fa\u010dastnime tejto kr\u00e1snej sl\u00e1vnosti.<\/strong><\/p>\n\n\n\n<p>Tento t\u00fd\u017ede\u0148 bude ador\u00e1cia v Kostolnej v utorok, stredu, \u0161tvrtok a piatok v\u017edy od 17:00 do 18:00.<\/p>\n\n\n\n<p>Tento t\u00fd\u017ede\u0148 sviatos\u0165 zmierenia pon\u00fakam v utorok a vo \u0161tvrtok od 17:00 do 18:00 v Kostolnej. Prvoprij\u00edmaj\u00face deti budeme spoveda\u0165 v sobotu od 9:00 do 10:00. Povzbudzujem aj rodi\u010dov a pr\u00edbuzn\u00fdch!<\/p>\n\n\n\n<p>V stredu bude sv\u00e4t\u00e1 om\u0161a v Kostolnej o 18:00 so zrete\u013eom na deti v ma\u010farskom jazyku.<\/p>\n\n\n\n<p>V mesiaci j\u00fan poz\u00fdvame v\u0161etky usilovn\u00e9 a n\u00e1bo\u017en\u00e9 deti zapoji\u0165 sa do aktivity, ktorou bude zbiera\u0165 \u010derven\u00e9 srdie\u010dka. Dostanete ich po ka\u017edej sv\u00e4tej om\u0161i, taktie\u017e za \u00fa\u010das\u0165 na adoracii (aspo\u0148 5-10 min\u00fat) a po sv\u00e4tej spovedi. Vyzbieran\u00e9 srdie\u010dka potom odovzd\u00e1te v podp\u00edsanej ob\u00e1lke na \u010fakovnej om\u0161i na konci \u0161kolsk\u00e9ho roka. Desiati z v\u00e1s, ktor\u00ed nazbierate najviac srdie\u010dok, z\u00edskaj\u00fa hodnotn\u00fa odmenu!<\/p>\n\n\n\n<p>O necel\u00fd mesiac &#8211; <strong>v nede\u013eu poobede 2. j\u00fala &#8211; pripravujeme v Kostolnej spolo\u010dn\u00fd Farsk\u00fd de\u0148<\/strong>. U\u017e teraz sa na V\u00c1S te\u0161\u00edme!<\/p>\n\n\n\n<p>S \u00factou, <br>Pavol Gajdo\u0161, v\u00e1\u0161 far\u00e1r<\/p>\n","protected":false},"excerpt":{"rendered":"<p>Pre\u010do sa Je\u017ei\u0161 stret\u00e1val s hrie\u0161nikmi? Pre\u010do k\u0148az rob\u00ed to a nerob\u00ed toto? Pre\u010do\u2026? Pri\u0161iel vola\u0165 hrie\u0161nikov. Koho oslovujeme my? Nevyber\u00e1me si iba t\u00fdch &#8220;spravodliv\u00fdch&#8221;?<\/p>\n","protected":false},"author":7,"featured_media":8335,"comment_status":"closed","ping_status":"closed","sticky":false,"template":"","format":"standard","meta":{"footnotes":""},"categories":[13],"tags":[],"class_list":{"0":"entry","1":"post","2":"publish","3":"author-slado89gmail-com","4":"has-more-link","5":"post-8334","7":"format-standard","8":"has-post-thumbnail","9":"category-oznamy"},"_links":{"self":[{"href":"https:\/\/www.farakostolna.sk\/index.php?rest_route=\/wp\/v2\/posts\/8334","targetHints":{"allow":["GET"]}}],"collection":[{"href":"https:\/\/www.farakostolna.sk\/index.php?rest_route=\/wp\/v2\/posts"}],"about":[{"href":"https:\/\/www.farakostolna.sk\/index.php?rest_route=\/wp\/v2\/types\/post"}],"author":[{"embeddable":true,"href":"https:\/\/www.farakostolna.sk\/index.php?rest_route=\/wp\/v2\/users\/7"}],"replies":[{"embeddable":true,"href":"https:\/\/www.farakostolna.sk\/index.php?rest_route=%2Fwp%2Fv2%2Fcomments&post=8334"}],"version-history":[{"count":0,"href":"https:\/\/www.farakostolna.sk\/index.php?rest_route=\/wp\/v2\/posts\/8334\/revisions"}],"wp:featuredmedia":[{"embeddable":true,"href":"https:\/\/www.farakostolna.sk\/index.php?rest_route=\/"}],"wp:attachment":[{"href":"https:\/\/www.farakostolna.sk\/index.php?rest_route=%2Fwp%2Fv2%2Fmedia&parent=8334"}],"wp:term":[{"taxonomy":"category","embeddable":true,"href":"https:\/\/www.farakostolna.sk\/index.php?rest_route=%2Fwp%2Fv2%2Fcategories&post=8334"},{"taxonomy":"post_tag","embeddable":true,"href":"https:\/\/www.farakostolna.sk\/index.php?rest_route=%2Fwp%2Fv2%2Ftags&post=8334"}],"curies":[{"name":"wp","href":"https:\/\/api.w.org\/{rel}","templated":true}]}}