{"id":8324,"date":"2023-06-02T22:13:50","date_gmt":"2023-06-02T22:13:50","guid":{"rendered":"https:\/\/www.farakostolna.sk\/?p=8324"},"modified":"2023-06-02T22:13:50","modified_gmt":"2023-06-02T22:13:50","slug":"farske-oznamy-a-zamyslenie-04-06-2023","status":"publish","type":"post","link":"https:\/\/www.farakostolna.sk\/?p=8324","title":{"rendered":"Farsk\u00e9 oznamy a zamyslenie (04.06.2023)"},"content":{"rendered":"<div class=\"wp-block-image\">\n<figure class=\"aligncenter size-large\"><img decoding=\"async\" src=\"https:\/\/www.farakostolna.sk\/wp-content\/uploads\/2023\/06\/WhatsApp-Image-2023-06-02-at-23.26.07-1024x710.jpg\" alt=\"\" class=\"wp-image-8325\"\/><\/figure>\n<\/div>\n\n\n<p><\/p>\n\n\n\n<p>Veda n\u00e1m odpoved\u00e1 na mnoh\u00e9 ot\u00e1zky, ale na jednu nem\u00e1 odpove\u010f: &#8220;Pre\u010do?&#8221; Toto tajomstvo odha\u013euje pr\u00e1ve dne\u0161n\u00e9 evanjelium &#8211; Boh tak miloval svet\u2026 Teda l\u00e1ska je t\u00fdm k\u013e\u00fa\u010dom. \u010co vedie n\u00e1s? Je to tie\u017e l\u00e1ska alebo ?<\/p>\n\n\n<p><!--more--><\/p>\n\n\n<p><strong>Sv\u00e4t\u00e9 om\u0161e u n\u00e1s:<\/strong><\/p>\n\n\n\n<p><strong>sobota \u2013 3. j\u00fana (s nede\u013enou platnos\u0165ou)<\/strong><\/p>\n\n\n\n<ul class=\"wp-block-list\">\n<li><strong>17:00 \u2013 Hrub\u00e1 Bor\u0161a (slov.\/ma\u010f.)<\/strong><\/li>\n\n\n\n<li><strong>18:00 \u2013 Kostoln\u00e1 (slov.)<\/strong><\/li>\n<\/ul>\n\n\n\n<p><strong>nede\u013ea \u2013 4. j\u00fana<\/strong><\/p>\n\n\n\n<ul class=\"wp-block-list\">\n<li><strong>8:00 \u2013 Hrub\u00fd \u0160\u00far (ma\u010f.\/slov.)<\/strong><\/li>\n\n\n\n<li><strong>9:30 \u2013 Kostoln\u00e1 (ma\u010f.)<\/strong><\/li>\n\n\n\n<li><strong>11:00 \u2013 Kostoln\u00e1 (slov.)<\/strong><\/li>\n<\/ul>\n\n\n\n<p><strong>V t\u00fato nede\u013eu s\u00fa v Hrubom \u0160\u00fare hody, sv\u00e4t\u00e1 om\u0161a preto bude o 8:00 dvojjazy\u010dne, ma\u010farsko-slovensky.<\/strong><\/p>\n\n\n\n<p>O 11:00 bude v Kostolnej sv\u00e4t\u00e1 om\u0161a tzv. &#8220;rodinn\u00e1&#8221;, poz\u00fdvame osobitne deti s rodi\u010dmi.<\/p>\n\n\n\n<p><strong>V t\u00fato nede\u013eu poobede o 15:00 bud\u00fa v Malom \u0160\u00fare pri Troji\u010dnom st\u013ape lit\u00e1nie. Po nich poz\u00fdvam v\u0161etk\u00fdch na poh\u00e1rik dobr\u00e9ho v\u00ednka.<\/strong><\/p>\n\n\n\n<p>Tento t\u00fd\u017ede\u0148 bude ador\u00e1cia v Kostolnej v utorok, stredu a piatok v\u017edy od 17:00 do 18:00.<\/p>\n\n\n\n<p>Tento t\u00fd\u017ede\u0148 sviatos\u0165 zmierenia pon\u00fakam len v piatok od 17:00 do 18:00 v Kostolnej.<\/p>\n\n\n\n<p>V utorok od 15:00 do 18:00 budem presk\u00fa\u0161ava\u0165 deti k prv\u00e9mu sv\u00e4t\u00e9mu prij\u00edmaniu v slovenskom jazyku.<\/p>\n\n\n\n<p>V stredu bude sv\u00e4t\u00e1 om\u0161a v Kostolnej o 18:00 so zrete\u013eom na deti v slovenskom jazyku.<\/p>\n\n\n\n<p><strong>Vo \u0161tvrtok m\u00e1me cirkevne prik\u00e1zan\u00fd sviatok Najsv\u00e4tej\u0161ieho Tela a Krvi &#8211; \u013eudovo naz\u00fdvan\u00e9ho aj sviatok &#8220;Bo\u017eieho Tela&#8221;. Sv\u00e4t\u00e9 om\u0161e bud\u00fa nasledovne:<\/strong><\/p>\n\n\n\n<p><strong>v stredu 7. j\u00fana (s platnos\u0165ou zo sviatku)<\/strong><\/p>\n\n\n\n<ul class=\"wp-block-list\">\n<li><strong>17:00 \u2013 Hrub\u00e1 Bor\u0161a (slov.\/ma\u010f.)<\/strong><\/li>\n\n\n\n<li><strong>18:00 \u2013 Kostoln\u00e1 (slov.)<\/strong><\/li>\n<\/ul>\n\n\n\n<p><strong>\u0161tvrtok \u2013 8. j\u00fana<\/strong><\/p>\n\n\n\n<ul class=\"wp-block-list\">\n<li><strong>17:00 \u2013 Kostoln\u00e1 (ma\u010f.)<\/strong><\/li>\n\n\n\n<li><strong>18:00 \u2013 Kostoln\u00e1 (slov.)<\/strong><\/li>\n\n\n\n<li><strong>19:00 \u2013 Hrub\u00fd \u0160\u00far (ma\u010f.)<\/strong><\/li>\n<\/ul>\n\n\n\n<p><strong>Celofarsk\u00e1 procesia bude o t\u00fd\u017ede\u0148 v nede\u013eu v Kostolnej medzi dvoma sv\u00e4t\u00fdmi om\u0161ami od 10:15 do 11:00. Pros\u00edm v\u0161etk\u00fdch o akt\u00edvnu \u00fa\u010das\u0165 a pomoc pri pr\u00edprave.<\/strong><\/p>\n\n\n\n<p><strong>V Hrubom \u0160\u00fare bude procesia u\u017e aj tento \u0161tvrtok od 19:45 &#8211; 20:30.<\/strong><\/p>\n\n\n\n<p>V mesiaci j\u00fan poz\u00fdvame v\u0161etky usilovn\u00e9 a n\u00e1bo\u017en\u00e9 deti zapoji\u0165 sa do aktivity, ktorou bude zbiera\u0165 \u010derven\u00e9 srdie\u010dka. Dostanete ich po ka\u017edej sv\u00e4tej om\u0161i, taktie\u017e za \u00fa\u010das\u0165 na ador\u00e1cii (aspo\u0148 5-10 min\u00fat) a po sv\u00e4tej spovedi. Vyzbieran\u00e9 srdie\u010dka potom odovzd\u00e1te v podp\u00edsanej ob\u00e1lke na \u010fakovnej om\u0161i na konci \u0161kolsk\u00e9ho roka. Desiati z v\u00e1s, ktor\u00ed nazbierate najviac srdie\u010dok, z\u00edskaj\u00fa hodnotn\u00fa odmenu!<\/p>\n\n\n\n<p>O mesiac &#8211; <strong>v nede\u013eu poobede 2. j\u00fala<\/strong> &#8211; pripravujeme <strong>v Kostolnej spolo\u010dn\u00fd Farsk\u00fd de\u0148.<\/strong> U\u017e teraz sa na V\u00c1S te\u0161\u00edme! Bli\u017e\u0161ie info \u010doskoro.<\/p>\n\n\n\n<p>Minulot\u00fd\u017ed\u0148ov\u00e1 pravideln\u00e1 mesa\u010dn\u00e1 zbierka na opravu farsk\u00e9ho kostola a prev\u00e1dzkov\u00e9 n\u00e1klady farnosti vyniesla v Kostolnej 899,29 \u20ac, v Hrubej Bor\u0161i 93,50 \u20ac a v Hrubom \u0160\u00fare na prev\u00e1dzkov\u00e9 n\u00e1klady farnosti a \u0161\u00farskej kaplnky 150 \u20ac. Ve\u013ek\u00e1 v\u010faka.<\/p>\n\n\n\n<p>S \u00factou, <br>Pavol Gajdo\u0161, v\u00e1\u0161 far\u00e1r<\/p>\n","protected":false},"excerpt":{"rendered":"<p>Veda n\u00e1m odpoved\u00e1 na mnoh\u00e9 ot\u00e1zky, ale na jednu nem\u00e1 odpove\u010f: &#8220;Pre\u010do?&#8221; Toto tajomstvo odha\u013euje pr\u00e1ve dne\u0161n\u00e9 evanjelium &#8211; Boh tak miloval svet\u2026 Teda l\u00e1ska je t\u00fdm k\u013e\u00fa\u010dom. \u010co vedie n\u00e1s? Je to tie\u017e l\u00e1ska alebo ?<\/p>\n","protected":false},"author":7,"featured_media":8325,"comment_status":"closed","ping_status":"closed","sticky":false,"template":"","format":"standard","meta":{"footnotes":""},"categories":[13],"tags":[],"class_list":{"0":"entry","1":"post","2":"publish","3":"author-slado89gmail-com","4":"has-more-link","5":"post-8324","7":"format-standard","8":"has-post-thumbnail","9":"category-oznamy"},"_links":{"self":[{"href":"https:\/\/www.farakostolna.sk\/index.php?rest_route=\/wp\/v2\/posts\/8324","targetHints":{"allow":["GET"]}}],"collection":[{"href":"https:\/\/www.farakostolna.sk\/index.php?rest_route=\/wp\/v2\/posts"}],"about":[{"href":"https:\/\/www.farakostolna.sk\/index.php?rest_route=\/wp\/v2\/types\/post"}],"author":[{"embeddable":true,"href":"https:\/\/www.farakostolna.sk\/index.php?rest_route=\/wp\/v2\/users\/7"}],"replies":[{"embeddable":true,"href":"https:\/\/www.farakostolna.sk\/index.php?rest_route=%2Fwp%2Fv2%2Fcomments&post=8324"}],"version-history":[{"count":0,"href":"https:\/\/www.farakostolna.sk\/index.php?rest_route=\/wp\/v2\/posts\/8324\/revisions"}],"wp:featuredmedia":[{"embeddable":true,"href":"https:\/\/www.farakostolna.sk\/index.php?rest_route=\/"}],"wp:attachment":[{"href":"https:\/\/www.farakostolna.sk\/index.php?rest_route=%2Fwp%2Fv2%2Fmedia&parent=8324"}],"wp:term":[{"taxonomy":"category","embeddable":true,"href":"https:\/\/www.farakostolna.sk\/index.php?rest_route=%2Fwp%2Fv2%2Fcategories&post=8324"},{"taxonomy":"post_tag","embeddable":true,"href":"https:\/\/www.farakostolna.sk\/index.php?rest_route=%2Fwp%2Fv2%2Ftags&post=8324"}],"curies":[{"name":"wp","href":"https:\/\/api.w.org\/{rel}","templated":true}]}}